{"id":37150,"date":"2026-04-26T13:47:06","date_gmt":"2026-04-26T13:47:06","guid":{"rendered":"https:\/\/acronoticias.com\/index.php\/2026\/04\/26\/secretarias-de-juntas-de-vecinos-de-mao-participan-en-un-taller-de-capacitacion\/"},"modified":"2026-04-26T13:47:06","modified_gmt":"2026-04-26T13:47:06","slug":"secretarias-de-juntas-de-vecinos-de-mao-participan-en-un-taller-de-capacitacion","status":"publish","type":"post","link":"https:\/\/acronoticias.com\/index.php\/2026\/04\/26\/secretarias-de-juntas-de-vecinos-de-mao-participan-en-un-taller-de-capacitacion\/","title":{"rendered":"Secretarias de Juntas de Vecinos de Mao participan en un taller de capacitaci\u00f3n"},"content":{"rendered":"<p><img loading=\"lazy\" decoding=\"async\" width=\"355\" height=\"200\" src=\"https:\/\/nuevodiario-assets.s3.us-east-2.amazonaws.com\/wp-content\/uploads\/2026\/04\/Secretarias-de-las-Juntas-de-Vecinos-del-municipio-de-Mao-Foto-Angel-B-Almonte-1-355x200.jpeg\" class=\"webfeedsFeaturedVisual not-transparent wp-post-image\" alt=\"\" style=\"--dominant-color: #848072;margin-bottom: 5px;clear:both;max-width: 100%\" data-has-transparency=\"false\" data-dominant-color=\"848072\" \/><\/p>\n<p>EL NUEVO DIARIO, VALVERDE.- Las secretarias de las Juntas de Vecinos del municipio de Mao, participaron en un curso-taller de capacitaci\u00f3n, dise\u00f1ado espec\u00edficamente para ellas, con el objetivo de mejorar su formaci\u00f3n.<\/p>\n<p>El taller fue impartido por Jacqueline Fern\u00e1ndez, directora ejecutiva del Instituto para el Desarrollo del Noroeste (Indenor), quien aport\u00f3 su experiencia t\u00e9cnica en gesti\u00f3n documental y quien dijo que el objetivo principal fue estandarizar y mejorar el manejo de la documentaci\u00f3n oficial dentro de estas organizaciones comunitarias.<\/p>\n<p>En la actividad participaron mas de 35 secretarias de Juntas de Vecinos y otros representantes de diversos sectores de Mao, el tema central fue el manejo de actas y redacci\u00f3n de correspondencias oficiales.<\/p>\n<figure id=\"attachment_3097437\" aria-describedby=\"caption-attachment-3097437\" style=\"width: 1599px\" class=\"wp-caption alignnone\"><img loading=\"lazy\" decoding=\"async\" data-recalc-dims=\"1\" data-dominant-color=\"9a908a\" data-has-transparency=\"false\" style=\"--dominant-color: #9a908a\" class=\"size-full wp-image-3097437 not-transparent\" src=\"https:\/\/i0.wp.com\/nuevodiario-assets.s3.us-east-2.amazonaws.com\/wp-content\/uploads\/2026\/04\/Secretarias-de-las-Juntas-de-Vecinos-del-municipio-de-Mao-Foto-Angel-B-Almonte-2.jpeg?resize=640%2C360&#038;quality=100&#038;ssl=1\" alt=\"\" width=\"640\" height=\"360\" \/><figcaption id=\"caption-attachment-3097437\" class=\"wp-caption-text\"><strong>Secretarias de las Juntas de Vecinos del municipio de Mao (Foto: \u00c1ngel B Almonte)<\/strong><\/figcaption><\/figure>\n<p>El \u00e9xito de esta jornada fue posible gracias a la coordinaci\u00f3n de diversos actores sociales y gubernamentales. Entre los asistentes figuran: Rossanna Taveras, coordinadora de Comunidad Segura e Indenor y el grupo Social Comunitario Cruzocoma, colaboradores clave en la convocatoria comunitaria.<\/p>\n<p>Se persigue con el curso-taller, fortalecer las competencias t\u00e9cnicas de las secretarias de las juntas de vecinos es, en \u00faltima instancia, fortalecer la organizaci\u00f3n y la transparencia de las comunidades de la provincia Valverde.<\/p>\n<p>\u00abLa correcta redacci\u00f3n de un acta no es solo un tr\u00e1mite administrativo; es la garant\u00eda jur\u00eddica de los acuerdos que toma una comunidad\u00bb, destac\u00f3 la entidad.<\/p>\n<p>Al capacitar a estas 35 mujeres, se asegura que las decisiones de las juntas de vecinos queden debidamente registradas y tengan la validez necesaria ante instituciones p\u00fablicas y privadas.<\/p>\n<p>ADDP\/<\/p>\n<p>La entrada <a href=\"https:\/\/elnuevodiario.com.do\/secretarias-de-juntas-de-vecinos-de-mao-participan-en-un-taller-de-capacitacion\/\">Secretarias de Juntas de Vecinos de Mao participan en un taller de capacitaci\u00f3n<\/a> se public\u00f3 primero en <a href=\"https:\/\/elnuevodiario.com.do\">El Nuevo Diario (Rep\u00fablica Dominicana)<\/a>.<\/p>\n","protected":false},"excerpt":{"rendered":"<p>EL NUEVO DIARIO, VALVERDE.- Las secretarias de las Juntas de Vecinos del municipio de Mao, participaron en un curso-taller de capacitaci\u00f3n, dise\u00f1ado espec\u00edficamente para ellas, con el objetivo de mejorar su formaci\u00f3n. El taller fue impartido por Jacqueline Fern\u00e1ndez, directora ejecutiva del Instituto para el Desarrollo del Noroeste (Indenor), quien aport\u00f3 su experiencia t\u00e9cnica en<\/p>\n","protected":false},"author":1,"featured_media":37151,"comment_status":"open","ping_status":"open","sticky":false,"template":"","format":"standard","meta":{"footnotes":""},"categories":[1],"tags":[],"class_list":["post-37150","post","type-post","status-publish","format-standard","has-post-thumbnail","hentry","category-nacionales"],"_links":{"self":[{"href":"https:\/\/acronoticias.com\/index.php\/wp-json\/wp\/v2\/posts\/37150","targetHints":{"allow":["GET"]}}],"collection":[{"href":"https:\/\/acronoticias.com\/index.php\/wp-json\/wp\/v2\/posts"}],"about":[{"href":"https:\/\/acronoticias.com\/index.php\/wp-json\/wp\/v2\/types\/post"}],"author":[{"embeddable":true,"href":"https:\/\/acronoticias.com\/index.php\/wp-json\/wp\/v2\/users\/1"}],"replies":[{"embeddable":true,"href":"https:\/\/acronoticias.com\/index.php\/wp-json\/wp\/v2\/comments?post=37150"}],"version-history":[{"count":0,"href":"https:\/\/acronoticias.com\/index.php\/wp-json\/wp\/v2\/posts\/37150\/revisions"}],"wp:featuredmedia":[{"embeddable":true,"href":"https:\/\/acronoticias.com\/index.php\/wp-json\/wp\/v2\/media\/37151"}],"wp:attachment":[{"href":"https:\/\/acronoticias.com\/index.php\/wp-json\/wp\/v2\/media?parent=37150"}],"wp:term":[{"taxonomy":"category","embeddable":true,"href":"https:\/\/acronoticias.com\/index.php\/wp-json\/wp\/v2\/categories?post=37150"},{"taxonomy":"post_tag","embeddable":true,"href":"https:\/\/acronoticias.com\/index.php\/wp-json\/wp\/v2\/tags?post=37150"}],"curies":[{"name":"wp","href":"https:\/\/api.w.org\/{rel}","templated":true}]}}