{"id":37139,"date":"2026-04-26T12:40:34","date_gmt":"2026-04-26T12:40:34","guid":{"rendered":"https:\/\/acronoticias.com\/index.php\/2026\/04\/26\/lideres-llaman-a-rechazar-la-violencia-politica\/"},"modified":"2026-04-26T12:40:34","modified_gmt":"2026-04-26T12:40:34","slug":"lideres-llaman-a-rechazar-la-violencia-politica","status":"publish","type":"post","link":"https:\/\/acronoticias.com\/index.php\/2026\/04\/26\/lideres-llaman-a-rechazar-la-violencia-politica\/","title":{"rendered":"l\u00edderes llaman a rechazar la violencia pol\u00edtica"},"content":{"rendered":"<div>\n<div class=\"c-detail__author full\">\n<div>\n<div class=\"c-detail__author__thumb\">\n<figure>\n                                <picture src=\"https:\/\/imagenes.hoy.com.do\/files\/image_square_xs\/uploads\/2025\/11\/18\/691c7d5bed035.jpeg\" data-size=\"w:40,h:40\">\n                                    <img decoding=\"async\" loading=\"lazy\" alt=\"EFE EFE\" width=\"40\" height=\"40\" src=\"https:\/\/imagenes.hoy.com.do\/files\/image_square_xs\/uploads\/2025\/11\/18\/691c7d5bed035.jpeg\"\/>\n                                <\/picture>\n                                <\/figure>\n<\/div>\n<\/div>\n<\/div>\n<p>                                                                                            <!-- --><\/p>\n<p class=\"paragraph\">\u00a0Pa\u00edses de todo el mundo condenaron de manera un\u00e1nime, en mensajes de conmoci\u00f3n y alivio, el incidente ocurrido anoche durante la cena anual de la <b>Asociaci\u00f3n de Corresponsales de la Casa Blanca, a la que asist\u00edan el presidente estadounidense, Donald Trump, y altos miembros del gobierno.<\/b><\/p>\n<p class=\"paragraph\">Incluso desde la oposici\u00f3n estadounidense, voces como la de la exl\u00edder dem\u00f3crata estadounidense Nancy Pelosi condenaron &#8220;el aterrador acto de violencia&#8221;, mostrando &#8220;un gran alivio&#8221; porque &#8220;el presidente, la primera dama y todas las personas presentes en la Cena de los Corresponsales de la Casa Blanca est\u00e9n a salvo&#8221;.<\/p>\n<p class=\"paragraph\">Tambi\u00e9n el alcalde de Nueva York, el dem\u00f3crata Zohran Mamdani, rechaz\u00f3 la &#8220;violencia pol\u00edtica&#8221;.<\/p>\n<p class=\"paragraph\">Estas son algunas de las reacciones de los gobiernos de todo el mundo:<\/p>\n<p class=\"paragraph\">&#8211; UE: La alta representante de Exteriores de la UE, Kaja Kallas, celebr\u00f3 que Trump estuviera a salvo y conden\u00f3 lo sucedido: &#8220;la violencia pol\u00edtica no tiene cabida en una democracia&#8221;. La presidenta de la Comisi\u00f3n Europea, Ursula von der Leyen, agradeci\u00f3 adem\u00e1s &#8220;la r\u00e1pida intervenci\u00f3n de la polic\u00eda y los servicios de emergencia por garantizar la seguridad de los hu\u00e9spedes&#8221;, y el presidente del Consejo Europeo, Ant\u00f3nio Costa, calific\u00f3 el incidente de &#8220;profundamente preocupante&#8221;.<\/p>\n<div class=\"c-detail__box \">\n<article class=\"c-detail__sumario \">\n<figure class=\"c-detail__sumario__thumb\" style=\"display: block;\">\n            <a href=\"#\" title=\"\">\n                <picture data-size=\"w:140,h:140\" loading=\"lazy\" src=\"https:\/\/imagenes.hoy.com.do\/files\/related_image\/uploads\/2026\/04\/13\/69dd02e570720.jpeg\" data-full-src=\"https:\/\/imagenes.hoy.com.do\/uploads\/2026\/04\/13\/69dd02e570720.jpeg\">\n                    <img loading=\"lazy\" decoding=\"async\" width=\"140\" height=\"140\" alt=\"Luis Abinader en rueda de prensa\" src=\"https:\/\/imagenes.hoy.com.do\/uploads\/2026\/04\/13\/69dd02e570720.jpeg\"\/>\n                <\/picture>\n            <\/a><br \/>\n        <\/figure>\n<\/article>\n<\/div>\n<p class=\"paragraph\">&#8211; Espa\u00f1a: El presidente del Gobierno Pedro S\u00e1nchez, conden\u00f3 y se\u00f1al\u00f3 en X que &#8220;la violencia nunca es el camino&#8221;: &#8220;La humanidad solo avanzar\u00e1 a trav\u00e9s de la democracia, la convivencia y la paz&#8221;.<\/p>\n<p class=\"paragraph\">&#8211; Francia: El presidente Emmanuel Macron se\u00f1al\u00f3 que &#8220;el ataque armado de anoche contra el presidente de los Estados Unidos es inaceptable. La violencia no tiene nunca cabida en democracia&#8221;.<\/p>\n<p class=\"paragraph\">&#8211; Reino Unido: El primer ministro Keir Starmer se mostr\u00f3 conmocionado y aliviado: &#8220;Cualquier ataque contra las instituciones democr\u00e1ticas o contra la libertad de prensa debe ser condenado en los t\u00e9rminos m\u00e1s en\u00e9rgicos posibles&#8221;.<\/p>\n<p class=\"paragraph\">&#8211; Italia: La primera ministra Giorgia Meloni advirti\u00f3: &#8220;Ning\u00fan odio pol\u00edtico puede encontrar espacio en nuestras democracias. No permitiremos al fanatismo envenenar los lugares del libre debate y de la informaci\u00f3n&#8221;.<\/p>\n<p class=\"paragraph\">&#8211; Alemania: El canciller alem\u00e1n, Friedrich Merz, asegur\u00f3 que &#8220;la violencia no tiene lugar en una democracia. Decidimos por mayor\u00eda, no por armas&#8221;.<\/p>\n<p class=\"paragraph\">&#8211; Portugal: El primer ministro Lu\u00eds Montenegro conden\u00f3 &#8220;en\u00e9rgicamente&#8221; el tiroteo y agreg\u00f3: &#8220;la democracia y quienes la defienden no pueden tolerar ni transigir con la violencia pol\u00edtica&#8221;.<\/p>\n<p class=\"paragraph\">&#8211; Hungr\u00eda: El primer ministro saliente Viktor Orban, clam\u00f3: &#8220;\u00a1No hay lugar para la violencia en la pol\u00edtica!&#8221;.<\/p>\n<p class=\"paragraph\">&#8211; Canad\u00e1: El primer ministro Mark Carney se mostr\u00f3 &#8220;aliviado&#8221; y declar\u00f3: La violencia pol\u00edtica no tiene lugar en ninguna democracia y mis pensamientos est\u00e1n con aquellos que han sido afectados por este preocupante incidente&#8221;.<\/p>\n<p class=\"paragraph\">&#8211; Argentina: El presidente Javier Milei calific\u00f3 el incidente de un &#8220;nuevo intento de asesinato&#8221; contra Trump y conden\u00f3 &#8220;con vehemencia la ret\u00f3rica violenta de la izquierda en todas partes del mundo que promueven este tipo de ataques&#8221;.<\/p>\n<p class=\"paragraph\">&#8211; Venezuela: La presidenta encargada, Delcy Rodr\u00edguez, conden\u00f3 el &#8220;intento de agresi\u00f3n&#8221; contra Trump y su esposa y a\u00f1adi\u00f3 que la violencia &#8220;nunca ser\u00e1 una opci\u00f3n&#8221; para aquellos que defienden &#8220;las banderas de la paz&#8221;.<\/p>\n<p class=\"paragraph\">&#8211; M\u00e9xico: La presidenta, Claudia Sheinbaum, expres\u00f3 su respeto a Trump y Melania, y afirm\u00f3 que &#8220;la violencia no debe ser nunca el camino&#8221;.<\/p>\n<p class=\"paragraph\">&#8211;<b> Rep\u00fablica Dominicana:<\/b> El presidente, Luis Abinader, manifest\u00f3 en X: &#8220;Nos sentimos tan aliviados de que el presidente Trump, la primera dama y todos los dem\u00e1s invitados est\u00e9n a salvo despu\u00e9s de un cobarde ataque esta noche en Washington&#8221;.<\/p>\n<p class=\"paragraph\">&#8211; Bolivia: El presidente, Rodrigo Paz, rechaz\u00f3 &#8220;categ\u00f3ricamente todo acto de violencia, especialmente aquellos que atentan contra la integridad y la vida humana, venga de donde venga. Ninguna forma de violencia institucional o individual puede tener cabida en una sociedad democr\u00e1tica&#8221;.<\/p>\n<p class=\"paragraph\">&#8211; Per\u00fa: &#8220;El Gobierno del Per\u00fa expresa su m\u00e1s en\u00e9rgica condena ante el deplorable acto de violencia registrado esta noche en la ciudad de Washington&#8221;, se\u00f1al\u00f3 el Ministerio de Relaciones Exteriores.<\/p>\n<p class=\"paragraph\">&#8211; Israel: El primer ministro, Benjam\u00edn Netanyahu, dijo estar &#8220;impactado&#8221; por los hechos: &#8220;Sara y yo quedamos impactados por el intento de asesinato contra el presidente Donald Trump anoche en Washington D.C. Nos alivia saber que el presidente y la primera dama se encuentran bien y a salvo&#8221;.<\/p>\n<p class=\"paragraph\">&#8211; Emiratos \u00c1rabes Unidos: El ministerio de Exteriores calific\u00f3 de &#8220;crimen atroz&#8221; el tiroteo y conden\u00f3 todo acto de &#8220;extremismo y terrorismo&#8221;.<\/p>\n<p class=\"paragraph\">&#8211; Jap\u00f3n: La primera ministra, Sanae Takaichi, dijo que la violencia &#8220;no puede ser tolerada en ning\u00fan lugar del mundo&#8221; y se mostr\u00f3 aliviada.<\/p>\n<p class=\"paragraph\">&#8211; Pakist\u00e1n: El primer ministro, Shehbaz Sharif, dijo estar &#8220;profundamente conmocionado&#8221; y &#8220;aliviado de saber que el presidente Trump, la primera dama y otros asistentes est\u00e1n a salvo. Mis pensamientos y oraciones est\u00e1n con \u00e9l, y le deseo continua seguridad y bienestar&#8221;.<\/p>\n<div class=\"c-detail__box \">\n<article class=\"c-detail__sumario \">\n<figure class=\"c-detail__sumario__thumb\" style=\"display: block;\">\n            <a href=\"#\" title=\"\">\n                <picture data-size=\"w:140,h:140\" loading=\"lazy\" src=\"https:\/\/imagenes.hoy.com.do\/files\/related_image\/uploads\/2026\/04\/26\/69edf2a9deab7.jpeg\" data-full-src=\"https:\/\/imagenes.hoy.com.do\/uploads\/2026\/04\/26\/69edf2a9deab7.jpeg\">\n                    <img loading=\"lazy\" decoding=\"async\" width=\"140\" height=\"140\" alt=\"\" lobo=\"\" solitario=\"\" src=\"https:\/\/imagenes.hoy.com.do\/uploads\/2026\/04\/26\/69edf2a9deab7.jpeg\"\/>\n                <\/picture>\n            <\/a><br \/>\n        <\/figure>\n<\/article>\n<\/div><\/div>\n","protected":false},"excerpt":{"rendered":"<p>\u00a0Pa\u00edses de todo el mundo condenaron de manera un\u00e1nime, en mensajes de conmoci\u00f3n y alivio, el incidente ocurrido anoche durante la cena anual de la Asociaci\u00f3n de Corresponsales de la Casa Blanca, a la que asist\u00edan el presidente estadounidense, Donald Trump, y altos miembros del gobierno. Incluso desde la oposici\u00f3n estadounidense, voces como la de<\/p>\n","protected":false},"author":1,"featured_media":37140,"comment_status":"open","ping_status":"open","sticky":false,"template":"","format":"standard","meta":{"footnotes":""},"categories":[3],"tags":[],"class_list":["post-37139","post","type-post","status-publish","format-standard","has-post-thumbnail","hentry","category-internacionales"],"_links":{"self":[{"href":"https:\/\/acronoticias.com\/index.php\/wp-json\/wp\/v2\/posts\/37139","targetHints":{"allow":["GET"]}}],"collection":[{"href":"https:\/\/acronoticias.com\/index.php\/wp-json\/wp\/v2\/posts"}],"about":[{"href":"https:\/\/acronoticias.com\/index.php\/wp-json\/wp\/v2\/types\/post"}],"author":[{"embeddable":true,"href":"https:\/\/acronoticias.com\/index.php\/wp-json\/wp\/v2\/users\/1"}],"replies":[{"embeddable":true,"href":"https:\/\/acronoticias.com\/index.php\/wp-json\/wp\/v2\/comments?post=37139"}],"version-history":[{"count":0,"href":"https:\/\/acronoticias.com\/index.php\/wp-json\/wp\/v2\/posts\/37139\/revisions"}],"wp:featuredmedia":[{"embeddable":true,"href":"https:\/\/acronoticias.com\/index.php\/wp-json\/wp\/v2\/media\/37140"}],"wp:attachment":[{"href":"https:\/\/acronoticias.com\/index.php\/wp-json\/wp\/v2\/media?parent=37139"}],"wp:term":[{"taxonomy":"category","embeddable":true,"href":"https:\/\/acronoticias.com\/index.php\/wp-json\/wp\/v2\/categories?post=37139"},{"taxonomy":"post_tag","embeddable":true,"href":"https:\/\/acronoticias.com\/index.php\/wp-json\/wp\/v2\/tags?post=37139"}],"curies":[{"name":"wp","href":"https:\/\/api.w.org\/{rel}","templated":true}]}}