{"id":37135,"date":"2026-04-26T11:39:34","date_gmt":"2026-04-26T11:39:34","guid":{"rendered":"https:\/\/acronoticias.com\/index.php\/2026\/04\/26\/sube-a-14-el-numero-de-muertos-y-38-heridos-por-ataque-en-la-via-panamericana-en-colombia\/"},"modified":"2026-04-26T11:39:34","modified_gmt":"2026-04-26T11:39:34","slug":"sube-a-14-el-numero-de-muertos-y-38-heridos-por-ataque-en-la-via-panamericana-en-colombia","status":"publish","type":"post","link":"https:\/\/acronoticias.com\/index.php\/2026\/04\/26\/sube-a-14-el-numero-de-muertos-y-38-heridos-por-ataque-en-la-via-panamericana-en-colombia\/","title":{"rendered":"Sube a 14 el n\u00famero de muertos y 38 heridos por ataque en la V\u00eda Panamericana en Colombia"},"content":{"rendered":"<p><img decoding=\"async\" width=\"355\" height=\"200\" src=\"https:\/\/nuevodiario-assets.s3.us-east-2.amazonaws.com\/wp-content\/uploads\/2026\/04\/Sube-a-14-el-numero-de-muertos-y-38-heridos-por-ataque-en-la-Via-Panamericana-en-Colombia.jpg-355x200.jpeg\" class=\"webfeedsFeaturedVisual not-transparent wp-post-image\" alt=\"\" style=\"--dominant-color: #79605a;margin-bottom: 5px;clear:both;max-width: 100%\" loading=\"lazy\" data-has-transparency=\"false\" data-dominant-color=\"79605a\" \/><\/p>\n<p>COLOMBIA.- El n\u00famero de personas muertas por el ataque guerrillero de este s\u00e1bado con un cilindro bomba en la V\u00eda Panamericana, en el suroeste de Colombia, subi\u00f3 a 14, todos civiles, y el de heridos a 38, inform\u00f3 el gobernador del departamento del Cauca, Octavio Guzm\u00e1n.<\/p>\n<p>\u00abHasta el momento, reportamos 14 personas muertas y m\u00e1s de 38 personas heridas, entre ellas cinco menores de edad\u00bb, manifest\u00f3 en su cuenta de X el gobernador, quien inicialmente hab\u00eda informado de siete muertos y 17 heridos, con base en informaciones de la Secretar\u00eda de Salud del Cauca.<\/p>\n<p>El ataque fue perpetrado en un punto de la Panamericana llamado El T\u00fanel, en el municipio de Cajib\u00edo (Cauca), donde un cilindro lleno de explosivos lanzado por un grupo de las disidencias de las FARC, seg\u00fan el Ej\u00e9rcito, cay\u00f3 sobre un autob\u00fas y destruy\u00f3 tambi\u00e9n otros veh\u00edculos que circulaban por la carretera, as\u00ed como un tramo de la v\u00eda.<\/p>\n<p>\u00abEsta es una tragedia que enluta profundamente y llena de dolor a nuestro pueblo\u00bb, se\u00f1al\u00f3 el gobernador, quien afirm\u00f3 que la fuerza de la explosi\u00f3n caus\u00f3 tambi\u00e9n \u00abuna afectaci\u00f3n muy grave a la infraestructura vial del departamento, especialmente sobre la v\u00eda Panamericana\u00bb.<\/p>\n<p>Cajib\u00edo es un municipio situado a 35 kil\u00f3metros de Popay\u00e1n, capital del Cauca, a donde esta noche lleg\u00f3 el ministro de Defensa, Pedro S\u00e1nchez Su\u00e1rez, junto con la c\u00fapula militar y policial.<\/p>\n<p>El ministro lleg\u00f3 procedente de Cali, capital del vecino departamento del Valle del Cauca, donde ayer fueron atacadas tambi\u00e9n con cilindros llenos de explosivos dos batallones, sin causar v\u00edctimas.<\/p>\n<p>Seg\u00fan el Ministerio de Defensa, en una reuni\u00f3n en Popay\u00e1n las autoridades militares buscar\u00e1n \u00abdefinir acciones que permitan dar con el paradero de los criminales que han pretendido sembrar miedo y desestabilizar el suroccidente del pa\u00eds\u00bb.<\/p>\n<p>El Ej\u00e9rcito atribuy\u00f3 el atentado de hoy y los de ayer contra los batallones en Cali y Palmira a la columna Jaime Mart\u00ednez, que hace parte del Estado Mayor Central (EMC), la principal disidencia de las FARC, dirigida por N\u00e9stor Gregorio Vera, alias Iv\u00e1n Mordisco, el hombre m\u00e1s buscado de Colombia, por quien el Gobierno ofrece una millonaria recompensa.<\/p>\n<p>Al repudio por el ataque se sum\u00f3 la Oficina en Colombia del Alto Comisionado de Naciones Unidas para los Derechos Humanos, que conden\u00f3 \u00abenf\u00e1ticamente los ataques indiscriminados y otras acciones armadas en contra de la poblaci\u00f3n civil realizadas en estos \u00faltimos d\u00edas y horas en Cauca y Valle del Cauca\u00bb.<\/p>\n<p>\u00abReiteramos que los ataques indiscriminados est\u00e1n prohibidos por el Derecho Internacional Humanitario (DIH) y exhortamos a los actores armados no estatales a respetarlo incondicionalmente\u00bb, se\u00f1al\u00f3 la Oficina de la ONU, que adem\u00e1s pidi\u00f3 a las autoridades \u00abtomar medidas para cumplir con sus obligaciones para proteger a la poblaci\u00f3n y prevenir los hechos recurrentes de violencia\u00bb.<\/p>\n<p>La entrada <a href=\"https:\/\/elnuevodiario.com.do\/sube-a-14-el-numero-de-muertos-y-38-heridos-por-ataque-en-la-via-panamericana-en-colombia\/\">Sube a 14 el n\u00famero de muertos y 38 heridos por ataque en la V\u00eda Panamericana en Colombia<\/a> se public\u00f3 primero en <a href=\"https:\/\/elnuevodiario.com.do\">El Nuevo Diario (Rep\u00fablica Dominicana)<\/a>.<\/p>\n","protected":false},"excerpt":{"rendered":"<p>COLOMBIA.- El n\u00famero de personas muertas por el ataque guerrillero de este s\u00e1bado con un cilindro bomba en la V\u00eda Panamericana, en el suroeste de Colombia, subi\u00f3 a 14, todos civiles, y el de heridos a 38, inform\u00f3 el gobernador del departamento del Cauca, Octavio Guzm\u00e1n. \u00abHasta el momento, reportamos 14 personas muertas y m\u00e1s<\/p>\n","protected":false},"author":1,"featured_media":37136,"comment_status":"open","ping_status":"open","sticky":false,"template":"","format":"standard","meta":{"footnotes":""},"categories":[3],"tags":[],"class_list":["post-37135","post","type-post","status-publish","format-standard","has-post-thumbnail","hentry","category-internacionales"],"_links":{"self":[{"href":"https:\/\/acronoticias.com\/index.php\/wp-json\/wp\/v2\/posts\/37135","targetHints":{"allow":["GET"]}}],"collection":[{"href":"https:\/\/acronoticias.com\/index.php\/wp-json\/wp\/v2\/posts"}],"about":[{"href":"https:\/\/acronoticias.com\/index.php\/wp-json\/wp\/v2\/types\/post"}],"author":[{"embeddable":true,"href":"https:\/\/acronoticias.com\/index.php\/wp-json\/wp\/v2\/users\/1"}],"replies":[{"embeddable":true,"href":"https:\/\/acronoticias.com\/index.php\/wp-json\/wp\/v2\/comments?post=37135"}],"version-history":[{"count":0,"href":"https:\/\/acronoticias.com\/index.php\/wp-json\/wp\/v2\/posts\/37135\/revisions"}],"wp:featuredmedia":[{"embeddable":true,"href":"https:\/\/acronoticias.com\/index.php\/wp-json\/wp\/v2\/media\/37136"}],"wp:attachment":[{"href":"https:\/\/acronoticias.com\/index.php\/wp-json\/wp\/v2\/media?parent=37135"}],"wp:term":[{"taxonomy":"category","embeddable":true,"href":"https:\/\/acronoticias.com\/index.php\/wp-json\/wp\/v2\/categories?post=37135"},{"taxonomy":"post_tag","embeddable":true,"href":"https:\/\/acronoticias.com\/index.php\/wp-json\/wp\/v2\/tags?post=37135"}],"curies":[{"name":"wp","href":"https:\/\/api.w.org\/{rel}","templated":true}]}}