{"id":37118,"date":"2026-04-26T06:45:34","date_gmt":"2026-04-26T06:45:34","guid":{"rendered":"https:\/\/acronoticias.com\/index.php\/2026\/04\/26\/carlos-alcaraz-no-ira-a-roland-garros-por-sus-molestias-en-la-muneca-derecha\/"},"modified":"2026-04-26T06:45:34","modified_gmt":"2026-04-26T06:45:34","slug":"carlos-alcaraz-no-ira-a-roland-garros-por-sus-molestias-en-la-muneca-derecha","status":"publish","type":"post","link":"https:\/\/acronoticias.com\/index.php\/2026\/04\/26\/carlos-alcaraz-no-ira-a-roland-garros-por-sus-molestias-en-la-muneca-derecha\/","title":{"rendered":"Carlos Alcaraz no ir\u00e1 a Roland Garros por sus molestias en la mu\u00f1eca derecha"},"content":{"rendered":"<div>\n<div class=\"c-detail__author full\">\n<div>\n<div class=\"c-detail__author__thumb\">\n<figure>\n                                <picture src=\"https:\/\/imagenes.hoy.com.do\/files\/image_square_xs\/uploads\/2025\/11\/18\/691c7d5bed035.jpeg\" data-size=\"w:40,h:40\">\n                                    <img decoding=\"async\" loading=\"lazy\" alt=\"EFE EFE\" width=\"40\" height=\"40\" src=\"https:\/\/imagenes.hoy.com.do\/files\/image_square_xs\/uploads\/2025\/11\/18\/691c7d5bed035.jpeg\"\/>\n                                <\/picture>\n                                <\/figure>\n<\/div>\n<\/div>\n<\/div>\n<p>                                                                                            <!-- --><\/p>\n<p class=\"paragraph\">El tenista espa\u00f1ol <b>Carlos Alcaraz<\/b> anunci\u00f3 que no disputar\u00e1 los torneos de <b>Roma y Roland Garros<\/b>, en los que defend\u00eda el t\u00edtulo, a causa de las molestias que arrastra en la mu\u00f1eca derecha desde su participaci\u00f3n en el torneo Conde de God\u00f3 de Barcelona.<\/p>\n<p class=\"paragraph\">\u00abDespu\u00e9s de los resultados de las pruebas realizadas hoy, hemos decidido que lo m\u00e1s prudente es ser cautos y no participar en Roma y Roland Garros, a la espera de valorar la evoluci\u00f3n para decidir cu\u00e1ndo volveremos a la pista\u00bb, public\u00f3 en sus redes sociales.<\/p>\n<p class=\"paragraph\">El murciano ya hab\u00eda dejado en el aire su participaci\u00f3n en el Grand Slam parisino durante su aparici\u00f3n en Madrid en los <b>Premios Laureus<\/b> este lunes, en la que anunci\u00f3 que las siguientes pruebas ser\u00edan \u00abcruciales\u00bb para valorar el alcance de su lesi\u00f3n.<\/p>\n<p class=\"paragraph\">El tenista espa\u00f1ol sinti\u00f3 molestias en la mu\u00f1eca derecha durante su debut en el torneo de Barcelona contra<b> Otto Virtanen<\/b> el pasado 14 de abril. Aunque gan\u00f3 el encuentro, se retir\u00f3 antes de disputar la siguiente ronda, los octavos de final.<\/p>\n<p class=\"paragraph\"><b>Alcaraz: Madrid es casa, por eso me duele no poder jugar aqu\u00ed<\/b><\/p>\n<p class=\"paragraph\">Su presencia estaba anunciada en el torneo de Madrid, pero finalmente ya debi\u00f3 comunicar que no pod\u00eda participar. \u00abHay noticias que cuesta much\u00edsimo dar. Madrid es casa, uno de los lugares m\u00e1s especiales del calendario para m\u00ed, y por eso me duele tanto no poder jugar aqu\u00ed por segundo a\u00f1o consecutivo. Me duele especialmente no poder estar delante de mi gente\u00bb, escribi\u00f3 entonces.<\/p>\n<p class=\"paragraph\">Alcaraz perder\u00e1 los 2.000 puntos ATP que defend\u00eda por ser el vigente campe\u00f3n de Roland Garros y despeja el camino para el italiano <b>Jannik Sinner<\/b>, actual n\u00famero uno del mundo. Tambi\u00e9n defend\u00eda los 1.000 puntos correspondientes al Masters de Roma, el que se impuso en la final de 2025, de igual modo contra Sinner.<\/p>\n<div class=\"c-detail__box \">\n<article class=\"c-detail__sumario \">\n<figure class=\"c-detail__sumario__thumb\" style=\"display: block;\">\n            <a href=\"#\" title=\"\">\n                <picture data-size=\"w:140,h:140\" loading=\"lazy\" src=\"https:\/\/imagenes.hoy.com.do\/files\/related_image\/uploads\/2026\/04\/25\/69ecf14be6b5e.webp\" data-full-src=\"https:\/\/imagenes.hoy.com.do\/uploads\/2026\/04\/25\/69ecf14be6b5e.webp\">\n                    <img loading=\"lazy\" decoding=\"async\" width=\"140\" height=\"140\" alt=\"LeBron James y hijo Bronny\" src=\"https:\/\/imagenes.hoy.com.do\/uploads\/2026\/04\/25\/69ecf14be6b5e.webp\"\/>\n                <\/picture>\n            <\/a><br \/>\n        <\/figure>\n<div class=\"c-detail__sumario__txt\">\n<p class=\"c-detail__sumario__signature\">\n                <strong><\/p>\n<p>                <strong class=\"c-detail__sumario__author \">Gabriel Alberto Hern\u00e1ndez Tiburcio<\/strong><\/strong>\n            <\/p>\n<\/p><\/div>\n<\/article>\n<\/div><\/div>\n","protected":false},"excerpt":{"rendered":"<p>El tenista espa\u00f1ol Carlos Alcaraz anunci\u00f3 que no disputar\u00e1 los torneos de Roma y Roland Garros, en los que defend\u00eda el t\u00edtulo, a causa de las molestias que arrastra en la mu\u00f1eca derecha desde su participaci\u00f3n en el torneo Conde de God\u00f3 de Barcelona. \u00abDespu\u00e9s de los resultados de las pruebas realizadas hoy, hemos decidido<\/p>\n","protected":false},"author":1,"featured_media":37119,"comment_status":"open","ping_status":"open","sticky":false,"template":"","format":"standard","meta":{"footnotes":""},"categories":[2],"tags":[],"class_list":["post-37118","post","type-post","status-publish","format-standard","has-post-thumbnail","hentry","category-deporte"],"_links":{"self":[{"href":"https:\/\/acronoticias.com\/index.php\/wp-json\/wp\/v2\/posts\/37118","targetHints":{"allow":["GET"]}}],"collection":[{"href":"https:\/\/acronoticias.com\/index.php\/wp-json\/wp\/v2\/posts"}],"about":[{"href":"https:\/\/acronoticias.com\/index.php\/wp-json\/wp\/v2\/types\/post"}],"author":[{"embeddable":true,"href":"https:\/\/acronoticias.com\/index.php\/wp-json\/wp\/v2\/users\/1"}],"replies":[{"embeddable":true,"href":"https:\/\/acronoticias.com\/index.php\/wp-json\/wp\/v2\/comments?post=37118"}],"version-history":[{"count":0,"href":"https:\/\/acronoticias.com\/index.php\/wp-json\/wp\/v2\/posts\/37118\/revisions"}],"wp:featuredmedia":[{"embeddable":true,"href":"https:\/\/acronoticias.com\/index.php\/wp-json\/wp\/v2\/media\/37119"}],"wp:attachment":[{"href":"https:\/\/acronoticias.com\/index.php\/wp-json\/wp\/v2\/media?parent=37118"}],"wp:term":[{"taxonomy":"category","embeddable":true,"href":"https:\/\/acronoticias.com\/index.php\/wp-json\/wp\/v2\/categories?post=37118"},{"taxonomy":"post_tag","embeddable":true,"href":"https:\/\/acronoticias.com\/index.php\/wp-json\/wp\/v2\/tags?post=37118"}],"curies":[{"name":"wp","href":"https:\/\/api.w.org\/{rel}","templated":true}]}}