{"id":37114,"date":"2026-04-26T05:44:32","date_gmt":"2026-04-26T05:44:32","guid":{"rendered":"https:\/\/acronoticias.com\/index.php\/2026\/04\/26\/barcelona-se-acerca-al-titulo-de-la-liga-sin-el-lesionado-yamal\/"},"modified":"2026-04-26T05:44:32","modified_gmt":"2026-04-26T05:44:32","slug":"barcelona-se-acerca-al-titulo-de-la-liga-sin-el-lesionado-yamal","status":"publish","type":"post","link":"https:\/\/acronoticias.com\/index.php\/2026\/04\/26\/barcelona-se-acerca-al-titulo-de-la-liga-sin-el-lesionado-yamal\/","title":{"rendered":"Barcelona se acerca al t\u00edtulo de La Liga sin el lesionado Yamal"},"content":{"rendered":"<div>\n<div class=\"c-detail__author full\">\n<div>\n<div class=\"c-detail__author__thumb\">\n<figure>\n                                <picture src=\"https:\/\/imagenes.hoy.com.do\/files\/image_square_xs\/uploads\/2025\/11\/18\/691c7d2b0f1b1.png\" data-size=\"w:40,h:40\">\n                                    <img decoding=\"async\" loading=\"lazy\" alt=\"Agencia AP\" width=\"40\" height=\"40\" src=\"https:\/\/imagenes.hoy.com.do\/files\/image_square_xs\/uploads\/2025\/11\/18\/691c7d2b0f1b1.png\"\/>\n                                <\/picture>\n                                <\/figure>\n<\/div>\n<\/div>\n<\/div>\n<p>                                                                                            <!-- --><\/p>\n<p class=\"paragraph\">El <b>Barcelona<\/b> se acerc\u00f3 a su segundo t\u00edtulo consecutivo de La Liga despu\u00e9s de que<b> Ferm\u00edn L\u00f3pez y Marcus Rashford<\/b> anotaran para darle a su primer triunfo en Getafe en seis temporadas el s\u00e1bado.<\/p>\n<p class=\"paragraph\">Ferm\u00edn dedic\u00f3 su gol en el minuto 45 a Lamine Yamal, m\u00e1ximo goleador y asistente del Barcelona, quien se perder\u00e1 el resto de la temporada por una lesi\u00f3n muscular, pero espera estar recuperado para el Mundial con Espa\u00f1a.<\/p>\n<p class=\"paragraph\">Tras marcar, Ferm\u00edn cruz\u00f3 los brazos y levant\u00f3 los dedos para hacer el gesto del &#8220;304&#8221; que Yamal usa para celebrar sus goles, en referencia a los \u00faltimos tres d\u00edgitos del c\u00f3digo postal de su ciudad natal, al norte de Barcelona.<\/p>\n<p class=\"paragraph\">Rashford entr\u00f3 como suplente y sentenci\u00f3 la victoria por 2-0 en el minuto 74 con una jugada individual.<\/p>\n<p class=\"paragraph\">El Barcelona aument\u00f3 su ventaja sobre el <b>Real Madrid<\/b>, segundo clasificado, a 11 puntos con solo cinco jornadas por jugar, incluyendo el Cl\u00e1sico que se disputar\u00e1 entre ambos en el <b>Camp<\/b> <b>Nou <\/b>el 10 de mayo.<\/p>\n<p class=\"paragraph\">El Barcelona anunci\u00f3 el jueves que Yamal se perder\u00e1 el resto de la temporada tras sufrir una lesi\u00f3n muscular en la pierna izquierda el d\u00eda anterior al convertir un penalti en la victoria por 1-0 ante el <b>Celta de Vigo.<\/b><\/p>\n<p class=\"paragraph\">\u00abQuiero mandarle un fuerte abrazo desde aqu\u00ed\u00bb, dijo Ferm\u00edn sobre Yamal tras el partido. \u00abEs muy importante para nosotros. Es una pena que no pueda jugar, pero ahora podr\u00e1 recuperarse bien y jugar el Mundial\u00bb.<\/p>\n<div class=\"c-detail__box \">\n<article class=\"c-detail__sumario \">\n<figure class=\"c-detail__sumario__thumb\" style=\"display: block;\">\n            <a href=\"#\" title=\"\">\n                <picture data-size=\"w:140,h:140\" loading=\"lazy\" src=\"https:\/\/imagenes.hoy.com.do\/files\/related_image\/uploads\/2026\/04\/25\/69ecf80ab200a.webp\" data-full-src=\"https:\/\/imagenes.hoy.com.do\/uploads\/2026\/04\/25\/69ecf80ab200a.webp\">\n                    <img loading=\"lazy\" decoding=\"async\" width=\"140\" height=\"140\" alt=\"Carlos Alcaraz\" src=\"https:\/\/imagenes.hoy.com.do\/uploads\/2026\/04\/25\/69ecf80ab200a.webp\"\/>\n                <\/picture>\n            <\/a><br \/>\n        <\/figure>\n<\/article>\n<\/div><\/div>\n","protected":false},"excerpt":{"rendered":"<p>El Barcelona se acerc\u00f3 a su segundo t\u00edtulo consecutivo de La Liga despu\u00e9s de que Ferm\u00edn L\u00f3pez y Marcus Rashford anotaran para darle a su primer triunfo en Getafe en seis temporadas el s\u00e1bado. Ferm\u00edn dedic\u00f3 su gol en el minuto 45 a Lamine Yamal, m\u00e1ximo goleador y asistente del Barcelona, quien se perder\u00e1 el<\/p>\n","protected":false},"author":1,"featured_media":37115,"comment_status":"open","ping_status":"open","sticky":false,"template":"","format":"standard","meta":{"footnotes":""},"categories":[2],"tags":[],"class_list":["post-37114","post","type-post","status-publish","format-standard","has-post-thumbnail","hentry","category-deporte"],"_links":{"self":[{"href":"https:\/\/acronoticias.com\/index.php\/wp-json\/wp\/v2\/posts\/37114","targetHints":{"allow":["GET"]}}],"collection":[{"href":"https:\/\/acronoticias.com\/index.php\/wp-json\/wp\/v2\/posts"}],"about":[{"href":"https:\/\/acronoticias.com\/index.php\/wp-json\/wp\/v2\/types\/post"}],"author":[{"embeddable":true,"href":"https:\/\/acronoticias.com\/index.php\/wp-json\/wp\/v2\/users\/1"}],"replies":[{"embeddable":true,"href":"https:\/\/acronoticias.com\/index.php\/wp-json\/wp\/v2\/comments?post=37114"}],"version-history":[{"count":0,"href":"https:\/\/acronoticias.com\/index.php\/wp-json\/wp\/v2\/posts\/37114\/revisions"}],"wp:featuredmedia":[{"embeddable":true,"href":"https:\/\/acronoticias.com\/index.php\/wp-json\/wp\/v2\/media\/37115"}],"wp:attachment":[{"href":"https:\/\/acronoticias.com\/index.php\/wp-json\/wp\/v2\/media?parent=37114"}],"wp:term":[{"taxonomy":"category","embeddable":true,"href":"https:\/\/acronoticias.com\/index.php\/wp-json\/wp\/v2\/categories?post=37114"},{"taxonomy":"post_tag","embeddable":true,"href":"https:\/\/acronoticias.com\/index.php\/wp-json\/wp\/v2\/tags?post=37114"}],"curies":[{"name":"wp","href":"https:\/\/api.w.org\/{rel}","templated":true}]}}