{"id":37102,"date":"2026-04-26T03:52:04","date_gmt":"2026-04-26T03:52:04","guid":{"rendered":"https:\/\/acronoticias.com\/index.php\/2026\/04\/26\/aspirante-a-rector-uasd-dice-que-construira-una-universidad-moderna-y-participativa\/"},"modified":"2026-04-26T03:52:04","modified_gmt":"2026-04-26T03:52:04","slug":"aspirante-a-rector-uasd-dice-que-construira-una-universidad-moderna-y-participativa","status":"publish","type":"post","link":"https:\/\/acronoticias.com\/index.php\/2026\/04\/26\/aspirante-a-rector-uasd-dice-que-construira-una-universidad-moderna-y-participativa\/","title":{"rendered":"Aspirante a rector UASD dice que construir\u00e1 una universidad moderna y participativa"},"content":{"rendered":"<div>\n<p>El <strong>aspirante a rector<\/strong> de la Universidad Aut\u00f3noma de Santo Domingo (<strong>UASD<\/strong>) para el per\u00edodo 2026-2030,<strong> Jorge Asjana David<\/strong>, asegur\u00f3 que en su gesti\u00f3n tiene el compromiso de honrar la memoria de los h\u00e9roes de Abril con un \u00ab<em><strong>desempe\u00f1o ejemplar<\/strong><\/em>\u00ab, as\u00ed como impuls\u00f3 el Movimiento Renovador a la academia para transformarla en una academia <strong>abierta, democr\u00e1tica y participativa<\/strong>.<\/p>\n<p>El acad\u00e9mico realiz\u00f3 un acto de cierre de campa\u00f1a y aprovech\u00f3 para recordar y reconocer la gesta de Abril de 1965. El acto se realiz\u00f3 en el Centro Universitario Regional de Nagua (CURNA-UASD). Tuvo el apoyo de la directora del CURNA-UASD, <strong>Severina de Jes\u00fas Calca\u00f1o<\/strong>, y junto a los aspirantes a directores de ese centro, <strong>Zacar\u00edas Cordero y Nicolasa Zabala<\/strong>.<\/p>\n<p>Seg\u00fan una nota informativa, <strong>Asjana David <\/strong>afirm\u00f3 que \u00ab<em>el resultado positivo m\u00e1s tangible y existente de la Guerra de Abril de 1965 es la UASD, gracias al<strong> Movimiento Renovador<\/strong>, el cual logr\u00f3 transformar la academia estatal en una universidad abierta, democr\u00e1tica y participativa, donde <strong>todos los sectores de la sociedad tienen espacio<\/strong><\/em>\u00ab.<\/p>\n<p>A\u00f1adi\u00f3 que en su mandato \u00ab<em>tiene el compromiso de honrar la memoria de los H\u00e9roes de Abril con un desempe\u00f1o ejemplar, encaminado a generar las transformaciones acad\u00e9micas necesarias<\/em>\u00ab.<\/p>\n<p><strong>Puede leer: <a href=\"https:\/\/rnn.com.do\/el-doctor-asjana-promete-una-educacion-de-vanguardia-para-la-uasd\/\">El doctor Asjana promete una \u00abeducaci\u00f3n de vanguardia\u00bb para la UASD<\/a><\/strong><\/p>\n<p>Al pronunciar las palabras centrales frente a decenas de maestros, exhort\u00f3 a todos los integrantes de la <strong>Gran Alianza Nacional<\/strong> a honrar la memoria de los H\u00e9roes de Abril desde las distintas posiciones que ocupar\u00e1n en la academia a partir de <strong>julio pr\u00f3ximo<\/strong>.<\/p>\n<p>Garantiz\u00f3 que esa alianza domina las encuestas y sigue creciendo con proyecci\u00f3n a alcanzar el 80 por ciento, de cara a las elecciones universitarias pautadas para el 17 de junio pr\u00f3ximo.<\/p>\n<p>En ese sentido, subray\u00f3 que este favorable posicionamiento conlleva una gran responsabilidad para implementar acciones concretas que fortalezcan los ejes fundamentales de la universidad.<\/p>\n<p>El encuentro, en el que particip\u00f3 el coordinador general de la Gran Alianza Nacional Asjana Rector, <strong>Amparo C\u00e9spedes<\/strong>, tambi\u00e9n cont\u00f3 con la presencia de los candidatos a vicerrectores: <strong>Rosel Fern\u00e1ndez<\/strong>, Docente; <strong>Antonio Ciriaco<\/strong>, Administrativo; <strong>Gerardo Roa<\/strong>, Extensi\u00f3n; <strong>Juana Encarnaci\u00f3n<\/strong>, Investigaci\u00f3n y Postgrado; y <strong>Lorenzo Vargas<\/strong>, de Extensi\u00f3n. <\/p>\n<\/div>\n","protected":false},"excerpt":{"rendered":"<p>El aspirante a rector de la Universidad Aut\u00f3noma de Santo Domingo (UASD) para el per\u00edodo 2026-2030, Jorge Asjana David, asegur\u00f3 que en su gesti\u00f3n tiene el compromiso de honrar la memoria de los h\u00e9roes de Abril con un \u00abdesempe\u00f1o ejemplar\u00ab, as\u00ed como impuls\u00f3 el Movimiento Renovador a la academia para transformarla en una academia abierta,<\/p>\n","protected":false},"author":1,"featured_media":37103,"comment_status":"open","ping_status":"open","sticky":false,"template":"","format":"standard","meta":{"footnotes":""},"categories":[1],"tags":[],"class_list":["post-37102","post","type-post","status-publish","format-standard","has-post-thumbnail","hentry","category-nacionales"],"_links":{"self":[{"href":"https:\/\/acronoticias.com\/index.php\/wp-json\/wp\/v2\/posts\/37102","targetHints":{"allow":["GET"]}}],"collection":[{"href":"https:\/\/acronoticias.com\/index.php\/wp-json\/wp\/v2\/posts"}],"about":[{"href":"https:\/\/acronoticias.com\/index.php\/wp-json\/wp\/v2\/types\/post"}],"author":[{"embeddable":true,"href":"https:\/\/acronoticias.com\/index.php\/wp-json\/wp\/v2\/users\/1"}],"replies":[{"embeddable":true,"href":"https:\/\/acronoticias.com\/index.php\/wp-json\/wp\/v2\/comments?post=37102"}],"version-history":[{"count":0,"href":"https:\/\/acronoticias.com\/index.php\/wp-json\/wp\/v2\/posts\/37102\/revisions"}],"wp:featuredmedia":[{"embeddable":true,"href":"https:\/\/acronoticias.com\/index.php\/wp-json\/wp\/v2\/media\/37103"}],"wp:attachment":[{"href":"https:\/\/acronoticias.com\/index.php\/wp-json\/wp\/v2\/media?parent=37102"}],"wp:term":[{"taxonomy":"category","embeddable":true,"href":"https:\/\/acronoticias.com\/index.php\/wp-json\/wp\/v2\/categories?post=37102"},{"taxonomy":"post_tag","embeddable":true,"href":"https:\/\/acronoticias.com\/index.php\/wp-json\/wp\/v2\/tags?post=37102"}],"curies":[{"name":"wp","href":"https:\/\/api.w.org\/{rel}","templated":true}]}}