{"id":37087,"date":"2026-04-26T02:32:07","date_gmt":"2026-04-26T02:32:07","guid":{"rendered":"https:\/\/acronoticias.com\/index.php\/2026\/04\/26\/presidente-abinader-inaugura-carretera-que-conecta-tavera-con-jarabacoa-en-la-vega\/"},"modified":"2026-04-26T02:32:07","modified_gmt":"2026-04-26T02:32:07","slug":"presidente-abinader-inaugura-carretera-que-conecta-tavera-con-jarabacoa-en-la-vega","status":"publish","type":"post","link":"https:\/\/acronoticias.com\/index.php\/2026\/04\/26\/presidente-abinader-inaugura-carretera-que-conecta-tavera-con-jarabacoa-en-la-vega\/","title":{"rendered":"Presidente Abinader inaugura carretera que conecta Tavera con Jarabacoa en La Vega"},"content":{"rendered":"<div>\n<p><strong>La Vega<\/strong>.- Despu\u00e9s de m\u00e1s de 50 a\u00f1os de espera el presidente<strong> Luis Abinader <\/strong>inaugur\u00f3 este s\u00e1bado la<strong> carretera que enlaza<\/strong> el distrito municipal de <strong>Tavera <\/strong>con el municipio de<strong> Jarabacoa<\/strong>, en la provincia de <strong>La Vega<\/strong>, una infraestructura que fue construida por la Empresa de Generaci\u00f3n Hidroel\u00e9ctrica Dominicana (EGEHID).<\/p>\n<p>Se trata de un tramo de <strong>8.3 kil\u00f3metros de longitud<\/strong>, que beneficia las comunidades de Alto del Aguacate, Loma Firme, Rancho de la Vaca, Jagua Gorda, La Llanada y El A\u00f1il, enclavadas en las zonas monta\u00f1osas del entorno de la <strong>presa de Tavera<\/strong>.<\/p>\n<p>Durante el acto, el presidente Abinader expres\u00f3 que nunca antes se hab\u00edan hecho tantas carreteras y tantas mejor\u00edas en la sierra, al destacar que su gesti\u00f3n ha intervenido de manera simult\u00e1nea en la <strong>Sierra de La Vega, Santiago y Santiago Rodr\u00edguez<\/strong>, llevando soluciones a comunidades que durante d\u00e9cadas hab\u00edan permanecido <strong>rezagadas<\/strong>. Se\u00f1al\u00f3 que estas obras <strong>responden a prioridades reales de la gente<\/strong>.<\/p>\n<p>Esta carretera puede convertirse en una <strong>segunda entrada hacia Jarabacoa<\/strong>, especialmente para quienes se trasladan desde la zona norte, explicando que conectar\u00e1 desde El A\u00f1il hasta Ato Viejo y, a su vez, con la carretera Duarte. Indic\u00f3 que, con las mejoras previstas por EGEHID y el Ministerio de Obras P\u00fablicas, se podr\u00e1 realizar ese trayecto en aproximadamente 40 minutos, lo que representa un avance significativo en t\u00e9rminos de movilidad y acceso.<\/p>\n<p>En su intervenci\u00f3n, tambi\u00e9n destac\u00f3 otras obras ejecutadas en el Distrito Municipal de Tavera y sus alrededores, mencionando la construcci\u00f3n de v\u00edas como La Jina, Conuco Viejo y otras comunidades, as\u00ed como los proyectos en desarrollo como la carretera tur\u00edstica que bordear\u00e1 el lago de Tavera, la cual se encuentra en proceso de planificaci\u00f3n para su futura licitaci\u00f3n. Tambi\u00e9n anunci\u00f3 la construcci\u00f3n de un palacio municipal para el distrito, con el objetivo de fortalecer su institucionalidad y desarrollo local.<\/p>\n<p>El jefe de Estado valor\u00f3 el trabajo realizado por EGEHID dentro de su programa social en las zonas de influencia de las presas, resaltando que \u201c<em><strong>ha hecho m\u00e1s obras que nunca<\/strong><\/em>\u201d, no solo en esta regi\u00f3n, sino tambi\u00e9n en provincias como <strong>Santiago Rodr\u00edguez, San Crist\u00f3bal, San Juan y S\u00e1nchez Ram\u00edrez<\/strong>, ampliando el alcance del desarrollo territorial en todo el pa\u00eds.<\/p>\n<div class=\"wp-block-media-text is-stacked-on-mobile\" style=\"grid-template-columns:37% auto\">\n<figure class=\"wp-block-media-text__media\"><img data-recalc-dims=\"1\" fetchpriority=\"high\" decoding=\"async\" width=\"696\" height=\"464\" data-attachment-id=\"498801\" data-permalink=\"https:\/\/rnn.com.do\/presidente-abinader-inaugura-carretera-que-conecta-tavera-con-jarabacoa-en-la-vega\/luis-abinader-inaugura-carretera\/\" data-orig-file=\"https:\/\/i0.wp.com\/rnn.com.do\/wp-content\/uploads\/2026\/04\/Luis-Abinader-inaugura-carretera.jpeg?fit=1280%2C854&amp;ssl=1\" data-orig-size=\"1280,854\" data-comments-opened=\"1\" data-image-meta=\"{&quot;aperture&quot;:&quot;0&quot;,&quot;credit&quot;:&quot;&quot;,&quot;camera&quot;:&quot;&quot;,&quot;caption&quot;:&quot;&quot;,&quot;created_timestamp&quot;:&quot;0&quot;,&quot;copyright&quot;:&quot;&quot;,&quot;focal_length&quot;:&quot;0&quot;,&quot;iso&quot;:&quot;0&quot;,&quot;shutter_speed&quot;:&quot;0&quot;,&quot;title&quot;:&quot;&quot;,&quot;orientation&quot;:&quot;0&quot;}\" data-image-title=\"Luis Abinader inaugura carretera\" data-image-description=\"\" data-image-caption=\"\" data-large-file=\"https:\/\/i0.wp.com\/rnn.com.do\/wp-content\/uploads\/2026\/04\/Luis-Abinader-inaugura-carretera.jpeg?fit=696%2C464&amp;ssl=1\" src=\"https:\/\/i0.wp.com\/rnn.com.do\/wp-content\/uploads\/2026\/04\/Luis-Abinader-inaugura-carretera.jpeg?resize=696%2C464&amp;ssl=1\" alt=\"\" class=\"wp-image-498801 size-full\" srcset=\"https:\/\/i0.wp.com\/rnn.com.do\/wp-content\/uploads\/2026\/04\/Luis-Abinader-inaugura-carretera.jpeg?resize=1024%2C683&amp;ssl=1 1024w, https:\/\/i0.wp.com\/rnn.com.do\/wp-content\/uploads\/2026\/04\/Luis-Abinader-inaugura-carretera.jpeg?resize=300%2C200&amp;ssl=1 300w, https:\/\/i0.wp.com\/rnn.com.do\/wp-content\/uploads\/2026\/04\/Luis-Abinader-inaugura-carretera.jpeg?resize=768%2C512&amp;ssl=1 768w, https:\/\/i0.wp.com\/rnn.com.do\/wp-content\/uploads\/2026\/04\/Luis-Abinader-inaugura-carretera.jpeg?resize=630%2C420&amp;ssl=1 630w, https:\/\/i0.wp.com\/rnn.com.do\/wp-content\/uploads\/2026\/04\/Luis-Abinader-inaugura-carretera.jpeg?resize=150%2C100&amp;ssl=1 150w, https:\/\/i0.wp.com\/rnn.com.do\/wp-content\/uploads\/2026\/04\/Luis-Abinader-inaugura-carretera.jpeg?resize=696%2C464&amp;ssl=1 696w, https:\/\/i0.wp.com\/rnn.com.do\/wp-content\/uploads\/2026\/04\/Luis-Abinader-inaugura-carretera.jpeg?resize=1068%2C713&amp;ssl=1 1068w, https:\/\/i0.wp.com\/rnn.com.do\/wp-content\/uploads\/2026\/04\/Luis-Abinader-inaugura-carretera.jpeg?w=1280&amp;ssl=1 1280w\" sizes=\"(max-width: 696px) 100vw, 696px\"\/><\/figure>\n<div class=\"wp-block-media-text__content\">\n<p>\u201c<em>Por primera vez la sierra va a estar comunicada internamente<\/em>\u201d, afirm\u00f3, al referirse a proyectos como la conexi\u00f3n entre <strong>Monci\u00f3n y El Rubio<\/strong>, que estar\u00e1n concluidos en los pr\u00f3ximos meses, integrando comunidades que hist\u00f3ricamente hab\u00edan <strong>permanecido aisladas<\/strong>. \u201c<em>Estas carreteras van a <strong>potencializar<\/strong> el desarrollo de esta <strong>comunidad productiva<\/strong>, de gente buena y emprendedora<\/em>\u201d, expres\u00f3.<\/p>\n<\/div>\n<\/div>\n<p>Finalmente, el presidente Abinader expres\u00f3 su satisfacci\u00f3n personal por la inauguraci\u00f3n de esta obra, al recordar sus v\u00ednculos familiares con la zona, se\u00f1alando que su <strong>abuela naci\u00f3 en Jagua Gorda<\/strong> y su <strong>abuelo en Sabana Iglesia<\/strong>, lo que le otorga un significado especial a esta intervenci\u00f3n. \u201c<em>Que Dios bendiga al distrito municipal de Tavera, a su gente y a toda la <strong>poblaci\u00f3n de la sierra<\/strong><\/em>\u201d.<\/p>\n<p><strong>Puede leer: <a href=\"https:\/\/rnn.com.do\/abinader-entrega-carreteras-en-sabana-iglesia-y-refuerza-la-conectividad-vial-en-la-sierra-de-santiago\/\">Abinader entrega carreteras en Sabana Iglesia y refuerza la conectividad vial en la Sierra de Santiago<\/a><\/strong><\/p>\n<p>Adem\u00e1s, por menci\u00f3n, el presidente Abinader dej\u00f3 inaugurada la reconstrucci\u00f3n de la carretera La Gina\u2013Conuco Viejo\u2013El Jobo de <strong>1.88 kil\u00f3metros <\/strong>y del tramo La Gina\u2013Cementerio de Gina Hueca de<strong> 0.86 kil\u00f3metros<\/strong>, en el mismo distrito municipal de Taveras.<\/p>\n<p>En la inauguraci\u00f3n estuvieron presentes el senador Ram\u00f3n Rogelio Genao; los alcaldes del distrito municipal de Tavera, Marino Abreu; de Jarabacoa, Jos\u00e9 Antonio Abreu; del distrito municipal Buena Vista, Stanley Ure\u00f1a y el diputado Rogelio Alfonso Genao Lanza.<\/p>\n<h2 class=\"wp-block-heading\"><strong>Una visi\u00f3n de gobierno orientada a cerrar brechas hist\u00f3ricas<\/strong><\/h2>\n<p>De su lado, el administrador general de EGEHID, <strong>Rafael Salazar<\/strong>, se\u00f1al\u00f3 que, adem\u00e1s de la carretera Tavera\u2013Jarabacoa, el Gobierno ha impulsado importantes intervenciones en la zona, como la construcci\u00f3n de la carretera de <strong>Guardarraya que conecta Baitoa con Tavera<\/strong>, as\u00ed como mejoras en v\u00edas comunitarias en localidades como Alto del Aguacate, La Jina, Conuco Viejo, El Morro y otras comunidades del entorno de la presa de Tavera, fortaleciendo la <strong>conectividad y el desarrollo productiv<\/strong>o.<\/p>\n<div class=\"wp-block-media-text is-stacked-on-mobile\" style=\"grid-template-columns:37% auto\">\n<figure class=\"wp-block-media-text__media\"><img loading=\"lazy\" data-recalc-dims=\"1\" decoding=\"async\" width=\"696\" height=\"464\" data-attachment-id=\"498803\" data-permalink=\"https:\/\/rnn.com.do\/presidente-abinader-inaugura-carretera-que-conecta-tavera-con-jarabacoa-en-la-vega\/rafael-salazar-egehid\/\" data-orig-file=\"https:\/\/i0.wp.com\/rnn.com.do\/wp-content\/uploads\/2026\/04\/Rafael-Salazar-EGEHID.jpeg?fit=1280%2C854&amp;ssl=1\" data-orig-size=\"1280,854\" data-comments-opened=\"1\" data-image-meta=\"{&quot;aperture&quot;:&quot;0&quot;,&quot;credit&quot;:&quot;&quot;,&quot;camera&quot;:&quot;&quot;,&quot;caption&quot;:&quot;&quot;,&quot;created_timestamp&quot;:&quot;0&quot;,&quot;copyright&quot;:&quot;&quot;,&quot;focal_length&quot;:&quot;0&quot;,&quot;iso&quot;:&quot;0&quot;,&quot;shutter_speed&quot;:&quot;0&quot;,&quot;title&quot;:&quot;&quot;,&quot;orientation&quot;:&quot;0&quot;}\" data-image-title=\"Rafael Salazar, EGEHID\" data-image-description=\"\" data-image-caption=\"\" data-large-file=\"https:\/\/i0.wp.com\/rnn.com.do\/wp-content\/uploads\/2026\/04\/Rafael-Salazar-EGEHID.jpeg?fit=696%2C464&amp;ssl=1\" src=\"https:\/\/i0.wp.com\/rnn.com.do\/wp-content\/uploads\/2026\/04\/Rafael-Salazar-EGEHID-1024x683.jpeg?resize=696%2C464&amp;ssl=1\" alt=\"\" class=\"wp-image-498803 size-full\" srcset=\"https:\/\/i0.wp.com\/rnn.com.do\/wp-content\/uploads\/2026\/04\/Rafael-Salazar-EGEHID.jpeg?resize=1024%2C683&amp;ssl=1 1024w, https:\/\/i0.wp.com\/rnn.com.do\/wp-content\/uploads\/2026\/04\/Rafael-Salazar-EGEHID.jpeg?resize=300%2C200&amp;ssl=1 300w, https:\/\/i0.wp.com\/rnn.com.do\/wp-content\/uploads\/2026\/04\/Rafael-Salazar-EGEHID.jpeg?resize=768%2C512&amp;ssl=1 768w, https:\/\/i0.wp.com\/rnn.com.do\/wp-content\/uploads\/2026\/04\/Rafael-Salazar-EGEHID.jpeg?resize=630%2C420&amp;ssl=1 630w, https:\/\/i0.wp.com\/rnn.com.do\/wp-content\/uploads\/2026\/04\/Rafael-Salazar-EGEHID.jpeg?resize=150%2C100&amp;ssl=1 150w, https:\/\/i0.wp.com\/rnn.com.do\/wp-content\/uploads\/2026\/04\/Rafael-Salazar-EGEHID.jpeg?resize=696%2C464&amp;ssl=1 696w, https:\/\/i0.wp.com\/rnn.com.do\/wp-content\/uploads\/2026\/04\/Rafael-Salazar-EGEHID.jpeg?resize=1068%2C713&amp;ssl=1 1068w, https:\/\/i0.wp.com\/rnn.com.do\/wp-content\/uploads\/2026\/04\/Rafael-Salazar-EGEHID.jpeg?w=1280&amp;ssl=1 1280w\" sizes=\"auto, (max-width: 696px) 100vw, 696px\"\/><\/figure>\n<div class=\"wp-block-media-text__content\">\n<p>En ese sentido, resalt\u00f3 que estas obras reflejan el compromiso del presidente Abinader con transformar la vida de la gente mediante acciones concretas. \u201c<em>Aqu\u00ed hay un Gobierno que no solo planifica, sino que ejecuta y cumple, llevando soluciones reales a comunidades que durante<strong> d\u00e9cadas esperaron ser atendidas<\/strong><\/em>\u201d.<\/p>\n<\/div>\n<\/div>\n<p>En tanto, la gobernadora de La Vega, <strong>Luisa Jim\u00e9nez<\/strong>, expres\u00f3 su agradecimiento al presidente Abinader por las obras ejecutadas en la provincia, al destacar que su gesti\u00f3n no solo prioriza grandes infraestructuras, sino tambi\u00e9n las <strong>comunidades m\u00e1s distantes<\/strong>, contribuyendo a que <strong>sus habitantes se sientan valorados<\/strong> e incluidos en el desarrollo nacional y agreg\u00f3 que estas intervenciones fortalecen la conectividad y generan oportunidades que impactan directamente en la calidad de vida de la gente. \u201c<em>Siga trabajando, presidente, como lo ha hecho hasta ahora;<strong> por eso lo queremos<\/strong><\/em>\u201d.<\/p>\n<h2 class=\"wp-block-heading\"><strong>Detalles de la obra<\/strong><\/h2>\n<p>Los trabajos incluyeron excavaci\u00f3n de taludes, ampliaci\u00f3n de la calzada, relleno en plataforma, tratamiento de subrasante, aplicaci\u00f3n de base granular triturada, riego de imprimaci\u00f3n y aplicaci\u00f3n de carpeta asf\u00e1ltica. Adem\u00e1s, la construcci\u00f3n de alcantarillas, cunetas de v\u00eda, cabezales, cunetas de taludes y descendidas de agua en taludes, construcci\u00f3n de contenciones tipo terramesh, tratamiento de taludes con hormig\u00f3n lanzado y revestimiento vegetal con hidrosiembra y protecci\u00f3n con biomanta.<\/p>\n<p>Para hacer la v\u00eda m\u00e1s funcional, se construyeron aceras al paso por las comunidades, accesos a viviendas, se\u00f1alizaci\u00f3n vertical y horizontal y barandas met\u00e1licas de protecci\u00f3n.<\/p>\n<figure data-carousel-extra=\"{&quot;blog_id&quot;:1,&quot;permalink&quot;:&quot;https:\/\/rnn.com.do\/presidente-abinader-inaugura-carretera-que-conecta-tavera-con-jarabacoa-en-la-vega\/&quot;}\" class=\"wp-block-gallery has-nested-images columns-default is-cropped wp-block-gallery-1 is-layout-flex wp-block-gallery-is-layout-flex\">\n<figure class=\"wp-block-image size-large\"><img loading=\"lazy\" data-recalc-dims=\"1\" decoding=\"async\" width=\"696\" height=\"464\" data-attachment-id=\"498804\" data-permalink=\"https:\/\/rnn.com.do\/presidente-abinader-inaugura-carretera-que-conecta-tavera-con-jarabacoa-en-la-vega\/whatsapp-image-2026-04-25-at-1-37-18-pm4\/\" data-orig-file=\"https:\/\/i0.wp.com\/rnn.com.do\/wp-content\/uploads\/2026\/04\/WhatsApp-Image-2026-04-25-at-1.37.18-PM4.jpeg?fit=1280%2C854&amp;ssl=1\" data-orig-size=\"1280,854\" data-comments-opened=\"1\" data-image-meta=\"{&quot;aperture&quot;:&quot;0&quot;,&quot;credit&quot;:&quot;&quot;,&quot;camera&quot;:&quot;&quot;,&quot;caption&quot;:&quot;&quot;,&quot;created_timestamp&quot;:&quot;0&quot;,&quot;copyright&quot;:&quot;&quot;,&quot;focal_length&quot;:&quot;0&quot;,&quot;iso&quot;:&quot;0&quot;,&quot;shutter_speed&quot;:&quot;0&quot;,&quot;title&quot;:&quot;&quot;,&quot;orientation&quot;:&quot;0&quot;}\" data-image-title=\"WhatsApp Image 2026-04-25 at 1.37.18 PM(4)\" data-image-description=\"\" data-image-caption=\"&lt;p&gt;Moradores que participaron del acto&lt;\/p&gt;&#10;\" data-large-file=\"https:\/\/i0.wp.com\/rnn.com.do\/wp-content\/uploads\/2026\/04\/WhatsApp-Image-2026-04-25-at-1.37.18-PM4.jpeg?fit=696%2C464&amp;ssl=1\" data-id=\"498804\" src=\"https:\/\/i0.wp.com\/rnn.com.do\/wp-content\/uploads\/2026\/04\/WhatsApp-Image-2026-04-25-at-1.37.18-PM4.jpeg?resize=696%2C464&amp;ssl=1\" alt=\"\" class=\"wp-image-498804\" srcset=\"https:\/\/i0.wp.com\/rnn.com.do\/wp-content\/uploads\/2026\/04\/WhatsApp-Image-2026-04-25-at-1.37.18-PM4.jpeg?resize=1024%2C683&amp;ssl=1 1024w, https:\/\/i0.wp.com\/rnn.com.do\/wp-content\/uploads\/2026\/04\/WhatsApp-Image-2026-04-25-at-1.37.18-PM4.jpeg?resize=300%2C200&amp;ssl=1 300w, https:\/\/i0.wp.com\/rnn.com.do\/wp-content\/uploads\/2026\/04\/WhatsApp-Image-2026-04-25-at-1.37.18-PM4.jpeg?resize=768%2C512&amp;ssl=1 768w, https:\/\/i0.wp.com\/rnn.com.do\/wp-content\/uploads\/2026\/04\/WhatsApp-Image-2026-04-25-at-1.37.18-PM4.jpeg?resize=630%2C420&amp;ssl=1 630w, https:\/\/i0.wp.com\/rnn.com.do\/wp-content\/uploads\/2026\/04\/WhatsApp-Image-2026-04-25-at-1.37.18-PM4.jpeg?resize=150%2C100&amp;ssl=1 150w, https:\/\/i0.wp.com\/rnn.com.do\/wp-content\/uploads\/2026\/04\/WhatsApp-Image-2026-04-25-at-1.37.18-PM4.jpeg?resize=696%2C464&amp;ssl=1 696w, https:\/\/i0.wp.com\/rnn.com.do\/wp-content\/uploads\/2026\/04\/WhatsApp-Image-2026-04-25-at-1.37.18-PM4.jpeg?resize=1068%2C713&amp;ssl=1 1068w, https:\/\/i0.wp.com\/rnn.com.do\/wp-content\/uploads\/2026\/04\/WhatsApp-Image-2026-04-25-at-1.37.18-PM4.jpeg?w=1280&amp;ssl=1 1280w\" sizes=\"auto, (max-width: 696px) 100vw, 696px\"\/><\/figure>\n<figure class=\"wp-block-image size-large\"><img data-recalc-dims=\"1\" loading=\"lazy\" decoding=\"async\" width=\"696\" height=\"392\" data-attachment-id=\"498805\" data-permalink=\"https:\/\/rnn.com.do\/presidente-abinader-inaugura-carretera-que-conecta-tavera-con-jarabacoa-en-la-vega\/whatsapp-image-2026-04-25-at-1-37-18-pm3\/\" data-orig-file=\"https:\/\/i0.wp.com\/rnn.com.do\/wp-content\/uploads\/2026\/04\/WhatsApp-Image-2026-04-25-at-1.37.18-PM3-scaled.jpeg?fit=2560%2C1440&amp;ssl=1\" data-orig-size=\"2560,1440\" data-comments-opened=\"1\" data-image-meta=\"{&quot;aperture&quot;:&quot;0&quot;,&quot;credit&quot;:&quot;&quot;,&quot;camera&quot;:&quot;&quot;,&quot;caption&quot;:&quot;&quot;,&quot;created_timestamp&quot;:&quot;0&quot;,&quot;copyright&quot;:&quot;&quot;,&quot;focal_length&quot;:&quot;0&quot;,&quot;iso&quot;:&quot;0&quot;,&quot;shutter_speed&quot;:&quot;0&quot;,&quot;title&quot;:&quot;&quot;,&quot;orientation&quot;:&quot;0&quot;}\" data-image-title=\"WhatsApp Image 2026-04-25 at 1.37.18 PM(3)\" data-image-description=\"\" data-image-caption=\"&lt;p&gt;Una muestra de la v\u00eda&lt;\/p&gt;&#10;\" data-large-file=\"https:\/\/i0.wp.com\/rnn.com.do\/wp-content\/uploads\/2026\/04\/WhatsApp-Image-2026-04-25-at-1.37.18-PM3-scaled.jpeg?fit=696%2C392&amp;ssl=1\" data-id=\"498805\" src=\"https:\/\/i0.wp.com\/rnn.com.do\/wp-content\/uploads\/2026\/04\/WhatsApp-Image-2026-04-25-at-1.37.18-PM3.jpeg?resize=696%2C392&amp;ssl=1\" alt=\"\" class=\"wp-image-498805\" srcset=\"https:\/\/i0.wp.com\/rnn.com.do\/wp-content\/uploads\/2026\/04\/WhatsApp-Image-2026-04-25-at-1.37.18-PM3-scaled.jpeg?resize=1024%2C576&amp;ssl=1 1024w, https:\/\/i0.wp.com\/rnn.com.do\/wp-content\/uploads\/2026\/04\/WhatsApp-Image-2026-04-25-at-1.37.18-PM3-scaled.jpeg?resize=300%2C169&amp;ssl=1 300w, https:\/\/i0.wp.com\/rnn.com.do\/wp-content\/uploads\/2026\/04\/WhatsApp-Image-2026-04-25-at-1.37.18-PM3-scaled.jpeg?resize=768%2C432&amp;ssl=1 768w, https:\/\/i0.wp.com\/rnn.com.do\/wp-content\/uploads\/2026\/04\/WhatsApp-Image-2026-04-25-at-1.37.18-PM3-scaled.jpeg?resize=1536%2C864&amp;ssl=1 1536w, https:\/\/i0.wp.com\/rnn.com.do\/wp-content\/uploads\/2026\/04\/WhatsApp-Image-2026-04-25-at-1.37.18-PM3-scaled.jpeg?resize=2048%2C1152&amp;ssl=1 2048w, https:\/\/i0.wp.com\/rnn.com.do\/wp-content\/uploads\/2026\/04\/WhatsApp-Image-2026-04-25-at-1.37.18-PM3-scaled.jpeg?resize=747%2C420&amp;ssl=1 747w, https:\/\/i0.wp.com\/rnn.com.do\/wp-content\/uploads\/2026\/04\/WhatsApp-Image-2026-04-25-at-1.37.18-PM3-scaled.jpeg?resize=150%2C84&amp;ssl=1 150w, https:\/\/i0.wp.com\/rnn.com.do\/wp-content\/uploads\/2026\/04\/WhatsApp-Image-2026-04-25-at-1.37.18-PM3-scaled.jpeg?resize=696%2C392&amp;ssl=1 696w, https:\/\/i0.wp.com\/rnn.com.do\/wp-content\/uploads\/2026\/04\/WhatsApp-Image-2026-04-25-at-1.37.18-PM3-scaled.jpeg?resize=1068%2C601&amp;ssl=1 1068w, https:\/\/i0.wp.com\/rnn.com.do\/wp-content\/uploads\/2026\/04\/WhatsApp-Image-2026-04-25-at-1.37.18-PM3-scaled.jpeg?resize=1920%2C1080&amp;ssl=1 1920w, https:\/\/i0.wp.com\/rnn.com.do\/wp-content\/uploads\/2026\/04\/WhatsApp-Image-2026-04-25-at-1.37.18-PM3-scaled.jpeg?w=1392&amp;ssl=1 1392w\" sizes=\"auto, (max-width: 696px) 100vw, 696px\"\/><\/figure>\n<figure class=\"wp-block-image size-large\"><img data-recalc-dims=\"1\" loading=\"lazy\" decoding=\"async\" width=\"696\" height=\"464\" data-attachment-id=\"498806\" data-permalink=\"https:\/\/rnn.com.do\/presidente-abinader-inaugura-carretera-que-conecta-tavera-con-jarabacoa-en-la-vega\/rafael-salazar-egehid-2\/\" data-orig-file=\"https:\/\/i0.wp.com\/rnn.com.do\/wp-content\/uploads\/2026\/04\/Rafael-Salazar-EGEHID-1.jpeg?fit=1280%2C854&amp;ssl=1\" data-orig-size=\"1280,854\" data-comments-opened=\"1\" data-image-meta=\"{&quot;aperture&quot;:&quot;0&quot;,&quot;credit&quot;:&quot;&quot;,&quot;camera&quot;:&quot;&quot;,&quot;caption&quot;:&quot;&quot;,&quot;created_timestamp&quot;:&quot;0&quot;,&quot;copyright&quot;:&quot;&quot;,&quot;focal_length&quot;:&quot;0&quot;,&quot;iso&quot;:&quot;0&quot;,&quot;shutter_speed&quot;:&quot;0&quot;,&quot;title&quot;:&quot;&quot;,&quot;orientation&quot;:&quot;0&quot;}\" data-image-title=\"Rafael Salazar, EGEHID\" data-image-description=\"\" data-image-caption=\"&lt;p&gt;Rafael Salazar&lt;\/p&gt;&#10;\" data-large-file=\"https:\/\/i0.wp.com\/rnn.com.do\/wp-content\/uploads\/2026\/04\/Rafael-Salazar-EGEHID-1.jpeg?fit=696%2C464&amp;ssl=1\" data-id=\"498806\" src=\"https:\/\/i0.wp.com\/rnn.com.do\/wp-content\/uploads\/2026\/04\/Rafael-Salazar-EGEHID-1.jpeg?resize=696%2C464&amp;ssl=1\" alt=\"\" class=\"wp-image-498806\" srcset=\"https:\/\/i0.wp.com\/rnn.com.do\/wp-content\/uploads\/2026\/04\/Rafael-Salazar-EGEHID-1.jpeg?resize=1024%2C683&amp;ssl=1 1024w, https:\/\/i0.wp.com\/rnn.com.do\/wp-content\/uploads\/2026\/04\/Rafael-Salazar-EGEHID-1.jpeg?resize=300%2C200&amp;ssl=1 300w, https:\/\/i0.wp.com\/rnn.com.do\/wp-content\/uploads\/2026\/04\/Rafael-Salazar-EGEHID-1.jpeg?resize=768%2C512&amp;ssl=1 768w, https:\/\/i0.wp.com\/rnn.com.do\/wp-content\/uploads\/2026\/04\/Rafael-Salazar-EGEHID-1.jpeg?resize=630%2C420&amp;ssl=1 630w, https:\/\/i0.wp.com\/rnn.com.do\/wp-content\/uploads\/2026\/04\/Rafael-Salazar-EGEHID-1.jpeg?resize=150%2C100&amp;ssl=1 150w, https:\/\/i0.wp.com\/rnn.com.do\/wp-content\/uploads\/2026\/04\/Rafael-Salazar-EGEHID-1.jpeg?resize=696%2C464&amp;ssl=1 696w, https:\/\/i0.wp.com\/rnn.com.do\/wp-content\/uploads\/2026\/04\/Rafael-Salazar-EGEHID-1.jpeg?resize=1068%2C713&amp;ssl=1 1068w, https:\/\/i0.wp.com\/rnn.com.do\/wp-content\/uploads\/2026\/04\/Rafael-Salazar-EGEHID-1.jpeg?w=1280&amp;ssl=1 1280w\" sizes=\"auto, (max-width: 696px) 100vw, 696px\"\/><\/figure>\n<figure class=\"wp-block-image size-large\"><img data-recalc-dims=\"1\" loading=\"lazy\" decoding=\"async\" width=\"696\" height=\"464\" data-attachment-id=\"498807\" data-permalink=\"https:\/\/rnn.com.do\/presidente-abinader-inaugura-carretera-que-conecta-tavera-con-jarabacoa-en-la-vega\/whatsapp-image-2026-04-25-at-1-37-19-pm3\/\" data-orig-file=\"https:\/\/i0.wp.com\/rnn.com.do\/wp-content\/uploads\/2026\/04\/WhatsApp-Image-2026-04-25-at-1.37.19-PM3.jpeg?fit=1280%2C854&amp;ssl=1\" data-orig-size=\"1280,854\" data-comments-opened=\"1\" data-image-meta=\"{&quot;aperture&quot;:&quot;0&quot;,&quot;credit&quot;:&quot;&quot;,&quot;camera&quot;:&quot;&quot;,&quot;caption&quot;:&quot;&quot;,&quot;created_timestamp&quot;:&quot;0&quot;,&quot;copyright&quot;:&quot;&quot;,&quot;focal_length&quot;:&quot;0&quot;,&quot;iso&quot;:&quot;0&quot;,&quot;shutter_speed&quot;:&quot;0&quot;,&quot;title&quot;:&quot;&quot;,&quot;orientation&quot;:&quot;0&quot;}\" data-image-title=\"WhatsApp Image 2026-04-25 at 1.37.19 PM(3)\" data-image-description=\"\" data-image-caption=\"&lt;p&gt;Otra muestra de la v\u00eda&lt;\/p&gt;&#10;\" data-large-file=\"https:\/\/i0.wp.com\/rnn.com.do\/wp-content\/uploads\/2026\/04\/WhatsApp-Image-2026-04-25-at-1.37.19-PM3.jpeg?fit=696%2C464&amp;ssl=1\" data-id=\"498807\" src=\"https:\/\/i0.wp.com\/rnn.com.do\/wp-content\/uploads\/2026\/04\/WhatsApp-Image-2026-04-25-at-1.37.19-PM3.jpeg?resize=696%2C464&amp;ssl=1\" alt=\"\" class=\"wp-image-498807\" srcset=\"https:\/\/i0.wp.com\/rnn.com.do\/wp-content\/uploads\/2026\/04\/WhatsApp-Image-2026-04-25-at-1.37.19-PM3.jpeg?resize=1024%2C683&amp;ssl=1 1024w, https:\/\/i0.wp.com\/rnn.com.do\/wp-content\/uploads\/2026\/04\/WhatsApp-Image-2026-04-25-at-1.37.19-PM3.jpeg?resize=300%2C200&amp;ssl=1 300w, https:\/\/i0.wp.com\/rnn.com.do\/wp-content\/uploads\/2026\/04\/WhatsApp-Image-2026-04-25-at-1.37.19-PM3.jpeg?resize=768%2C512&amp;ssl=1 768w, https:\/\/i0.wp.com\/rnn.com.do\/wp-content\/uploads\/2026\/04\/WhatsApp-Image-2026-04-25-at-1.37.19-PM3.jpeg?resize=630%2C420&amp;ssl=1 630w, https:\/\/i0.wp.com\/rnn.com.do\/wp-content\/uploads\/2026\/04\/WhatsApp-Image-2026-04-25-at-1.37.19-PM3.jpeg?resize=150%2C100&amp;ssl=1 150w, https:\/\/i0.wp.com\/rnn.com.do\/wp-content\/uploads\/2026\/04\/WhatsApp-Image-2026-04-25-at-1.37.19-PM3.jpeg?resize=696%2C464&amp;ssl=1 696w, https:\/\/i0.wp.com\/rnn.com.do\/wp-content\/uploads\/2026\/04\/WhatsApp-Image-2026-04-25-at-1.37.19-PM3.jpeg?resize=1068%2C713&amp;ssl=1 1068w, https:\/\/i0.wp.com\/rnn.com.do\/wp-content\/uploads\/2026\/04\/WhatsApp-Image-2026-04-25-at-1.37.19-PM3.jpeg?w=1280&amp;ssl=1 1280w\" sizes=\"auto, (max-width: 696px) 100vw, 696px\"\/><\/figure>\n<figure class=\"wp-block-image size-large\"><img data-recalc-dims=\"1\" loading=\"lazy\" decoding=\"async\" width=\"696\" height=\"464\" data-attachment-id=\"498808\" data-permalink=\"https:\/\/rnn.com.do\/presidente-abinader-inaugura-carretera-que-conecta-tavera-con-jarabacoa-en-la-vega\/luis-abinader-inaugura-carretera-2\/\" data-orig-file=\"https:\/\/i0.wp.com\/rnn.com.do\/wp-content\/uploads\/2026\/04\/Luis-Abinader-inaugura-carretera-1.jpeg?fit=1280%2C854&amp;ssl=1\" data-orig-size=\"1280,854\" data-comments-opened=\"1\" data-image-meta=\"{&quot;aperture&quot;:&quot;0&quot;,&quot;credit&quot;:&quot;&quot;,&quot;camera&quot;:&quot;&quot;,&quot;caption&quot;:&quot;&quot;,&quot;created_timestamp&quot;:&quot;0&quot;,&quot;copyright&quot;:&quot;&quot;,&quot;focal_length&quot;:&quot;0&quot;,&quot;iso&quot;:&quot;0&quot;,&quot;shutter_speed&quot;:&quot;0&quot;,&quot;title&quot;:&quot;&quot;,&quot;orientation&quot;:&quot;0&quot;}\" data-image-title=\"Luis Abinader inaugura carretera\" data-image-description=\"\" data-image-caption=\"&lt;p&gt;Presidente Abinader&lt;\/p&gt;&#10;\" data-large-file=\"https:\/\/i0.wp.com\/rnn.com.do\/wp-content\/uploads\/2026\/04\/Luis-Abinader-inaugura-carretera-1.jpeg?fit=696%2C464&amp;ssl=1\" data-id=\"498808\" src=\"https:\/\/i0.wp.com\/rnn.com.do\/wp-content\/uploads\/2026\/04\/Luis-Abinader-inaugura-carretera-1.jpeg?resize=696%2C464&amp;ssl=1\" alt=\"\" class=\"wp-image-498808\" srcset=\"https:\/\/i0.wp.com\/rnn.com.do\/wp-content\/uploads\/2026\/04\/Luis-Abinader-inaugura-carretera-1.jpeg?resize=1024%2C683&amp;ssl=1 1024w, https:\/\/i0.wp.com\/rnn.com.do\/wp-content\/uploads\/2026\/04\/Luis-Abinader-inaugura-carretera-1.jpeg?resize=300%2C200&amp;ssl=1 300w, https:\/\/i0.wp.com\/rnn.com.do\/wp-content\/uploads\/2026\/04\/Luis-Abinader-inaugura-carretera-1.jpeg?resize=768%2C512&amp;ssl=1 768w, https:\/\/i0.wp.com\/rnn.com.do\/wp-content\/uploads\/2026\/04\/Luis-Abinader-inaugura-carretera-1.jpeg?resize=630%2C420&amp;ssl=1 630w, https:\/\/i0.wp.com\/rnn.com.do\/wp-content\/uploads\/2026\/04\/Luis-Abinader-inaugura-carretera-1.jpeg?resize=150%2C100&amp;ssl=1 150w, https:\/\/i0.wp.com\/rnn.com.do\/wp-content\/uploads\/2026\/04\/Luis-Abinader-inaugura-carretera-1.jpeg?resize=696%2C464&amp;ssl=1 696w, https:\/\/i0.wp.com\/rnn.com.do\/wp-content\/uploads\/2026\/04\/Luis-Abinader-inaugura-carretera-1.jpeg?resize=1068%2C713&amp;ssl=1 1068w, https:\/\/i0.wp.com\/rnn.com.do\/wp-content\/uploads\/2026\/04\/Luis-Abinader-inaugura-carretera-1.jpeg?w=1280&amp;ssl=1 1280w\" sizes=\"auto, (max-width: 696px) 100vw, 696px\"\/><\/figure>\n<figure class=\"wp-block-image size-large\"><img data-recalc-dims=\"1\" loading=\"lazy\" decoding=\"async\" width=\"696\" height=\"464\" data-attachment-id=\"498809\" data-permalink=\"https:\/\/rnn.com.do\/presidente-abinader-inaugura-carretera-que-conecta-tavera-con-jarabacoa-en-la-vega\/whatsapp-image-2026-04-25-at-1-37-19-pm1\/\" data-orig-file=\"https:\/\/i0.wp.com\/rnn.com.do\/wp-content\/uploads\/2026\/04\/WhatsApp-Image-2026-04-25-at-1.37.19-PM1.jpeg?fit=1280%2C854&amp;ssl=1\" data-orig-size=\"1280,854\" data-comments-opened=\"1\" data-image-meta=\"{&quot;aperture&quot;:&quot;0&quot;,&quot;credit&quot;:&quot;&quot;,&quot;camera&quot;:&quot;&quot;,&quot;caption&quot;:&quot;&quot;,&quot;created_timestamp&quot;:&quot;0&quot;,&quot;copyright&quot;:&quot;&quot;,&quot;focal_length&quot;:&quot;0&quot;,&quot;iso&quot;:&quot;0&quot;,&quot;shutter_speed&quot;:&quot;0&quot;,&quot;title&quot;:&quot;&quot;,&quot;orientation&quot;:&quot;0&quot;}\" data-image-title=\"WhatsApp Image 2026-04-25 at 1.37.19 PM(1)\" data-image-description=\"\" data-image-caption=\"&lt;p&gt;Abinader conversa con ni\u00f1os&lt;\/p&gt;&#10;\" data-large-file=\"https:\/\/i0.wp.com\/rnn.com.do\/wp-content\/uploads\/2026\/04\/WhatsApp-Image-2026-04-25-at-1.37.19-PM1.jpeg?fit=696%2C464&amp;ssl=1\" data-id=\"498809\" src=\"https:\/\/i0.wp.com\/rnn.com.do\/wp-content\/uploads\/2026\/04\/WhatsApp-Image-2026-04-25-at-1.37.19-PM1.jpeg?resize=696%2C464&amp;ssl=1\" alt=\"\" class=\"wp-image-498809\" srcset=\"https:\/\/i0.wp.com\/rnn.com.do\/wp-content\/uploads\/2026\/04\/WhatsApp-Image-2026-04-25-at-1.37.19-PM1.jpeg?resize=1024%2C683&amp;ssl=1 1024w, https:\/\/i0.wp.com\/rnn.com.do\/wp-content\/uploads\/2026\/04\/WhatsApp-Image-2026-04-25-at-1.37.19-PM1.jpeg?resize=300%2C200&amp;ssl=1 300w, https:\/\/i0.wp.com\/rnn.com.do\/wp-content\/uploads\/2026\/04\/WhatsApp-Image-2026-04-25-at-1.37.19-PM1.jpeg?resize=768%2C512&amp;ssl=1 768w, https:\/\/i0.wp.com\/rnn.com.do\/wp-content\/uploads\/2026\/04\/WhatsApp-Image-2026-04-25-at-1.37.19-PM1.jpeg?resize=630%2C420&amp;ssl=1 630w, https:\/\/i0.wp.com\/rnn.com.do\/wp-content\/uploads\/2026\/04\/WhatsApp-Image-2026-04-25-at-1.37.19-PM1.jpeg?resize=150%2C100&amp;ssl=1 150w, https:\/\/i0.wp.com\/rnn.com.do\/wp-content\/uploads\/2026\/04\/WhatsApp-Image-2026-04-25-at-1.37.19-PM1.jpeg?resize=696%2C464&amp;ssl=1 696w, https:\/\/i0.wp.com\/rnn.com.do\/wp-content\/uploads\/2026\/04\/WhatsApp-Image-2026-04-25-at-1.37.19-PM1.jpeg?resize=1068%2C713&amp;ssl=1 1068w, https:\/\/i0.wp.com\/rnn.com.do\/wp-content\/uploads\/2026\/04\/WhatsApp-Image-2026-04-25-at-1.37.19-PM1.jpeg?w=1280&amp;ssl=1 1280w\" sizes=\"auto, (max-width: 696px) 100vw, 696px\"\/><\/figure>\n<figure class=\"wp-block-image size-large\"><img data-recalc-dims=\"1\" loading=\"lazy\" decoding=\"async\" width=\"696\" height=\"464\" data-attachment-id=\"498810\" data-permalink=\"https:\/\/rnn.com.do\/presidente-abinader-inaugura-carretera-que-conecta-tavera-con-jarabacoa-en-la-vega\/abinader-inaugura-carretera-que-conecta-al-distrito-municipal-de-tavera-con-jarabacoa-2\/\" data-orig-file=\"https:\/\/i0.wp.com\/rnn.com.do\/wp-content\/uploads\/2026\/04\/Abinader-inaugura-carretera-que-conecta-al-distrito-municipal-de-Tavera-con-Jarabacoa-1.jpeg?fit=1280%2C854&amp;ssl=1\" data-orig-size=\"1280,854\" data-comments-opened=\"1\" data-image-meta=\"{&quot;aperture&quot;:&quot;0&quot;,&quot;credit&quot;:&quot;&quot;,&quot;camera&quot;:&quot;&quot;,&quot;caption&quot;:&quot;&quot;,&quot;created_timestamp&quot;:&quot;0&quot;,&quot;copyright&quot;:&quot;&quot;,&quot;focal_length&quot;:&quot;0&quot;,&quot;iso&quot;:&quot;0&quot;,&quot;shutter_speed&quot;:&quot;0&quot;,&quot;title&quot;:&quot;&quot;,&quot;orientation&quot;:&quot;0&quot;}\" data-image-title=\"Abinader inaugura carretera que conecta al distrito municipal de Tavera con Jarabacoa\" data-image-description=\"\" data-image-caption=\"\" data-large-file=\"https:\/\/i0.wp.com\/rnn.com.do\/wp-content\/uploads\/2026\/04\/Abinader-inaugura-carretera-que-conecta-al-distrito-municipal-de-Tavera-con-Jarabacoa-1.jpeg?fit=696%2C464&amp;ssl=1\" data-id=\"498810\" src=\"https:\/\/i0.wp.com\/rnn.com.do\/wp-content\/uploads\/2026\/04\/Abinader-inaugura-carretera-que-conecta-al-distrito-municipal-de-Tavera-con-Jarabacoa-1.jpeg?resize=696%2C464&amp;ssl=1\" alt=\"\" class=\"wp-image-498810\" srcset=\"https:\/\/i0.wp.com\/rnn.com.do\/wp-content\/uploads\/2026\/04\/Abinader-inaugura-carretera-que-conecta-al-distrito-municipal-de-Tavera-con-Jarabacoa-1.jpeg?resize=1024%2C683&amp;ssl=1 1024w, https:\/\/i0.wp.com\/rnn.com.do\/wp-content\/uploads\/2026\/04\/Abinader-inaugura-carretera-que-conecta-al-distrito-municipal-de-Tavera-con-Jarabacoa-1.jpeg?resize=300%2C200&amp;ssl=1 300w, https:\/\/i0.wp.com\/rnn.com.do\/wp-content\/uploads\/2026\/04\/Abinader-inaugura-carretera-que-conecta-al-distrito-municipal-de-Tavera-con-Jarabacoa-1.jpeg?resize=768%2C512&amp;ssl=1 768w, https:\/\/i0.wp.com\/rnn.com.do\/wp-content\/uploads\/2026\/04\/Abinader-inaugura-carretera-que-conecta-al-distrito-municipal-de-Tavera-con-Jarabacoa-1.jpeg?resize=630%2C420&amp;ssl=1 630w, https:\/\/i0.wp.com\/rnn.com.do\/wp-content\/uploads\/2026\/04\/Abinader-inaugura-carretera-que-conecta-al-distrito-municipal-de-Tavera-con-Jarabacoa-1.jpeg?resize=150%2C100&amp;ssl=1 150w, https:\/\/i0.wp.com\/rnn.com.do\/wp-content\/uploads\/2026\/04\/Abinader-inaugura-carretera-que-conecta-al-distrito-municipal-de-Tavera-con-Jarabacoa-1.jpeg?resize=696%2C464&amp;ssl=1 696w, https:\/\/i0.wp.com\/rnn.com.do\/wp-content\/uploads\/2026\/04\/Abinader-inaugura-carretera-que-conecta-al-distrito-municipal-de-Tavera-con-Jarabacoa-1.jpeg?resize=1068%2C713&amp;ssl=1 1068w, https:\/\/i0.wp.com\/rnn.com.do\/wp-content\/uploads\/2026\/04\/Abinader-inaugura-carretera-que-conecta-al-distrito-municipal-de-Tavera-con-Jarabacoa-1.jpeg?w=1280&amp;ssl=1 1280w\" sizes=\"auto, (max-width: 696px) 100vw, 696px\"\/><\/figure>\n<figure class=\"wp-block-image size-large\"><img data-recalc-dims=\"1\" loading=\"lazy\" decoding=\"async\" width=\"696\" height=\"392\" data-attachment-id=\"498811\" data-permalink=\"https:\/\/rnn.com.do\/presidente-abinader-inaugura-carretera-que-conecta-tavera-con-jarabacoa-en-la-vega\/whatsapp-image-2026-04-25-at-1-37-18-pm1\/\" data-orig-file=\"https:\/\/i0.wp.com\/rnn.com.do\/wp-content\/uploads\/2026\/04\/WhatsApp-Image-2026-04-25-at-1.37.18-PM1-scaled.jpeg?fit=2560%2C1440&amp;ssl=1\" data-orig-size=\"2560,1440\" data-comments-opened=\"1\" data-image-meta=\"{&quot;aperture&quot;:&quot;0&quot;,&quot;credit&quot;:&quot;&quot;,&quot;camera&quot;:&quot;&quot;,&quot;caption&quot;:&quot;&quot;,&quot;created_timestamp&quot;:&quot;0&quot;,&quot;copyright&quot;:&quot;&quot;,&quot;focal_length&quot;:&quot;0&quot;,&quot;iso&quot;:&quot;0&quot;,&quot;shutter_speed&quot;:&quot;0&quot;,&quot;title&quot;:&quot;&quot;,&quot;orientation&quot;:&quot;0&quot;}\" data-image-title=\"WhatsApp Image 2026-04-25 at 1.37.18 PM(1)\" data-image-description=\"\" data-image-caption=\"\" data-large-file=\"https:\/\/i0.wp.com\/rnn.com.do\/wp-content\/uploads\/2026\/04\/WhatsApp-Image-2026-04-25-at-1.37.18-PM1-scaled.jpeg?fit=696%2C392&amp;ssl=1\" data-id=\"498811\" src=\"https:\/\/i0.wp.com\/rnn.com.do\/wp-content\/uploads\/2026\/04\/WhatsApp-Image-2026-04-25-at-1.37.18-PM1.jpeg?resize=696%2C392&amp;ssl=1\" alt=\"\" class=\"wp-image-498811\" srcset=\"https:\/\/i0.wp.com\/rnn.com.do\/wp-content\/uploads\/2026\/04\/WhatsApp-Image-2026-04-25-at-1.37.18-PM1-scaled.jpeg?resize=1024%2C576&amp;ssl=1 1024w, https:\/\/i0.wp.com\/rnn.com.do\/wp-content\/uploads\/2026\/04\/WhatsApp-Image-2026-04-25-at-1.37.18-PM1-scaled.jpeg?resize=300%2C169&amp;ssl=1 300w, https:\/\/i0.wp.com\/rnn.com.do\/wp-content\/uploads\/2026\/04\/WhatsApp-Image-2026-04-25-at-1.37.18-PM1-scaled.jpeg?resize=768%2C432&amp;ssl=1 768w, https:\/\/i0.wp.com\/rnn.com.do\/wp-content\/uploads\/2026\/04\/WhatsApp-Image-2026-04-25-at-1.37.18-PM1-scaled.jpeg?resize=1536%2C864&amp;ssl=1 1536w, https:\/\/i0.wp.com\/rnn.com.do\/wp-content\/uploads\/2026\/04\/WhatsApp-Image-2026-04-25-at-1.37.18-PM1-scaled.jpeg?resize=2048%2C1152&amp;ssl=1 2048w, https:\/\/i0.wp.com\/rnn.com.do\/wp-content\/uploads\/2026\/04\/WhatsApp-Image-2026-04-25-at-1.37.18-PM1-scaled.jpeg?resize=747%2C420&amp;ssl=1 747w, https:\/\/i0.wp.com\/rnn.com.do\/wp-content\/uploads\/2026\/04\/WhatsApp-Image-2026-04-25-at-1.37.18-PM1-scaled.jpeg?resize=150%2C84&amp;ssl=1 150w, https:\/\/i0.wp.com\/rnn.com.do\/wp-content\/uploads\/2026\/04\/WhatsApp-Image-2026-04-25-at-1.37.18-PM1-scaled.jpeg?resize=696%2C392&amp;ssl=1 696w, https:\/\/i0.wp.com\/rnn.com.do\/wp-content\/uploads\/2026\/04\/WhatsApp-Image-2026-04-25-at-1.37.18-PM1-scaled.jpeg?resize=1068%2C601&amp;ssl=1 1068w, https:\/\/i0.wp.com\/rnn.com.do\/wp-content\/uploads\/2026\/04\/WhatsApp-Image-2026-04-25-at-1.37.18-PM1-scaled.jpeg?resize=1920%2C1080&amp;ssl=1 1920w, https:\/\/i0.wp.com\/rnn.com.do\/wp-content\/uploads\/2026\/04\/WhatsApp-Image-2026-04-25-at-1.37.18-PM1-scaled.jpeg?w=1392&amp;ssl=1 1392w\" sizes=\"auto, (max-width: 696px) 100vw, 696px\"\/><\/figure>\n<figure class=\"wp-block-image size-large\"><img data-recalc-dims=\"1\" loading=\"lazy\" decoding=\"async\" width=\"696\" height=\"392\" data-attachment-id=\"498812\" data-permalink=\"https:\/\/rnn.com.do\/presidente-abinader-inaugura-carretera-que-conecta-tavera-con-jarabacoa-en-la-vega\/whatsapp-image-2026-04-25-at-1-37-18-pm\/\" data-orig-file=\"https:\/\/i0.wp.com\/rnn.com.do\/wp-content\/uploads\/2026\/04\/WhatsApp-Image-2026-04-25-at-1.37.18-PM-scaled.jpeg?fit=2560%2C1440&amp;ssl=1\" data-orig-size=\"2560,1440\" data-comments-opened=\"1\" data-image-meta=\"{&quot;aperture&quot;:&quot;0&quot;,&quot;credit&quot;:&quot;&quot;,&quot;camera&quot;:&quot;&quot;,&quot;caption&quot;:&quot;&quot;,&quot;created_timestamp&quot;:&quot;0&quot;,&quot;copyright&quot;:&quot;&quot;,&quot;focal_length&quot;:&quot;0&quot;,&quot;iso&quot;:&quot;0&quot;,&quot;shutter_speed&quot;:&quot;0&quot;,&quot;title&quot;:&quot;&quot;,&quot;orientation&quot;:&quot;0&quot;}\" data-image-title=\"WhatsApp Image 2026-04-25 at 1.37.18 PM\" data-image-description=\"\" data-image-caption=\"&lt;p&gt;Vista general de la carretera&lt;\/p&gt;&#10;\" data-large-file=\"https:\/\/i0.wp.com\/rnn.com.do\/wp-content\/uploads\/2026\/04\/WhatsApp-Image-2026-04-25-at-1.37.18-PM-scaled.jpeg?fit=696%2C392&amp;ssl=1\" data-id=\"498812\" src=\"https:\/\/i0.wp.com\/rnn.com.do\/wp-content\/uploads\/2026\/04\/WhatsApp-Image-2026-04-25-at-1.37.18-PM.jpeg?resize=696%2C392&amp;ssl=1\" alt=\"\" class=\"wp-image-498812\" srcset=\"https:\/\/i0.wp.com\/rnn.com.do\/wp-content\/uploads\/2026\/04\/WhatsApp-Image-2026-04-25-at-1.37.18-PM-scaled.jpeg?resize=1024%2C576&amp;ssl=1 1024w, https:\/\/i0.wp.com\/rnn.com.do\/wp-content\/uploads\/2026\/04\/WhatsApp-Image-2026-04-25-at-1.37.18-PM-scaled.jpeg?resize=300%2C169&amp;ssl=1 300w, https:\/\/i0.wp.com\/rnn.com.do\/wp-content\/uploads\/2026\/04\/WhatsApp-Image-2026-04-25-at-1.37.18-PM-scaled.jpeg?resize=768%2C432&amp;ssl=1 768w, https:\/\/i0.wp.com\/rnn.com.do\/wp-content\/uploads\/2026\/04\/WhatsApp-Image-2026-04-25-at-1.37.18-PM-scaled.jpeg?resize=1536%2C864&amp;ssl=1 1536w, https:\/\/i0.wp.com\/rnn.com.do\/wp-content\/uploads\/2026\/04\/WhatsApp-Image-2026-04-25-at-1.37.18-PM-scaled.jpeg?resize=2048%2C1152&amp;ssl=1 2048w, https:\/\/i0.wp.com\/rnn.com.do\/wp-content\/uploads\/2026\/04\/WhatsApp-Image-2026-04-25-at-1.37.18-PM-scaled.jpeg?resize=747%2C420&amp;ssl=1 747w, https:\/\/i0.wp.com\/rnn.com.do\/wp-content\/uploads\/2026\/04\/WhatsApp-Image-2026-04-25-at-1.37.18-PM-scaled.jpeg?resize=150%2C84&amp;ssl=1 150w, https:\/\/i0.wp.com\/rnn.com.do\/wp-content\/uploads\/2026\/04\/WhatsApp-Image-2026-04-25-at-1.37.18-PM-scaled.jpeg?resize=696%2C392&amp;ssl=1 696w, https:\/\/i0.wp.com\/rnn.com.do\/wp-content\/uploads\/2026\/04\/WhatsApp-Image-2026-04-25-at-1.37.18-PM-scaled.jpeg?resize=1068%2C601&amp;ssl=1 1068w, https:\/\/i0.wp.com\/rnn.com.do\/wp-content\/uploads\/2026\/04\/WhatsApp-Image-2026-04-25-at-1.37.18-PM-scaled.jpeg?resize=1920%2C1080&amp;ssl=1 1920w, https:\/\/i0.wp.com\/rnn.com.do\/wp-content\/uploads\/2026\/04\/WhatsApp-Image-2026-04-25-at-1.37.18-PM-scaled.jpeg?w=1392&amp;ssl=1 1392w\" sizes=\"auto, (max-width: 696px) 100vw, 696px\"\/><figcaption class=\"wp-element-caption\">Vista general de la carretera<\/figcaption><\/figure>\n<\/figure>\n<\/div>\n","protected":false},"excerpt":{"rendered":"<p>La Vega.- Despu\u00e9s de m\u00e1s de 50 a\u00f1os de espera el presidente Luis Abinader inaugur\u00f3 este s\u00e1bado la carretera que enlaza el distrito municipal de Tavera con el municipio de Jarabacoa, en la provincia de La Vega, una infraestructura que fue construida por la Empresa de Generaci\u00f3n Hidroel\u00e9ctrica Dominicana (EGEHID). Se trata de un tramo<\/p>\n","protected":false},"author":1,"featured_media":37088,"comment_status":"open","ping_status":"open","sticky":false,"template":"","format":"standard","meta":{"footnotes":""},"categories":[1],"tags":[],"class_list":["post-37087","post","type-post","status-publish","format-standard","has-post-thumbnail","hentry","category-nacionales"],"_links":{"self":[{"href":"https:\/\/acronoticias.com\/index.php\/wp-json\/wp\/v2\/posts\/37087","targetHints":{"allow":["GET"]}}],"collection":[{"href":"https:\/\/acronoticias.com\/index.php\/wp-json\/wp\/v2\/posts"}],"about":[{"href":"https:\/\/acronoticias.com\/index.php\/wp-json\/wp\/v2\/types\/post"}],"author":[{"embeddable":true,"href":"https:\/\/acronoticias.com\/index.php\/wp-json\/wp\/v2\/users\/1"}],"replies":[{"embeddable":true,"href":"https:\/\/acronoticias.com\/index.php\/wp-json\/wp\/v2\/comments?post=37087"}],"version-history":[{"count":0,"href":"https:\/\/acronoticias.com\/index.php\/wp-json\/wp\/v2\/posts\/37087\/revisions"}],"wp:featuredmedia":[{"embeddable":true,"href":"https:\/\/acronoticias.com\/index.php\/wp-json\/wp\/v2\/media\/37088"}],"wp:attachment":[{"href":"https:\/\/acronoticias.com\/index.php\/wp-json\/wp\/v2\/media?parent=37087"}],"wp:term":[{"taxonomy":"category","embeddable":true,"href":"https:\/\/acronoticias.com\/index.php\/wp-json\/wp\/v2\/categories?post=37087"},{"taxonomy":"post_tag","embeddable":true,"href":"https:\/\/acronoticias.com\/index.php\/wp-json\/wp\/v2\/tags?post=37087"}],"curies":[{"name":"wp","href":"https:\/\/api.w.org\/{rel}","templated":true}]}}