{"id":37077,"date":"2026-04-26T01:27:06","date_gmt":"2026-04-26T01:27:06","guid":{"rendered":"https:\/\/acronoticias.com\/index.php\/2026\/04\/26\/giancarlo-dellagiovanna-nuevo-nuncio-en-el-salvador-presto-servicios-en-republica-dominicana\/"},"modified":"2026-04-26T01:27:06","modified_gmt":"2026-04-26T01:27:06","slug":"giancarlo-dellagiovanna-nuevo-nuncio-en-el-salvador-presto-servicios-en-republica-dominicana","status":"publish","type":"post","link":"https:\/\/acronoticias.com\/index.php\/2026\/04\/26\/giancarlo-dellagiovanna-nuevo-nuncio-en-el-salvador-presto-servicios-en-republica-dominicana\/","title":{"rendered":"Giancarlo Dellagiovanna, nuevo nuncio en El Salvador, prest\u00f3 servicios en Rep\u00fablica Dominicana"},"content":{"rendered":"<div>\n<div class=\"c-detail__author full\">\n<div>\n<div class=\"c-detail__author__thumb\">\n<figure>\n                                <picture src=\"https:\/\/imagenes.hoy.com.do\/files\/image_square_xs\/uploads\/2025\/11\/18\/691c7d5bed035.jpeg\" data-size=\"w:40,h:40\">\n                                    <img decoding=\"async\" loading=\"lazy\" alt=\"EFE EFE\" width=\"40\" height=\"40\" src=\"https:\/\/imagenes.hoy.com.do\/files\/image_square_xs\/uploads\/2025\/11\/18\/691c7d5bed035.jpeg\"\/>\n                                <\/picture>\n                                <\/figure>\n<\/div>\n<\/div>\n<\/div>\n<p>                                                                                            <!-- --><\/p>\n<p class=\"paragraph\">El <b>papa Le\u00f3n XIV<\/b> nombr\u00f3 este s\u00e1bado al italiano <b>Giancarlo Dellagiovanna <\/b>nuevo nuncio, embajador pontificio, en El Salvador, inform\u00f3 el Vaticano en un comunicado oficial.<\/p>\n<p class=\"paragraph\">Dellagiovanna, arzobispo titular de Sistroniana, ocupaba hasta ahora la nunciatura en Burkina Faso, destino al que fue enviado por el papa Francisco en marzo de 2025.<\/p>\n<p class=\"paragraph\">El nuevo embajador pontificio de El Salvador naci\u00f3 en Pav\u00eda (norte de Italia) el 18 de septiembre de 1961 y fue ordenado sacerdote el 5 de junio de 1999 en la <b>Di\u00f3cesis de Tortona (Italia).<\/b><\/p>\n<p class=\"paragraph\">Licenciado en <b>Derecho Can\u00f3nico<\/b>, ingres\u00f3 en el servicio diplom\u00e1tico de la Santa Sede el 1 de julio de 2005 y desde entonces ha prestado sus servicios en las nunciaturas apost\u00f3licas de M\u00e9xico, Rep\u00fablica Dominicana, Italia y los Pa\u00edses Bajos.<\/p>\n<p class=\"paragraph\">Asimismo, desempe\u00f1\u00f3 funciones en dos periodos distintos en la Secci\u00f3n de Asuntos Generales de la Secretar\u00eda de Estado del Vaticano.<\/p>\n<div class=\"c-detail__box \">\n<article class=\"c-detail__sumario \">\n<figure class=\"c-detail__sumario__thumb\" style=\"display: block;\">\n            <a href=\"#\" title=\"\">\n                <picture data-size=\"w:140,h:140\" loading=\"lazy\" src=\"https:\/\/imagenes.hoy.com.do\/files\/related_image\/files\/fp\/uploads\/2026\/04\/24\/69ec3b665ffb6.r_d.200-201.jpeg\" data-full-src=\"https:\/\/imagenes.hoy.com.do\/uploads\/2026\/04\/24\/69ec3b665ffb6.jpeg\">\n                    <img loading=\"lazy\" decoding=\"async\" width=\"140\" height=\"140\" alt=\"Mercados atento a crisis.\" src=\"https:\/\/imagenes.hoy.com.do\/uploads\/2026\/04\/24\/69ec3b665ffb6.jpeg\"\/>\n                <\/picture>\n            <\/a><br \/>\n        <\/figure>\n<\/article>\n<\/div><\/div>\n","protected":false},"excerpt":{"rendered":"<p>El papa Le\u00f3n XIV nombr\u00f3 este s\u00e1bado al italiano Giancarlo Dellagiovanna nuevo nuncio, embajador pontificio, en El Salvador, inform\u00f3 el Vaticano en un comunicado oficial. Dellagiovanna, arzobispo titular de Sistroniana, ocupaba hasta ahora la nunciatura en Burkina Faso, destino al que fue enviado por el papa Francisco en marzo de 2025. El nuevo embajador pontificio<\/p>\n","protected":false},"author":1,"featured_media":37078,"comment_status":"open","ping_status":"open","sticky":false,"template":"","format":"standard","meta":{"footnotes":""},"categories":[3],"tags":[],"class_list":["post-37077","post","type-post","status-publish","format-standard","has-post-thumbnail","hentry","category-internacionales"],"_links":{"self":[{"href":"https:\/\/acronoticias.com\/index.php\/wp-json\/wp\/v2\/posts\/37077","targetHints":{"allow":["GET"]}}],"collection":[{"href":"https:\/\/acronoticias.com\/index.php\/wp-json\/wp\/v2\/posts"}],"about":[{"href":"https:\/\/acronoticias.com\/index.php\/wp-json\/wp\/v2\/types\/post"}],"author":[{"embeddable":true,"href":"https:\/\/acronoticias.com\/index.php\/wp-json\/wp\/v2\/users\/1"}],"replies":[{"embeddable":true,"href":"https:\/\/acronoticias.com\/index.php\/wp-json\/wp\/v2\/comments?post=37077"}],"version-history":[{"count":0,"href":"https:\/\/acronoticias.com\/index.php\/wp-json\/wp\/v2\/posts\/37077\/revisions"}],"wp:featuredmedia":[{"embeddable":true,"href":"https:\/\/acronoticias.com\/index.php\/wp-json\/wp\/v2\/media\/37078"}],"wp:attachment":[{"href":"https:\/\/acronoticias.com\/index.php\/wp-json\/wp\/v2\/media?parent=37077"}],"wp:term":[{"taxonomy":"category","embeddable":true,"href":"https:\/\/acronoticias.com\/index.php\/wp-json\/wp\/v2\/categories?post=37077"},{"taxonomy":"post_tag","embeddable":true,"href":"https:\/\/acronoticias.com\/index.php\/wp-json\/wp\/v2\/tags?post=37077"}],"curies":[{"name":"wp","href":"https:\/\/api.w.org\/{rel}","templated":true}]}}