{"id":36904,"date":"2026-04-25T07:06:23","date_gmt":"2026-04-25T07:06:23","guid":{"rendered":"https:\/\/acronoticias.com\/index.php\/2026\/04\/25\/petro-y-delcy-enfrentaran-las-mafias\/"},"modified":"2026-04-25T07:06:23","modified_gmt":"2026-04-25T07:06:23","slug":"petro-y-delcy-enfrentaran-las-mafias","status":"publish","type":"post","link":"https:\/\/acronoticias.com\/index.php\/2026\/04\/25\/petro-y-delcy-enfrentaran-las-mafias\/","title":{"rendered":"Petro y Delcy enfrentar\u00e1n las \u201cmafias\u201d"},"content":{"rendered":"<div>\n<div class=\"c-detail__author full\">\n<div>\n<div class=\"c-detail__author__thumb\">\n<figure>\n                                <picture src=\"https:\/\/imagenes.hoy.com.do\/files\/image_square_xs\/uploads\/2025\/11\/18\/691c7d5bed035.jpeg\" data-size=\"w:40,h:40\">\n                                    <img decoding=\"async\" loading=\"lazy\" alt=\"EFE EFE\" width=\"40\" height=\"40\" src=\"https:\/\/imagenes.hoy.com.do\/files\/image_square_xs\/uploads\/2025\/11\/18\/691c7d5bed035.jpeg\"\/>\n                                <\/picture>\n                                <\/figure>\n<\/div>\n<\/div>\n<\/div>\n<p>                                                                                            <!-- --><\/p>\n<p class=\"paragraph\">Caracas.- EFE<\/p>\n<p class=\"paragraph\">Los presidentes de Colombia, Gustavo Petro, y de Venezuela, Delcy Rodr\u00edguez, anunciaron ayer  en Caracas un plan coordinado para combatir las econom\u00edas ilegales en la frontera com\u00fan, con medidas conjuntas contra el narcotr\u00e1fico, la miner\u00eda ilegal y la trata de personas.  La l\u00edder chavista, quien asumi\u00f3 el cargo de mandataria encargada tras la captura en enero de Nicol\u00e1s Maduro por parte de EEUU, asegur\u00f3 que los equipos de ambos pa\u00edses hicieron un \u201cabordaje muy serio y muy completo\u201d sobre el combate a los grupos criminales.\u00a0<\/p>\n<div class=\"c-detail__box \">\n<article class=\"c-detail__sumario \">\n<figure class=\"c-detail__sumario__thumb\" style=\"display: block;\">\n            <a href=\"#\" title=\"\">\n                <picture data-size=\"w:140,h:140\" loading=\"lazy\" src=\"https:\/\/imagenes.hoy.com.do\/files\/related_image\/uploads\/2026\/04\/21\/69e7e7075dcba.webp\" data-full-src=\"https:\/\/imagenes.hoy.com.do\/uploads\/2026\/04\/21\/69e7e7075dcba.webp\">\n                    <img loading=\"lazy\" decoding=\"async\" width=\"140\" height=\"140\" alt=\"Fotograf\u00eda de archivo de los pabellones de la c\u00e1rcel de Yare, Estado Miranda (Venezuela). EFE\/Miguel Guti\u00e9rrez\" src=\"https:\/\/imagenes.hoy.com.do\/uploads\/2026\/04\/21\/69e7e7075dcba.webp\"\/>\n                <\/picture>\n            <\/a><br \/>\n        <\/figure>\n<\/article>\n<\/div><\/div>\n","protected":false},"excerpt":{"rendered":"<p>Caracas.- EFE Los presidentes de Colombia, Gustavo Petro, y de Venezuela, Delcy Rodr\u00edguez, anunciaron ayer en Caracas un plan coordinado para combatir las econom\u00edas ilegales en la frontera com\u00fan, con medidas conjuntas contra el narcotr\u00e1fico, la miner\u00eda ilegal y la trata de personas. La l\u00edder chavista, quien asumi\u00f3 el cargo de mandataria encargada tras la<\/p>\n","protected":false},"author":1,"featured_media":36905,"comment_status":"open","ping_status":"open","sticky":false,"template":"","format":"standard","meta":{"footnotes":""},"categories":[3],"tags":[],"class_list":["post-36904","post","type-post","status-publish","format-standard","has-post-thumbnail","hentry","category-internacionales"],"_links":{"self":[{"href":"https:\/\/acronoticias.com\/index.php\/wp-json\/wp\/v2\/posts\/36904","targetHints":{"allow":["GET"]}}],"collection":[{"href":"https:\/\/acronoticias.com\/index.php\/wp-json\/wp\/v2\/posts"}],"about":[{"href":"https:\/\/acronoticias.com\/index.php\/wp-json\/wp\/v2\/types\/post"}],"author":[{"embeddable":true,"href":"https:\/\/acronoticias.com\/index.php\/wp-json\/wp\/v2\/users\/1"}],"replies":[{"embeddable":true,"href":"https:\/\/acronoticias.com\/index.php\/wp-json\/wp\/v2\/comments?post=36904"}],"version-history":[{"count":0,"href":"https:\/\/acronoticias.com\/index.php\/wp-json\/wp\/v2\/posts\/36904\/revisions"}],"wp:featuredmedia":[{"embeddable":true,"href":"https:\/\/acronoticias.com\/index.php\/wp-json\/wp\/v2\/media\/36905"}],"wp:attachment":[{"href":"https:\/\/acronoticias.com\/index.php\/wp-json\/wp\/v2\/media?parent=36904"}],"wp:term":[{"taxonomy":"category","embeddable":true,"href":"https:\/\/acronoticias.com\/index.php\/wp-json\/wp\/v2\/categories?post=36904"},{"taxonomy":"post_tag","embeddable":true,"href":"https:\/\/acronoticias.com\/index.php\/wp-json\/wp\/v2\/tags?post=36904"}],"curies":[{"name":"wp","href":"https:\/\/api.w.org\/{rel}","templated":true}]}}