{"id":36902,"date":"2026-04-25T06:56:38","date_gmt":"2026-04-25T06:56:38","guid":{"rendered":"https:\/\/acronoticias.com\/index.php\/2026\/04\/25\/ministerio-de-defensa-entrega-fusiles-de-asalto-y-ametralladoras-de-alta-tecnologia-al-ejercito\/"},"modified":"2026-04-25T06:56:38","modified_gmt":"2026-04-25T06:56:38","slug":"ministerio-de-defensa-entrega-fusiles-de-asalto-y-ametralladoras-de-alta-tecnologia-al-ejercito","status":"publish","type":"post","link":"https:\/\/acronoticias.com\/index.php\/2026\/04\/25\/ministerio-de-defensa-entrega-fusiles-de-asalto-y-ametralladoras-de-alta-tecnologia-al-ejercito\/","title":{"rendered":"Ministerio de Defensa entrega fusiles de asalto y ametralladoras de alta tecnolog\u00eda al Ej\u00e9rcito"},"content":{"rendered":"<div data-td-block-uid=\"tdi_100\">\n<div class=\"tdb-block-inner td-fix-index\">\n<p><strong>SANTO DOMINGO.<\/strong>\u2013 El Ministerio de Defensa entreg\u00f3 un lote de armamento moderno y avituallamiento al Ej\u00e9rcito de Rep\u00fablica Dominicana, destinado a fortalecer la capacidad de respuesta de sus unidades \u00e9lite.<\/p>\n<p>La nueva dotaci\u00f3n incluye fusiles IWI ARAD calibre 5.56, ametralladoras Negev calibre 7.62 para plataformas de patrullaje, y fusiles de precisi\u00f3n de las marcas Barrett y Daniel Defense.<\/p>\n<p>Adem\u00e1s, las tropas recibieron m\u00e1s de 11,000 uniformes de faena producidos por la Industria Militar Dominicana.<br \/>Este equipamiento ser\u00e1 distribuido entre los tres batallones de la Primera Brigada de Infanter\u00eda (Juan Pablo Duarte, Francisco del Rosario S\u00e1nchez y Mat\u00edas Ram\u00f3n Mella) y el Batall\u00f3n de Comandos.<\/p>\n<p>Seg\u00fan inform\u00f3 la instituci\u00f3n, la iniciativa responde a las directrices del presidente Luis Abinader para modernizar las Fuerzas Armadas y elevar la listeza operacional en la defensa del territorio nacional.<\/p>\n<p>El acto, realizado en el Campamento Militar \u201c16 de Agosto\u201d, fue encabezado por el ministro de Defensa, teniente general Carlos Antonio Fern\u00e1ndez Onofre, ERD, y el equipamiento fue recibido por el comandante general del Ej\u00e9rcito, mayor general Jorge Iv\u00e1n Camino P\u00e9rez, ERD.<\/p>\n<p>A la actividad asistieron los viceministros de Defensa, el Inspector General de las Fuerzas Armadas y miembros del Estado Mayor General.<\/p>\n<\/div>\n<\/div>\n","protected":false},"excerpt":{"rendered":"<p>SANTO DOMINGO.\u2013 El Ministerio de Defensa entreg\u00f3 un lote de armamento moderno y avituallamiento al Ej\u00e9rcito de Rep\u00fablica Dominicana, destinado a fortalecer la capacidad de respuesta de sus unidades \u00e9lite. La nueva dotaci\u00f3n incluye fusiles IWI ARAD calibre 5.56, ametralladoras Negev calibre 7.62 para plataformas de patrullaje, y fusiles de precisi\u00f3n de las marcas Barrett<\/p>\n","protected":false},"author":1,"featured_media":36903,"comment_status":"open","ping_status":"open","sticky":false,"template":"","format":"standard","meta":{"footnotes":""},"categories":[1],"tags":[],"class_list":["post-36902","post","type-post","status-publish","format-standard","has-post-thumbnail","hentry","category-nacionales"],"_links":{"self":[{"href":"https:\/\/acronoticias.com\/index.php\/wp-json\/wp\/v2\/posts\/36902","targetHints":{"allow":["GET"]}}],"collection":[{"href":"https:\/\/acronoticias.com\/index.php\/wp-json\/wp\/v2\/posts"}],"about":[{"href":"https:\/\/acronoticias.com\/index.php\/wp-json\/wp\/v2\/types\/post"}],"author":[{"embeddable":true,"href":"https:\/\/acronoticias.com\/index.php\/wp-json\/wp\/v2\/users\/1"}],"replies":[{"embeddable":true,"href":"https:\/\/acronoticias.com\/index.php\/wp-json\/wp\/v2\/comments?post=36902"}],"version-history":[{"count":0,"href":"https:\/\/acronoticias.com\/index.php\/wp-json\/wp\/v2\/posts\/36902\/revisions"}],"wp:featuredmedia":[{"embeddable":true,"href":"https:\/\/acronoticias.com\/index.php\/wp-json\/wp\/v2\/media\/36903"}],"wp:attachment":[{"href":"https:\/\/acronoticias.com\/index.php\/wp-json\/wp\/v2\/media?parent=36902"}],"wp:term":[{"taxonomy":"category","embeddable":true,"href":"https:\/\/acronoticias.com\/index.php\/wp-json\/wp\/v2\/categories?post=36902"},{"taxonomy":"post_tag","embeddable":true,"href":"https:\/\/acronoticias.com\/index.php\/wp-json\/wp\/v2\/tags?post=36902"}],"curies":[{"name":"wp","href":"https:\/\/api.w.org\/{rel}","templated":true}]}}