{"id":36892,"date":"2026-04-25T06:05:35","date_gmt":"2026-04-25T06:05:35","guid":{"rendered":"https:\/\/acronoticias.com\/index.php\/2026\/04\/25\/papa-afirma-pena-muerte-es-inadmisible-para-la-iglesia\/"},"modified":"2026-04-25T06:05:35","modified_gmt":"2026-04-25T06:05:35","slug":"papa-afirma-pena-muerte-es-inadmisible-para-la-iglesia","status":"publish","type":"post","link":"https:\/\/acronoticias.com\/index.php\/2026\/04\/25\/papa-afirma-pena-muerte-es-inadmisible-para-la-iglesia\/","title":{"rendered":"Papa afirma pena muerte es inadmisible para la Iglesia"},"content":{"rendered":"<div>\n<div class=\"c-detail__author full\">\n<div>\n<div class=\"c-detail__author__thumb\">\n<figure>\n                                <picture src=\"https:\/\/imagenes.hoy.com.do\/files\/image_square_xs\/uploads\/2025\/11\/18\/691c7d5bed035.jpeg\" data-size=\"w:40,h:40\">\n                                    <img decoding=\"async\" loading=\"lazy\" alt=\"EFE EFE\" width=\"40\" height=\"40\" src=\"https:\/\/imagenes.hoy.com.do\/files\/image_square_xs\/uploads\/2025\/11\/18\/691c7d5bed035.jpeg\"\/>\n                                <\/picture>\n                                <\/figure>\n<\/div>\n<\/div>\n<\/div>\n<p>                                                                                            <!-- --><\/p>\n<p class=\"paragraph\">Ciudad del Vaticano.- EFE<\/p>\n<p class=\"paragraph\"><b>El papa Le\u00f3n XIV r<\/b>eiter\u00f3 ayer, viernes, que la pena de muerte es <b>\u201cinadmisible\u201d<\/b> para la Iglesia y defendi\u00f3 que la dignidad de la persona \u201cno se pierde ni siquiera despu\u00e9s de haber cometido delitos muy graves&#8221;.<\/p>\n<p class=\"paragraph\">En un videomensaje enviado con motivo del 15\u00ba aniversario de la abolici\u00f3n de la pena capital en el estado de Illinois (EE.UU.), su lugar de nacimiento, el pont\u00edfice sostuvo que el derecho a la vida es \u201cel fundamento mismo de cualquier otro derecho humano&#8221;.<\/p>\n<p class=\"paragraph\"><i><b>\u201cAfirmamos que la dignidad de la persona no se pierde ni siquiera despu\u00e9s de haber cometido delitos muy graves\u201d, dijo el papa estadounidense en un v\u00eddeo en ingl\u00e9s dirigido a los asistentes al acto en la Universidad DePaul de Chicago.<\/b><\/i><\/p>\n<p class=\"paragraph\">Y a\u00f1adi\u00f3- \u201cAdem\u00e1s, se pueden desarrollar, y se han desarrollado, sistemas de detenci\u00f3n eficaces que protegen a los ciudadanos y, al mismo tiempo, no privan completamente a los culpables de la posibilidad de redenci\u00f3n&#8221;.<\/p>\n<div class=\"c-detail__box \">\n<article class=\"c-detail__sumario \">\n<figure class=\"c-detail__sumario__thumb\" style=\"display: block;\">\n            <a href=\"#\" title=\"\">\n                <picture data-size=\"w:140,h:140\" loading=\"lazy\" src=\"https:\/\/imagenes.hoy.com.do\/files\/related_image\/files\/fp\/uploads\/2026\/04\/24\/69eaf38a5eb02.r_d.507-311.jpeg\" data-full-src=\"https:\/\/imagenes.hoy.com.do\/uploads\/2026\/04\/24\/69eaf38a5eb02.jpeg\">\n                    <img loading=\"lazy\" decoding=\"async\" width=\"140\" height=\"140\" alt=\"Papa Le\u00f3n XIV bendice fieles en  Guinea Ecuatorial.  EFE\" src=\"https:\/\/imagenes.hoy.com.do\/uploads\/2026\/04\/24\/69eaf38a5eb02.jpeg\"\/>\n                <\/picture>\n            <\/a><br \/>\n        <\/figure>\n<\/article>\n<\/div>\n<p class=\"paragraph\">Tambi\u00e9n record\u00f3 que la Iglesia ense\u00f1a sistem\u00e1ticamente que toda vida humana, \u201cdesde la concepci\u00f3n hasta la muerte natural, es sagrada y merece ser protegida&#8221;.<\/p>\n<p class=\"paragraph\">Le\u00f3n XIV se\u00f1al\u00f3 que tanto el papa Francisco como sus predecesores \u201cinsistieron repetidamente en que se puede salvaguardar el bien com\u00fan y cumplir las exigencias de la justicia sin recurrir a la pena capital&#8221;.<\/p>\n<p class=\"paragraph\">Asimismo, cit\u00f3 el Catecismo de la Iglesia Cat\u00f3lica para recalcar que esta pr\u00e1ctica es \u201cinadmisible porque atenta contra la inviolabilidad y la dignidad de la persona&#8221;.<\/p>\n<p class=\"paragraph\">Al final del mensaje, Le\u00f3n XIV celebr\u00f3 la decisi\u00f3n hist\u00f3rica tomada por el gobernador de Illinois en 2011 y ofreci\u00f3 su apoyo a quienes trabajan por el fin de la pena m\u00e1xima \u201cen Estados Unidos de Am\u00e9rica y en todo el mundo&#8221;.\u00a0<\/p>\n<\/p><\/div>\n","protected":false},"excerpt":{"rendered":"<p>Ciudad del Vaticano.- EFE El papa Le\u00f3n XIV reiter\u00f3 ayer, viernes, que la pena de muerte es \u201cinadmisible\u201d para la Iglesia y defendi\u00f3 que la dignidad de la persona \u201cno se pierde ni siquiera despu\u00e9s de haber cometido delitos muy graves&#8221;. En un videomensaje enviado con motivo del 15\u00ba aniversario de la abolici\u00f3n de la<\/p>\n","protected":false},"author":1,"featured_media":36893,"comment_status":"open","ping_status":"open","sticky":false,"template":"","format":"standard","meta":{"footnotes":""},"categories":[3],"tags":[],"class_list":["post-36892","post","type-post","status-publish","format-standard","has-post-thumbnail","hentry","category-internacionales"],"_links":{"self":[{"href":"https:\/\/acronoticias.com\/index.php\/wp-json\/wp\/v2\/posts\/36892","targetHints":{"allow":["GET"]}}],"collection":[{"href":"https:\/\/acronoticias.com\/index.php\/wp-json\/wp\/v2\/posts"}],"about":[{"href":"https:\/\/acronoticias.com\/index.php\/wp-json\/wp\/v2\/types\/post"}],"author":[{"embeddable":true,"href":"https:\/\/acronoticias.com\/index.php\/wp-json\/wp\/v2\/users\/1"}],"replies":[{"embeddable":true,"href":"https:\/\/acronoticias.com\/index.php\/wp-json\/wp\/v2\/comments?post=36892"}],"version-history":[{"count":0,"href":"https:\/\/acronoticias.com\/index.php\/wp-json\/wp\/v2\/posts\/36892\/revisions"}],"wp:featuredmedia":[{"embeddable":true,"href":"https:\/\/acronoticias.com\/index.php\/wp-json\/wp\/v2\/media\/36893"}],"wp:attachment":[{"href":"https:\/\/acronoticias.com\/index.php\/wp-json\/wp\/v2\/media?parent=36892"}],"wp:term":[{"taxonomy":"category","embeddable":true,"href":"https:\/\/acronoticias.com\/index.php\/wp-json\/wp\/v2\/categories?post=36892"},{"taxonomy":"post_tag","embeddable":true,"href":"https:\/\/acronoticias.com\/index.php\/wp-json\/wp\/v2\/tags?post=36892"}],"curies":[{"name":"wp","href":"https:\/\/api.w.org\/{rel}","templated":true}]}}