{"id":36890,"date":"2026-04-25T05:52:48","date_gmt":"2026-04-25T05:52:48","guid":{"rendered":"https:\/\/acronoticias.com\/index.php\/2026\/04\/25\/culmina-cumbre-del-sica-en-rd-con-pacto-de-modernizacion-y-apoyo-de-la-cepal\/"},"modified":"2026-04-25T05:52:48","modified_gmt":"2026-04-25T05:52:48","slug":"culmina-cumbre-del-sica-en-rd-con-pacto-de-modernizacion-y-apoyo-de-la-cepal","status":"publish","type":"post","link":"https:\/\/acronoticias.com\/index.php\/2026\/04\/25\/culmina-cumbre-del-sica-en-rd-con-pacto-de-modernizacion-y-apoyo-de-la-cepal\/","title":{"rendered":"Culmina cumbre del SICA en RD con pacto de modernizaci\u00f3n y apoyo de la Cepal"},"content":{"rendered":"<div>\n<p>Santo Domingo.- El Sistema de la Integraci\u00f3n Centroamericana (SICA) destac\u00f3 este viernes su rol como un \u00abespacio estrat\u00e9gico\u00bb para la concertaci\u00f3n regional y fortalecimiento de una voz com\u00fan en los foros globales, en un contexto internacional caracterizado por \u00abcrecientes\u00bb y \u00abcomplejos\u00bb desaf\u00edos econ\u00f3micos, sociales y geopol\u00edticos.<\/p>\n<p>\u00abEl SICA es un mecanismo estrat\u00e9gico para la concertaci\u00f3n pol\u00edtica, la coordinaci\u00f3n regional y la proyecci\u00f3n internacional de nuestros pa\u00edses miembros, en l\u00ednea con su compromiso con una regi\u00f3n m\u00e1s cohesionada y resiliente\u00bb, expres\u00f3 el organismo en el documento final de la nonag\u00e9sima tercera reuni\u00f3n del Consejo de Ministros de Relaciones Exteriores del SICA, que se celebr\u00f3 en Santo Domingo.<\/p>\n<p>La reuni\u00f3n de ministros y viceministros de Exteriores acord\u00f3 impulsar una agenda de integraci\u00f3n basada en el \u00abdi\u00e1logo pol\u00edtico y la colaboraci\u00f3n entre pa\u00edses hermanos; promoviendo la transparencia, la rendici\u00f3n de cuentas y el fortalecimiento de los v\u00ednculos con los socios para el desarrollo\u00bb, a fin de ampliar las oportunidades de cooperaci\u00f3n.<\/p>\n<p>El SICA valor\u00f3 el \u00abcompromiso\u00bb expresado durante la reuni\u00f3n por la Comisi\u00f3n Econ\u00f3mica para Am\u00e9rica Latina y el Caribe (CEPAL) de acompa\u00f1ar t\u00e9cnicamente al proceso de integraci\u00f3n regional, reconociendo su \u00abvaliosa contribuci\u00f3n\u00bb en materia de an\u00e1lisis econ\u00f3mico, resiliencia clim\u00e1tica, desarrollo sostenible y fortalecimiento institucional.<\/p>\n<p>\u00abEsto nos permitir\u00e1 avanzar hacia una agenda regional que consolide las principales directrices y lineamientos estrat\u00e9gicos de car\u00e1cter pol\u00edtico para el Sistema de la Integraci\u00f3n Centroamericana\u00bb, refiri\u00f3 el documento.<\/p>\n<p>El encuentro, realizado en Rep\u00fablica Dominicana al concluir este pa\u00eds su per\u00edodo en la presidencia pro tempore del organismo, asumi\u00f3 un reglamento relativo a la integraci\u00f3n, qu\u00f3rum y adopci\u00f3n de decisiones de los \u00f3rganos e instancias regionales del SICA, para asumir posturas oportunas, eficaces y continuas.<\/p>\n<p>Los Estados miembros avanzaron en la definici\u00f3n de una hoja de ruta consensuada para la elecci\u00f3n de la nueva titularidad de la secretar\u00eda general del SICA, como reflejo de su voluntad de fortalecer la conducci\u00f3n estrat\u00e9gica del Sistema, asegurar la continuidad institucional y mejorar su capacidad de respuesta ante los desaf\u00edos regionales.<\/p>\n<p>Del encuentro participaron el ministro de Relaciones Exteriores dominicano, Roberto \u00c1lvarez, y sus hom\u00f3logos de Costa Rica, Arnoldo Tinoco; El Salvador, Alexandra Hill Tinoco, y Guatemala, Carlos Mart\u00ednez Alvarado.<\/p>\n<p>Asimismo, los viceministros de Exteriores de Honduras, Pamela Handal; Panam\u00e1, Carlos Guevara, y Belice, Amalia Mai.<\/p>\n<\/div>\n","protected":false},"excerpt":{"rendered":"<p>Santo Domingo.- El Sistema de la Integraci\u00f3n Centroamericana (SICA) destac\u00f3 este viernes su rol como un \u00abespacio estrat\u00e9gico\u00bb para la concertaci\u00f3n regional y fortalecimiento de una voz com\u00fan en los foros globales, en un contexto internacional caracterizado por \u00abcrecientes\u00bb y \u00abcomplejos\u00bb desaf\u00edos econ\u00f3micos, sociales y geopol\u00edticos. \u00abEl SICA es un mecanismo estrat\u00e9gico para la concertaci\u00f3n<\/p>\n","protected":false},"author":1,"featured_media":36891,"comment_status":"open","ping_status":"open","sticky":false,"template":"","format":"standard","meta":{"footnotes":""},"categories":[1],"tags":[],"class_list":["post-36890","post","type-post","status-publish","format-standard","has-post-thumbnail","hentry","category-nacionales"],"_links":{"self":[{"href":"https:\/\/acronoticias.com\/index.php\/wp-json\/wp\/v2\/posts\/36890","targetHints":{"allow":["GET"]}}],"collection":[{"href":"https:\/\/acronoticias.com\/index.php\/wp-json\/wp\/v2\/posts"}],"about":[{"href":"https:\/\/acronoticias.com\/index.php\/wp-json\/wp\/v2\/types\/post"}],"author":[{"embeddable":true,"href":"https:\/\/acronoticias.com\/index.php\/wp-json\/wp\/v2\/users\/1"}],"replies":[{"embeddable":true,"href":"https:\/\/acronoticias.com\/index.php\/wp-json\/wp\/v2\/comments?post=36890"}],"version-history":[{"count":0,"href":"https:\/\/acronoticias.com\/index.php\/wp-json\/wp\/v2\/posts\/36890\/revisions"}],"wp:featuredmedia":[{"embeddable":true,"href":"https:\/\/acronoticias.com\/index.php\/wp-json\/wp\/v2\/media\/36891"}],"wp:attachment":[{"href":"https:\/\/acronoticias.com\/index.php\/wp-json\/wp\/v2\/media?parent=36890"}],"wp:term":[{"taxonomy":"category","embeddable":true,"href":"https:\/\/acronoticias.com\/index.php\/wp-json\/wp\/v2\/categories?post=36890"},{"taxonomy":"post_tag","embeddable":true,"href":"https:\/\/acronoticias.com\/index.php\/wp-json\/wp\/v2\/tags?post=36890"}],"curies":[{"name":"wp","href":"https:\/\/api.w.org\/{rel}","templated":true}]}}