{"id":36884,"date":"2026-04-25T05:18:49","date_gmt":"2026-04-25T05:18:49","guid":{"rendered":"https:\/\/acronoticias.com\/index.php\/2026\/04\/25\/centros-educativos-catolicos-celebran-viii-juegos-diocesanos-2026-reconocen-al-ministro-miguel-de-camps-garcia\/"},"modified":"2026-04-25T05:18:49","modified_gmt":"2026-04-25T05:18:49","slug":"centros-educativos-catolicos-celebran-viii-juegos-diocesanos-2026-reconocen-al-ministro-miguel-de-camps-garcia","status":"publish","type":"post","link":"https:\/\/acronoticias.com\/index.php\/2026\/04\/25\/centros-educativos-catolicos-celebran-viii-juegos-diocesanos-2026-reconocen-al-ministro-miguel-de-camps-garcia\/","title":{"rendered":"Centros educativos cat\u00f3licos celebran VIII Juegos Diocesanos 2026; reconocen al ministro Miguel De Camps Garc\u00eda"},"content":{"rendered":"<p><img decoding=\"async\" width=\"355\" height=\"200\" src=\"https:\/\/nuevodiario-assets.s3.us-east-2.amazonaws.com\/wp-content\/uploads\/2026\/04\/Ministro-De-Camps-recibe-homenaje-en-Juegos-Deportivos-Diocesanos-3-355x200.jpg\" class=\"webfeedsFeaturedVisual not-transparent wp-post-image\" alt=\"\" style=\"--dominant-color: #706263;margin-bottom: 5px;clear:both;max-width: 100%\" loading=\"lazy\" data-has-transparency=\"false\" data-dominant-color=\"706263\" \/><\/p>\n<p>Por<strong> Rafael Acosta<\/strong><\/p>\n<p>EL NUEVO DIARIO, SAN JUAN.- La Di\u00f3cesis de San Juan de la Maguana dio inicio formal a la octava edici\u00f3n de los Juegos Deportivos Diocesanos 2026, un evento que congrega a casi 900 estudiantes de 27 centros educativos cat\u00f3licos y que este a\u00f1o rinde homenaje al ministro de Educaci\u00f3n, Luis Miguel De Camps Garc\u00eda.<\/p>\n<p>La justa deportiva re\u00fane a delegaciones escolares de las provincias de Azua, San Juan y El\u00edas Pi\u00f1a, consolid\u00e1ndose como el evento atl\u00e9tico-escolar m\u00e1s importante de la regi\u00f3n sur bajo la orientaci\u00f3n de la Iglesia cat\u00f3lica.<\/p>\n<p>El acto inici\u00f3 con la bendici\u00f3n de S.E.R. monse\u00f1or Tom\u00e1s Alejo Concepci\u00f3n, Obispo de la Di\u00f3cesis, quien destac\u00f3 la relevancia de este encuentro para la juventud y agradeci\u00f3 la presencia y el apoyo del ministro De Camps Garc\u00eda.<img loading=\"lazy\" decoding=\"async\" data-recalc-dims=\"1\" data-dominant-color=\"6b6675\" data-has-transparency=\"false\" style=\"--dominant-color: #6b6675\" class=\"alignnone size-full wp-image-3096767 not-transparent\" src=\"https:\/\/i0.wp.com\/nuevodiario-assets.s3.us-east-2.amazonaws.com\/wp-content\/uploads\/2026\/04\/Ministro-De-Camps-recibe-homenaje-en-Juegos-Deportivos-Diocesanos-2.jpg?resize=640%2C360&#038;quality=100&#038;ssl=1\" alt=\"\" width=\"640\" height=\"360\" \/><\/p>\n<p>De su lado el Rvdo. P. Ram\u00f3n Emilio del Rosario Adames (Frankelo), vicario de Educaci\u00f3n de la Di\u00f3cesis de San Juan de la Maguana y enlace entre los centros educativos cat\u00f3licos y el Ministerio de Educaci\u00f3n dio las palabras de bienvenida a los presentes y al igual que el obispo tambi\u00e9n valor\u00f3 como positiva la presencia del incumbente de la educaci\u00f3n a nivel nacional.<\/p>\n<p>Durante la ceremonia, la estudiante Ayl\u00edn del Rosario, representante del Centro Educativo Cristo Rey, tuvo a su cargo la juramentaci\u00f3n de los atletas, quienes se comprometieron a competir bajo los valores de la \u00e9tica y el compa\u00f1erismo.<\/p>\n<p>En su discurso central, el ministro Luis Miguel De Camps Garc\u00eda enfatiz\u00f3 que el deporte es una herramienta fundamental para la formaci\u00f3n del car\u00e1cter y la disciplina.<\/p>\n<p>\u00abEn estos juegos no solo se mide qui\u00e9n corre m\u00e1s r\u00e1pido o qui\u00e9n encesta m\u00e1s puntos; lo que evaluamos es qui\u00e9n persevera y qui\u00e9n sabe ganar o perder con dignidad. En el deporte, como en la vida, no siempre se gana, pero siempre se aprende\u00bb, afirm\u00f3 el funcionario.<\/p>\n<p>Asimismo, exhort\u00f3 a los j\u00f3venes a mantener la fe en Dios y en su propia capacidad de lograr metas a trav\u00e9s del esfuerzo constante.<\/p>\n<p>Tras sus palabras, el ministro recibi\u00f3 un reconocimiento especial por parte de los directivos de los centros educativos de la di\u00f3cesis.<\/p>\n<p>El evento qued\u00f3 oficialmente inaugurado tras un saque de honor en la cancha de baloncesto, donde el ministro asisti\u00f3 a un estudiante para encestar el primer bal\u00f3n del torneo.<img loading=\"lazy\" decoding=\"async\" data-recalc-dims=\"1\" data-dominant-color=\"81746e\" data-has-transparency=\"false\" style=\"--dominant-color: #81746e\" class=\"alignnone size-full wp-image-3096768 not-transparent\" src=\"https:\/\/i0.wp.com\/nuevodiario-assets.s3.us-east-2.amazonaws.com\/wp-content\/uploads\/2026\/04\/Ministro-De-Camps-recibe-homenaje-en-Juegos-Deportivos-Diocesanos.jpg?resize=640%2C350&#038;quality=100&#038;ssl=1\" alt=\"\" width=\"640\" height=\"350\" \/><\/p>\n<p>La actividad cont\u00f3 con diversas presentaciones art\u00edsticas y culturales que dieron colorido a la jornada.<\/p>\n<p>Entre las disciplinas que se desarrollaron durante los juegos se encuentran ajedrez, baloncesto, f\u00fatbol, voleibol, atletismo y actividades recreativas.<\/p>\n<p>El evento cont\u00f3 con una nutrida representaci\u00f3n de autoridades, entre ellas la gobernadora provincial de San Juan, doctora Ana Mar\u00eda Castillo Mateo; el director ejecutivo del INEFI, Alberto Rodr\u00edguez Mella; el director Regional de Educaci\u00f3n 02 San Juan-El\u00edas Pi\u00f1a, Pablo Modesto Espinosa Lebr\u00f3n; diputado por la provincia San Juan, Carlos Morillo; director del Distrito Educativo 02-06, Angel Mateo; directora del Distrito Educativo 02-05, Sandra Josefina de los Santos; director Distrito Educativo 02-04, Elys Beatriz Mateo; director del Distrito Educativo 02-02, Qu\u00edrico Ram\u00edrez; de Planificaci\u00f3n Educativa, Ayacx Mercedes Contreras y de la Polic\u00eda Escolar, teniente coronel Ruddy Duval, entre otros.<\/p>\n<p>La entrada <a href=\"https:\/\/elnuevodiario.com.do\/centros-educativos-catolicos-celebran-viii-juegos-diocesanos-2026-reconocen-al-ministro-miguel-de-camps-garcia\/\">Centros educativos cat\u00f3licos celebran VIII Juegos Diocesanos 2026; reconocen al ministro Miguel De Camps Garc\u00eda<\/a> se public\u00f3 primero en <a href=\"https:\/\/elnuevodiario.com.do\">El Nuevo Diario (Rep\u00fablica Dominicana)<\/a>.<\/p>\n","protected":false},"excerpt":{"rendered":"<p>Por Rafael Acosta EL NUEVO DIARIO, SAN JUAN.- La Di\u00f3cesis de San Juan de la Maguana dio inicio formal a la octava edici\u00f3n de los Juegos Deportivos Diocesanos 2026, un evento que congrega a casi 900 estudiantes de 27 centros educativos cat\u00f3licos y que este a\u00f1o rinde homenaje al ministro de Educaci\u00f3n, Luis Miguel De<\/p>\n","protected":false},"author":1,"featured_media":36885,"comment_status":"open","ping_status":"open","sticky":false,"template":"","format":"standard","meta":{"footnotes":""},"categories":[2],"tags":[],"class_list":["post-36884","post","type-post","status-publish","format-standard","has-post-thumbnail","hentry","category-deporte"],"_links":{"self":[{"href":"https:\/\/acronoticias.com\/index.php\/wp-json\/wp\/v2\/posts\/36884","targetHints":{"allow":["GET"]}}],"collection":[{"href":"https:\/\/acronoticias.com\/index.php\/wp-json\/wp\/v2\/posts"}],"about":[{"href":"https:\/\/acronoticias.com\/index.php\/wp-json\/wp\/v2\/types\/post"}],"author":[{"embeddable":true,"href":"https:\/\/acronoticias.com\/index.php\/wp-json\/wp\/v2\/users\/1"}],"replies":[{"embeddable":true,"href":"https:\/\/acronoticias.com\/index.php\/wp-json\/wp\/v2\/comments?post=36884"}],"version-history":[{"count":0,"href":"https:\/\/acronoticias.com\/index.php\/wp-json\/wp\/v2\/posts\/36884\/revisions"}],"wp:featuredmedia":[{"embeddable":true,"href":"https:\/\/acronoticias.com\/index.php\/wp-json\/wp\/v2\/media\/36885"}],"wp:attachment":[{"href":"https:\/\/acronoticias.com\/index.php\/wp-json\/wp\/v2\/media?parent=36884"}],"wp:term":[{"taxonomy":"category","embeddable":true,"href":"https:\/\/acronoticias.com\/index.php\/wp-json\/wp\/v2\/categories?post=36884"},{"taxonomy":"post_tag","embeddable":true,"href":"https:\/\/acronoticias.com\/index.php\/wp-json\/wp\/v2\/tags?post=36884"}],"curies":[{"name":"wp","href":"https:\/\/api.w.org\/{rel}","templated":true}]}}