{"id":36873,"date":"2026-04-25T04:15:40","date_gmt":"2026-04-25T04:15:40","guid":{"rendered":"https:\/\/acronoticias.com\/index.php\/2026\/04\/25\/iglesia-evangelica-sugiere-plan-de-seguridad-alimentaria-ante-crisis-internacional-gobierno-ve-medidas-estan-funcionando\/"},"modified":"2026-04-25T04:15:40","modified_gmt":"2026-04-25T04:15:40","slug":"iglesia-evangelica-sugiere-plan-de-seguridad-alimentaria-ante-crisis-internacional-gobierno-ve-medidas-estan-funcionando","status":"publish","type":"post","link":"https:\/\/acronoticias.com\/index.php\/2026\/04\/25\/iglesia-evangelica-sugiere-plan-de-seguridad-alimentaria-ante-crisis-internacional-gobierno-ve-medidas-estan-funcionando\/","title":{"rendered":"Iglesia evang\u00e9lica sugiere plan de seguridad alimentaria ante crisis internacional; Gobierno ve medidas est\u00e1n funcionando"},"content":{"rendered":"<p><img decoding=\"async\" width=\"355\" height=\"200\" src=\"https:\/\/nuevodiario-assets.s3.us-east-2.amazonaws.com\/wp-content\/uploads\/2026\/04\/Comision-de-la-iglesia-y-del-Gobierno-355x200.jpeg\" class=\"webfeedsFeaturedVisual not-transparent wp-post-image\" alt=\"\" style=\"--dominant-color: #a7aaa6;margin-bottom: 5px;clear:both;max-width: 100%\" loading=\"lazy\" data-has-transparency=\"false\" data-dominant-color=\"a7aaa6\" \/><\/p>\n<section class=\"text-token-text-primary w-full focus:outline-none [--shadow-height:45px] has-data-writing-block:pointer-events-none has-data-writing-block:-mt-(--shadow-height) has-data-writing-block:pt-(--shadow-height) [&amp;:has([data-writing-block])&gt;*]:pointer-events-auto [content-visibility:auto] supports-[content-visibility:auto]:[contain-intrinsic-size:auto_100lvh] R6Vx5W_threadScrollVars scroll-mb-[calc(var(--scroll-root-safe-area-inset-bottom,0px)+var(--thread-response-height))] scroll-mt-[calc(var(--header-height)+min(200px,max(70px,20svh)))]\" dir=\"auto\" data-turn-id=\"request-WEB:859b7350-6dd8-4d37-9c9e-bbc4fe8fa950-9\" data-testid=\"conversation-turn-20\" data-scroll-anchor=\"false\" data-turn=\"assistant\">\n<div class=\"text-base my-auto mx-auto pb-10 [--thread-content-margin:var(--thread-content-margin-xs,calc(var(--spacing)*4))] @w-sm\/main:[--thread-content-margin:var(--thread-content-margin-sm,calc(var(--spacing)*6))] @w-lg\/main:[--thread-content-margin:var(--thread-content-margin-lg,calc(var(--spacing)*16))] px-(--thread-content-margin)\">\n<div class=\"[--thread-content-max-width:40rem] @w-lg\/main:[--thread-content-max-width:48rem] mx-auto max-w-(--thread-content-max-width) flex-1 group\/turn-messages focus-visible:outline-hidden relative flex w-full min-w-0 flex-col agent-turn\">\n<div class=\"flex max-w-full flex-col gap-4 grow\">\n<div class=\"min-h-8 text-message relative flex w-full flex-col items-end gap-2 text-start break-words whitespace-normal outline-none keyboard-focused:focus-ring [.text-message+&amp;]:mt-1\" dir=\"auto\" data-message-author-role=\"assistant\" data-message-id=\"259c075f-65b4-4719-ba1d-c62f1495296b\" data-message-model-slug=\"gpt-5-3\" data-turn-start-message=\"true\">\n<div class=\"flex w-full flex-col gap-1 empty:hidden\">\n<div class=\"markdown prose dark:prose-invert w-full wrap-break-word light markdown-new-styling\">\n<p data-start=\"127\" data-end=\"397\">EL NUEVO DIARIO, SANTO DOMINGO.\u2013 Representantes de iglesias evang\u00e9licas plantearon al Gobierno dominicano la implementaci\u00f3n de un plan nacional de seguridad alimentaria como respuesta preventiva ante el impacto de la crisis internacional, especialmente por el conflicto en Oriente Medio.<\/p>\n<p data-start=\"399\" data-end=\"696\">La propuesta fue presentada durante un encuentro encabezado por el presidente de la Comunidad Apost\u00f3lica Internacional (COAPIN), <span class=\"hover:entity-accent entity-underline inline cursor-pointer align-baseline\"><span class=\"whitespace-normal\">Reynaldo Franco Aquino<\/span><\/span>, quien valor\u00f3 las acciones oficiales y destac\u00f3 la importancia de garantizar el acceso a alimentos en un escenario global incierto.<\/p>\n<p data-start=\"698\" data-end=\"981\">La reuni\u00f3n, en la que participaron funcionarios del Gobierno y l\u00edderes religiosos, forma parte de una serie de consultas impulsadas por el presidente <span class=\"hover:entity-accent entity-underline inline cursor-pointer align-baseline\"><span class=\"whitespace-normal\">Luis Abinader<\/span><\/span> para fortalecer la capacidad de respuesta nacional ante los efectos de la crisis internacional.<\/p>\n<p data-start=\"983\" data-end=\"1227\">En ese contexto, el ministro de la Presidencia, <span class=\"hover:entity-accent entity-underline inline cursor-pointer align-baseline\"><span class=\"whitespace-normal\">Jos\u00e9 Ignacio Paliza<\/span><\/span>, explic\u00f3 que el di\u00e1logo con distintos sectores busca recoger propuestas que contribuyan a consolidar la estrategia oficial frente al complejo panorama global.<\/p>\n<p data-start=\"1229\" data-end=\"1427\">Por su parte, el ministro de Industria, Comercio y Mipymes, <span class=\"hover:entity-accent entity-underline inline cursor-pointer align-baseline\"><span class=\"whitespace-normal\">Eduardo Sanz Lovat\u00f3n<\/span><\/span>, asegur\u00f3 que, pese a las tensiones externas, la econom\u00eda dominicana mantiene un desempe\u00f1o favorable.<\/p>\n<p data-start=\"1429\" data-end=\"1675\">Indic\u00f3 que en marzo el pa\u00eds registr\u00f3 un crecimiento superior al 5 % y alcanz\u00f3 niveles hist\u00f3ricos en exportaciones, lo que \u2014seg\u00fan afirm\u00f3\u2014 refleja la efectividad de las medidas adoptadas para contener la inflaci\u00f3n y proteger la producci\u00f3n nacional.<\/p>\n<p data-start=\"1677\" data-end=\"1887\">Las autoridades tambi\u00e9n resaltaron la solidez de los fundamentos macroecon\u00f3micos, con reservas internacionales cercanas a los 16,000 millones de d\u00f3lares, adecuados niveles de liquidez y acceso a financiamiento.<\/p>\n<p data-start=\"1889\" data-end=\"2132\">En cuanto a las acciones concretas, el Gobierno inform\u00f3 que continuar\u00e1 aplicando subsidios para mitigar el alza de precios. Para la pr\u00f3xima semana, se destinar\u00e1n m\u00e1s de RD$1,100 millones a mantener congelados los combustibles de mayor consumo.<\/p>\n<p data-start=\"2134\" data-end=\"2351\">Asimismo, se destac\u00f3 la asignaci\u00f3n de RD$1,000 millones para subsidiar fertilizantes, lo que ha permitido absorber incrementos de hasta un 40 % en estos insumos, evitando un impacto significativo en la canasta b\u00e1sica.<\/p>\n<p data-start=\"2353\" data-end=\"2596\" data-is-last-node=\"\" data-is-only-node=\"\">El encuentro cont\u00f3 adem\u00e1s con la participaci\u00f3n de l\u00edderes religiosos como <span class=\"hover:entity-accent entity-underline inline cursor-pointer align-baseline\"><span class=\"whitespace-normal\">Milc\u00edades Franjul Pimentel<\/span><\/span>, <span class=\"hover:entity-accent entity-underline inline cursor-pointer align-baseline\"><span class=\"whitespace-normal\">Miguel \u00c1ngel Canc\u00fa Drullard<\/span><\/span>, <span class=\"hover:entity-accent entity-underline inline cursor-pointer align-baseline\"><span class=\"whitespace-normal\">Raffy Paz<\/span><\/span> y <span class=\"hover:entity-accent entity-underline inline cursor-pointer align-baseline\"><span class=\"whitespace-normal\">D\u00edo Astacio<\/span><\/span>, entre otros.<\/p>\n<\/div>\n<\/div>\n<\/div>\n<\/div>\n<div class=\"z-0 flex min-h-[46px] justify-start\"><\/div>\n<div class=\"mt-3 w-full empty:hidden\">\n<div class=\"text-center\"><\/div>\n<\/div>\n<\/div>\n<\/div>\n<\/section>\n<div class=\"pointer-events-none -mt-px h-px translate-y-[calc(var(--scroll-root-safe-area-inset-bottom)-14*var(--spacing))]\" aria-hidden=\"true\"><\/div>\n<p>La entrada <a href=\"https:\/\/elnuevodiario.com.do\/iglesia-evangelica-sugiere-plan-de-seguridad-alimentaria-ante-crisis-internacional-gobierno-ve-medidas-estan-funcionando\/\">Iglesia evang\u00e9lica sugiere plan de seguridad alimentaria ante crisis internacional; Gobierno ve medidas est\u00e1n funcionando<\/a> se public\u00f3 primero en <a href=\"https:\/\/elnuevodiario.com.do\">El Nuevo Diario (Rep\u00fablica Dominicana)<\/a>.<\/p>\n","protected":false},"excerpt":{"rendered":"<p>EL NUEVO DIARIO, SANTO DOMINGO.\u2013 Representantes de iglesias evang\u00e9licas plantearon al Gobierno dominicano la implementaci\u00f3n de un plan nacional de seguridad alimentaria como respuesta preventiva ante el impacto de la crisis internacional, especialmente por el conflicto en Oriente Medio. La propuesta fue presentada durante un encuentro encabezado por el presidente de la Comunidad Apost\u00f3lica Internacional<\/p>\n","protected":false},"author":1,"featured_media":36874,"comment_status":"open","ping_status":"open","sticky":false,"template":"","format":"standard","meta":{"footnotes":""},"categories":[1],"tags":[],"class_list":["post-36873","post","type-post","status-publish","format-standard","has-post-thumbnail","hentry","category-nacionales"],"_links":{"self":[{"href":"https:\/\/acronoticias.com\/index.php\/wp-json\/wp\/v2\/posts\/36873","targetHints":{"allow":["GET"]}}],"collection":[{"href":"https:\/\/acronoticias.com\/index.php\/wp-json\/wp\/v2\/posts"}],"about":[{"href":"https:\/\/acronoticias.com\/index.php\/wp-json\/wp\/v2\/types\/post"}],"author":[{"embeddable":true,"href":"https:\/\/acronoticias.com\/index.php\/wp-json\/wp\/v2\/users\/1"}],"replies":[{"embeddable":true,"href":"https:\/\/acronoticias.com\/index.php\/wp-json\/wp\/v2\/comments?post=36873"}],"version-history":[{"count":0,"href":"https:\/\/acronoticias.com\/index.php\/wp-json\/wp\/v2\/posts\/36873\/revisions"}],"wp:featuredmedia":[{"embeddable":true,"href":"https:\/\/acronoticias.com\/index.php\/wp-json\/wp\/v2\/media\/36874"}],"wp:attachment":[{"href":"https:\/\/acronoticias.com\/index.php\/wp-json\/wp\/v2\/media?parent=36873"}],"wp:term":[{"taxonomy":"category","embeddable":true,"href":"https:\/\/acronoticias.com\/index.php\/wp-json\/wp\/v2\/categories?post=36873"},{"taxonomy":"post_tag","embeddable":true,"href":"https:\/\/acronoticias.com\/index.php\/wp-json\/wp\/v2\/tags?post=36873"}],"curies":[{"name":"wp","href":"https:\/\/api.w.org\/{rel}","templated":true}]}}