{"id":36865,"date":"2026-04-25T03:27:42","date_gmt":"2026-04-25T03:27:42","guid":{"rendered":"https:\/\/acronoticias.com\/index.php\/2026\/04\/25\/roberto-alvarez-reafirma-compromiso-con-fortalecer-la-integracion-regional-para-responder-a-desafios\/"},"modified":"2026-04-25T03:27:42","modified_gmt":"2026-04-25T03:27:42","slug":"roberto-alvarez-reafirma-compromiso-con-fortalecer-la-integracion-regional-para-responder-a-desafios","status":"publish","type":"post","link":"https:\/\/acronoticias.com\/index.php\/2026\/04\/25\/roberto-alvarez-reafirma-compromiso-con-fortalecer-la-integracion-regional-para-responder-a-desafios\/","title":{"rendered":"Roberto \u00c1lvarez reafirma compromiso con fortalecer la integraci\u00f3n regional para responder a desaf\u00edos"},"content":{"rendered":"<p><img decoding=\"async\" width=\"355\" height=\"200\" src=\"https:\/\/nuevodiario-assets.s3.us-east-2.amazonaws.com\/wp-content\/uploads\/2026\/04\/Roberto-Alvarez-junto-a-personalidades-Foto-Felix-Lara-El-Nuevo-Diario-355x200.jpeg\" class=\"webfeedsFeaturedVisual not-transparent wp-post-image\" alt=\"\" style=\"--dominant-color: #9fa29c;margin-bottom: 5px;clear:both;max-width: 100%\" loading=\"lazy\" data-has-transparency=\"false\" data-dominant-color=\"9fa29c\" \/><\/p>\n<p>EL NUEVO DIARIO, SANTO DOMINGO.- El canciller dominicano y presidente Pro Tempore del Sistema de la Integraci\u00f3n Centroamericana (SICA), Roberto \u00c1lvarez, reafirm\u00f3 este viernes su compromiso con el fortalecimiento del proceso de integraci\u00f3n para responder a los desaf\u00edos de la regi\u00f3n.<\/p>\n<p>\u201cReafirmamos nuestro compromiso con el fortalecimiento del proceso de integraci\u00f3n regional que concebimos no s\u00f3lo como un ideal compartido sino como una herramienta estrat\u00e9gica para responder de manera conjunta y eficaz a los desaf\u00edos de nuestra regi\u00f3n\u201d, expres\u00f3.<\/p>\n<p>Al encabezar la XCIII Reuni\u00f3n Ordinaria del Consejo de Ministros de Relaciones Exteriores del SICA, el ministro destac\u00f3 que durante este periodo han impulsado la reconfiguraci\u00f3n de la arquitectura institucional del sistema orientada a fortalecer la coherencia del proceso de integraci\u00f3n, optimizar el uso de los recursos regionales y alinear con mayor precisi\u00f3n las instancias del SICA con los mandatos pol\u00edticos de los estados miembros y las din\u00e1micas de la agenda internacional.<\/p>\n<p><a href=\"https:\/\/videos.files.wordpress.com\/1N1xgNDY\/roberto-alvarez-video-felix-lara-el-nuevo-diario.mp4\">Roberto \u00c1lvarez (Video: F\u00e9lix Lara\/ El Nuevo Diario)<\/a><\/p>\n<p>\u201cEstos avances responden a una visi\u00f3n de integraci\u00f3n m\u00e1s funcional, m\u00e1s efectiva, y claramente orientada a resultados\u201d, ponder\u00f3.<\/p>\n<p>El funcionario sostuvo que en ese marco y con el prop\u00f3sito de garantizar mayor eficiencia en el funcionamiento del sistema, han promovido un di\u00e1logo sobre una propuesta normativa que complemente las reglas vigentes en materia de integraci\u00f3n y toma de decisiones, de modo que permita decisiones m\u00e1s \u00e1giles, oportunas y eficaces.<\/p>\n<p>\u201cAsimismo, hemos subrayado la importancia de avanzar con transparencia y sobre la base del consenso en el proceso de elecci\u00f3n del secretario general del SICA, reconociendo el papel central de esta instancia en la conducci\u00f3n y articulaci\u00f3n del sistema\u201d, apunt\u00f3.<\/p>\n<figure id=\"attachment_3095707\" aria-describedby=\"caption-attachment-3095707\" style=\"width: 1280px\" class=\"wp-caption alignnone\"><img loading=\"lazy\" decoding=\"async\" data-recalc-dims=\"1\" data-dominant-color=\"7e8086\" data-has-transparency=\"false\" style=\"--dominant-color: #7e8086\" class=\"size-full wp-image-3095707 not-transparent\" src=\"https:\/\/i0.wp.com\/nuevodiario-assets.s3.us-east-2.amazonaws.com\/wp-content\/uploads\/2026\/04\/Funcionarios-durante-XCIII-Reunion-Ordinaria-del-Consejo-de-Ministros-de-Relaciones-Exteriores-del-SICA-Foto-Felix-Lara-El-Nuevo-Diario.jpeg?resize=640%2C426&#038;quality=100&#038;ssl=1\" alt=\"\" width=\"640\" height=\"426\" \/><figcaption id=\"caption-attachment-3095707\" class=\"wp-caption-text\"><strong>Funcionarios durante XCIII Reuni\u00f3n Ordinaria del Consejo de Ministros de Relaciones Exteriores del SICA (Foto: F\u00e9lix Lara\/ El Nuevo Diario)<\/strong><\/figcaption><\/figure>\n<p>En ese sentido, reiter\u00f3 la necesidad de fortalecer el di\u00e1logo pol\u00edtico y la coordinaci\u00f3n entre los estados miembros como condici\u00f3n indispensable para alcanzar acuerdos que consoliden la institucionalidad del SICA y aseguren la continuidad y eficacia de su gesti\u00f3n.<\/p>\n<p>Aunque el ministro de Relaciones Exteriores de Rep\u00fablica Dominicana reconoci\u00f3 los avances logrados durante este semestre, dijo que son conscientes de que persisten desaf\u00edos que exigen continuidad, voluntad pol\u00edtica y una gesti\u00f3n m\u00e1s articulada.<\/p>\n<figure id=\"attachment_3095709\" aria-describedby=\"caption-attachment-3095709\" style=\"width: 1280px\" class=\"wp-caption alignnone\"><img loading=\"lazy\" decoding=\"async\" data-recalc-dims=\"1\" data-dominant-color=\"838077\" data-has-transparency=\"false\" style=\"--dominant-color: #838077\" class=\"size-full wp-image-3095709 not-transparent\" src=\"https:\/\/i0.wp.com\/nuevodiario-assets.s3.us-east-2.amazonaws.com\/wp-content\/uploads\/2026\/04\/Pamela-Handal-Carlos-Ramirez-Martinez-Arnoldo-Andre-Tinoco-Roberto-Alvarez-Alexandra-Hil-Tinoco-Amalia-Mai-y-Carlos-Guevara-Mann-Foto-Felix-Lara-El-Nuevo-Diario.jpeg?resize=640%2C426&#038;quality=100&#038;ssl=1\" alt=\"\" width=\"640\" height=\"426\" \/><figcaption id=\"caption-attachment-3095709\" class=\"wp-caption-text\"><strong>Pamela Handal, Carlos Ram\u00edrez Mart\u00ednez, Arnoldo Andr\u00e9 Tinoco, Roberto \u00c1lvarez, Alexandra Hil Tinoco, Amalia Mai y Carlos Guevara Mann (Foto: F\u00e9lix Lara\/ El Nuevo Diario)<\/strong><\/figcaption><\/figure>\n<p>\u201cPor ello, reiteramos nuestra disposici\u00f3n de acompa\u00f1ar este proceso con responsabilidad y determinaci\u00f3n, contribuyendo a que el SICA se consolide como un verdadero espacio de concertaci\u00f3n estrat\u00e9gica y acci\u00f3n efectiva al servicio de nuestros pueblos\u201d, expres\u00f3.<\/p>\n<p>Para el funcionario, la integraci\u00f3n no puede ser s\u00f3lo un compromiso declarativo, debe traducirse en decisiones concretas, en instituciones que funcionen y en resultados que generen confianza. Ese es el est\u00e1ndar que hoy nos exige en nuestra regi\u00f3n.<\/p>\n<figure id=\"attachment_3095710\" aria-describedby=\"caption-attachment-3095710\" style=\"width: 1280px\" class=\"wp-caption alignnone\"><img decoding=\"async\" data-recalc-dims=\"1\" data-dominant-color=\"7d7c77\" data-has-transparency=\"false\" style=\"--dominant-color: #7d7c77\" loading=\"lazy\" class=\"size-full wp-image-3095710 not-transparent\" src=\"https:\/\/i0.wp.com\/nuevodiario-assets.s3.us-east-2.amazonaws.com\/wp-content\/uploads\/2026\/04\/XCIII-Reunion-Ordinaria-del-Consejo-de-Ministros-de-Relaciones-Exteriores-del-SICA-Foto-Felix-Lara-El-Nuevo-Diario.jpeg?resize=640%2C426&#038;quality=100&#038;ssl=1\" alt=\"\" width=\"640\" height=\"426\" \/><figcaption id=\"caption-attachment-3095710\" class=\"wp-caption-text\"><strong>XCIII Reuni\u00f3n Ordinaria del Consejo de Ministros de Relaciones Exteriores del SICA (Foto: F\u00e9lix Lara\/ El Nuevo Diario)<\/strong><\/figcaption><\/figure>\n<p>Asimismo, inform\u00f3 que en los pr\u00f3ximos meses estar\u00e1n congregados en Panam\u00e1 para celebrar el bicentenario del Congreso Anficti\u00f3nico que lanz\u00f3 exactamente a nivel de las Am\u00e9ricas este proceso de integraci\u00f3n.<\/p>\n<p>ADDP\/<\/p>\n<p><a href=\"https:\/\/elnuevodiario.com.do\/roberto-alvarez-reafirma-compromiso-con-fortalecer-la-integracion-regional-para-responder-a-desafios\/amalia-mai-foto-felix-lara-el-nuevo-diario\/\"><img decoding=\"async\" data-recalc-dims=\"1\" loading=\"lazy\" width=\"640\" height=\"426\" src=\"https:\/\/i0.wp.com\/nuevodiario-assets.s3.us-east-2.amazonaws.com\/wp-content\/uploads\/2026\/04\/Amalia-Mai-Foto-Felix-Lara-El-Nuevo-Diario.jpeg?resize=640%2C426&#038;quality=100&#038;ssl=1\" class=\"attachment-full size-full not-transparent\" alt=\"\" data-has-transparency=\"false\" data-dominant-color=\"756f65\" style=\"--dominant-color: #756f65\" \/><\/a><br \/>\n<a href=\"https:\/\/elnuevodiario.com.do\/roberto-alvarez-reafirma-compromiso-con-fortalecer-la-integracion-regional-para-responder-a-desafios\/alexandra-hil-tinoco-foto-felix-lara-el-nuevo-diario\/\"><img decoding=\"async\" data-recalc-dims=\"1\" loading=\"lazy\" width=\"640\" height=\"426\" src=\"https:\/\/i0.wp.com\/nuevodiario-assets.s3.us-east-2.amazonaws.com\/wp-content\/uploads\/2026\/04\/Alexandra-Hil-Tinoco-Foto-Felix-Lara-El-Nuevo-Diario.jpeg?resize=640%2C426&#038;quality=100&#038;ssl=1\" class=\"attachment-full size-full not-transparent\" alt=\"\" data-has-transparency=\"false\" data-dominant-color=\"77756a\" style=\"--dominant-color: #77756a\" \/><\/a><\/p>\n<p>La entrada <a href=\"https:\/\/elnuevodiario.com.do\/roberto-alvarez-reafirma-compromiso-con-fortalecer-la-integracion-regional-para-responder-a-desafios\/\">Roberto \u00c1lvarez reafirma compromiso con fortalecer la integraci\u00f3n regional para responder a desaf\u00edos<\/a> se public\u00f3 primero en <a href=\"https:\/\/elnuevodiario.com.do\">El Nuevo Diario (Rep\u00fablica Dominicana)<\/a>.<\/p>\n","protected":false},"excerpt":{"rendered":"<p>EL NUEVO DIARIO, SANTO DOMINGO.- El canciller dominicano y presidente Pro Tempore del Sistema de la Integraci\u00f3n Centroamericana (SICA), Roberto \u00c1lvarez, reafirm\u00f3 este viernes su compromiso con el fortalecimiento del proceso de integraci\u00f3n para responder a los desaf\u00edos de la regi\u00f3n. \u201cReafirmamos nuestro compromiso con el fortalecimiento del proceso de integraci\u00f3n regional que concebimos no<\/p>\n","protected":false},"author":1,"featured_media":36866,"comment_status":"open","ping_status":"open","sticky":false,"template":"","format":"standard","meta":{"footnotes":""},"categories":[1],"tags":[],"class_list":["post-36865","post","type-post","status-publish","format-standard","has-post-thumbnail","hentry","category-nacionales"],"_links":{"self":[{"href":"https:\/\/acronoticias.com\/index.php\/wp-json\/wp\/v2\/posts\/36865","targetHints":{"allow":["GET"]}}],"collection":[{"href":"https:\/\/acronoticias.com\/index.php\/wp-json\/wp\/v2\/posts"}],"about":[{"href":"https:\/\/acronoticias.com\/index.php\/wp-json\/wp\/v2\/types\/post"}],"author":[{"embeddable":true,"href":"https:\/\/acronoticias.com\/index.php\/wp-json\/wp\/v2\/users\/1"}],"replies":[{"embeddable":true,"href":"https:\/\/acronoticias.com\/index.php\/wp-json\/wp\/v2\/comments?post=36865"}],"version-history":[{"count":0,"href":"https:\/\/acronoticias.com\/index.php\/wp-json\/wp\/v2\/posts\/36865\/revisions"}],"wp:featuredmedia":[{"embeddable":true,"href":"https:\/\/acronoticias.com\/index.php\/wp-json\/wp\/v2\/media\/36866"}],"wp:attachment":[{"href":"https:\/\/acronoticias.com\/index.php\/wp-json\/wp\/v2\/media?parent=36865"}],"wp:term":[{"taxonomy":"category","embeddable":true,"href":"https:\/\/acronoticias.com\/index.php\/wp-json\/wp\/v2\/categories?post=36865"},{"taxonomy":"post_tag","embeddable":true,"href":"https:\/\/acronoticias.com\/index.php\/wp-json\/wp\/v2\/tags?post=36865"}],"curies":[{"name":"wp","href":"https:\/\/api.w.org\/{rel}","templated":true}]}}