{"id":36861,"date":"2026-04-25T03:11:55","date_gmt":"2026-04-25T03:11:55","guid":{"rendered":"https:\/\/acronoticias.com\/index.php\/2026\/04\/25\/fadul-lamenta-no-poder-ayudar-madres-de-ninos-con-autismo-tras-prohibicion-de-salud-publica\/"},"modified":"2026-04-25T03:11:55","modified_gmt":"2026-04-25T03:11:55","slug":"fadul-lamenta-no-poder-ayudar-madres-de-ninos-con-autismo-tras-prohibicion-de-salud-publica","status":"publish","type":"post","link":"https:\/\/acronoticias.com\/index.php\/2026\/04\/25\/fadul-lamenta-no-poder-ayudar-madres-de-ninos-con-autismo-tras-prohibicion-de-salud-publica\/","title":{"rendered":"Fadul lamenta no poder ayudar madres de ni\u00f1os con autismo tras prohibici\u00f3n de Salud P\u00fablica"},"content":{"rendered":"<p><img loading=\"lazy\" decoding=\"async\" width=\"355\" height=\"200\" src=\"https:\/\/i0.wp.com\/nuevodiario-assets.s3.us-east-2.amazonaws.com\/wp-content\/uploads\/2020\/07\/fadul-1.jpg?resize=355%2C200&amp;quality=100&amp;ssl=1\" class=\"webfeedsFeaturedVisual wp-post-image\" alt=\"\" style=\"margin-bottom: 5px;clear:both;max-width: 100%\" \/><\/p>\n<p>EL NUEVO DIARIO, SANTIAGO.- El doctor <span class=\"hover:entity-accent entity-underline inline cursor-pointer align-baseline\"><span class=\"whitespace-normal\">Jos\u00e9 Ernesto Fadul<\/span><\/span> lament\u00f3 este viernes no poder seguir ayudando a madres con hijos diagnosticados con trastorno del espectro autista, tras se\u00f1alar que disposiciones de las autoridades sanitarias le impiden continuar donando tratamientos basados en suplementos nutricionales.<\/p>\n<p>Fadul expres\u00f3 preocupaci\u00f3n por la situaci\u00f3n de estas familias, indicando que durante un tiempo brind\u00f3 apoyo mediante la entrega de vitaminas, prote\u00ednas, amino\u00e1cidos y minerales, pr\u00e1ctica que asegura no puede continuar. \u201cNo s\u00e9 qu\u00e9 har\u00e1n esas madres con esos ni\u00f1os\u201d, manifest\u00f3.<\/p>\n<p data-start=\"580\" data-end=\"840\">Las declaraciones se producen luego que la <span class=\"hover:entity-accent entity-underline inline cursor-pointer align-baseline\"><span class=\"whitespace-normal\">Direcci\u00f3n General de Medicamentos Alimentos y Productos Sanitarios (Digemaps)<\/span><\/span>\u00a0report\u00f3 m\u00faltiples irregularidades en el manejo, dispensaci\u00f3n y control de productos en su consultorio, ubicado en <span class=\"hover:entity-accent entity-underline inline cursor-pointer align-baseline\"><span class=\"whitespace-normal\">Santiago de los Caballeros<\/span><\/span>.<\/p>\n<p data-start=\"842\" data-end=\"1124\">Seg\u00fan el informe, la entidad, adscrita al Ministerio de Salud P\u00fablica, recomend\u00f3 el cese de pr\u00e1cticas como la manipulaci\u00f3n, reenvasado y etiquetado de productos, as\u00ed como la verificaci\u00f3n obligatoria de que estos cuenten con registro sanitario, n\u00famero de lote y fecha de vencimiento.<\/p>\n<p data-start=\"1126\" data-end=\"1357\">Adem\u00e1s, se dispuso la prohibici\u00f3n del manejo de donaciones fuera de los canales oficiales del Estado y la continuaci\u00f3n de un proceso administrativo que podr\u00eda derivar en sanciones, incluyendo multas o el cierre del establecimiento.<\/p>\n<p data-start=\"1359\" data-end=\"1551\">Las autoridades tambi\u00e9n se\u00f1alaron posibles violaciones a la normativa sanitaria vigente, relacionadas con la fabricaci\u00f3n, manipulaci\u00f3n y comercializaci\u00f3n de productos no aptos para el consumo.<\/p>\n<p data-start=\"1553\" data-end=\"1627\">El caso contin\u00faa bajo evaluaci\u00f3n por parte de las autoridades competentes.<\/p>\n<p data-start=\"1629\" data-end=\"1741\" data-is-last-node=\"\" data-is-only-node=\"\">\n<p>La entrada <a href=\"https:\/\/elnuevodiario.com.do\/fadul-lamenta-no-poder-ayudar-madres-de-ninos-con-autismo-tras-prohibicion-de-salud-publica\/\">Fadul lamenta no poder ayudar madres de ni\u00f1os con autismo tras prohibici\u00f3n de Salud P\u00fablica<\/a> se public\u00f3 primero en <a href=\"https:\/\/elnuevodiario.com.do\">El Nuevo Diario (Rep\u00fablica Dominicana)<\/a>.<\/p>\n","protected":false},"excerpt":{"rendered":"<p>EL NUEVO DIARIO, SANTIAGO.- El doctor Jos\u00e9 Ernesto Fadul lament\u00f3 este viernes no poder seguir ayudando a madres con hijos diagnosticados con trastorno del espectro autista, tras se\u00f1alar que disposiciones de las autoridades sanitarias le impiden continuar donando tratamientos basados en suplementos nutricionales. Fadul expres\u00f3 preocupaci\u00f3n por la situaci\u00f3n de estas familias, indicando que durante<\/p>\n","protected":false},"author":1,"featured_media":36862,"comment_status":"open","ping_status":"open","sticky":false,"template":"","format":"standard","meta":{"footnotes":""},"categories":[1],"tags":[],"class_list":["post-36861","post","type-post","status-publish","format-standard","has-post-thumbnail","hentry","category-nacionales"],"_links":{"self":[{"href":"https:\/\/acronoticias.com\/index.php\/wp-json\/wp\/v2\/posts\/36861","targetHints":{"allow":["GET"]}}],"collection":[{"href":"https:\/\/acronoticias.com\/index.php\/wp-json\/wp\/v2\/posts"}],"about":[{"href":"https:\/\/acronoticias.com\/index.php\/wp-json\/wp\/v2\/types\/post"}],"author":[{"embeddable":true,"href":"https:\/\/acronoticias.com\/index.php\/wp-json\/wp\/v2\/users\/1"}],"replies":[{"embeddable":true,"href":"https:\/\/acronoticias.com\/index.php\/wp-json\/wp\/v2\/comments?post=36861"}],"version-history":[{"count":0,"href":"https:\/\/acronoticias.com\/index.php\/wp-json\/wp\/v2\/posts\/36861\/revisions"}],"wp:featuredmedia":[{"embeddable":true,"href":"https:\/\/acronoticias.com\/index.php\/wp-json\/wp\/v2\/media\/36862"}],"wp:attachment":[{"href":"https:\/\/acronoticias.com\/index.php\/wp-json\/wp\/v2\/media?parent=36861"}],"wp:term":[{"taxonomy":"category","embeddable":true,"href":"https:\/\/acronoticias.com\/index.php\/wp-json\/wp\/v2\/categories?post=36861"},{"taxonomy":"post_tag","embeddable":true,"href":"https:\/\/acronoticias.com\/index.php\/wp-json\/wp\/v2\/tags?post=36861"}],"curies":[{"name":"wp","href":"https:\/\/api.w.org\/{rel}","templated":true}]}}