{"id":36854,"date":"2026-04-25T02:24:34","date_gmt":"2026-04-25T02:24:34","guid":{"rendered":"https:\/\/acronoticias.com\/index.php\/2026\/04\/25\/abinader-supervisa-avances-de-la-avenida-republica-de-colombia-obra-de-casi-rd12000-millones\/"},"modified":"2026-04-25T02:24:34","modified_gmt":"2026-04-25T02:24:34","slug":"abinader-supervisa-avances-de-la-avenida-republica-de-colombia-obra-de-casi-rd12000-millones","status":"publish","type":"post","link":"https:\/\/acronoticias.com\/index.php\/2026\/04\/25\/abinader-supervisa-avances-de-la-avenida-republica-de-colombia-obra-de-casi-rd12000-millones\/","title":{"rendered":"Abinader supervisa avances de la avenida Rep\u00fablica de Colombia, obra de casi RD$12,000 millones"},"content":{"rendered":"<p>Santo Domingo.\u2013 El presidente <strong>Luis Abinader<\/strong> supervis\u00f3 este viernes los avances de la construcci\u00f3n de la <strong>avenida Rep\u00fablica de Colombia<\/strong>, una obra valorada en casi <strong>RD$12,000 millones<\/strong> que se ejecuta con fondos del contrato de <strong>Aerodom<\/strong> e incluye el pago de <strong>expropiaciones<\/strong>.<\/p>\n<p>El mandatario recorri\u00f3 los trabajos junto al ministro de <strong>Obras P\u00fablicas y Comunicaciones<\/strong>, <strong>Eduardo Estrella<\/strong>, y destac\u00f3 la importancia de la intervenci\u00f3n para mejorar la <strong>movilidad urbana<\/strong> en el Distrito Nacional.<\/p>\n<p>Abinader se\u00f1al\u00f3 que la zona intervenida es una de las m\u00e1s congestionadas de la capital, por lo que la obra busca reducir el <strong>tr\u00e1fico vehicular<\/strong> y mejorar la calidad de vida de los ciudadanos.<\/p>\n<figure class=\"wp-block-image size-full\"><img decoding=\"async\" loading=\"lazy\" width=\"2560\" height=\"1438\" src=\"https:\/\/multimedia.noticiassin.com\/wp-content\/uploads\/2026\/04\/borrador-automatico-20260424-214934-uIDH-scaled.png\" alt=\"\" class=\"wp-image-1986327\" \/><\/figure>\n<h3 class=\"wp-block-heading\"><strong>Avances del proyecto y planificaci\u00f3n por etapas<\/strong><\/h3>\n<p>Durante la visita, el presidente inform\u00f3 que ya se han habilitado algunos <strong>retornos viales<\/strong> en direcci\u00f3n hacia La Monumental, como parte de los avances iniciales del proyecto.<\/p>\n<p>El plan contempla la construcci\u00f3n de un <strong>puente sobre una ca\u00f1ada<\/strong> que conectar\u00e1 con un <strong>t\u00fanel subterr\u00e1neo<\/strong>, lo que permitir\u00e1 una v\u00eda continua sin <strong>sem\u00e1foros ni interrupciones<\/strong>.<\/p>\n<p>Esta infraestructura conectar\u00e1 de forma directa las avenidas <strong>Jacobo Majluta<\/strong>, <strong>Rep\u00fablica de Colombia<\/strong> y <strong>La Monumental<\/strong>, mejorando la fluidez del tr\u00e1nsito en la zona norte de la capital.<\/p>\n<p>Las autoridades explicaron que la obra ser\u00e1 entregada de manera <strong>progresiva<\/strong>, con una primera fase prevista para finales de este a\u00f1o y su finalizaci\u00f3n total en el <strong>tercer trimestre del pr\u00f3ximo a\u00f1o<\/strong>.<\/p>\n<p>\u201cVinimos a supervisar una obra muy importante en uno de los puntos de mayor <strong>congesti\u00f3n vehicular<\/strong> de la ciudad\u201d, expres\u00f3 Abinader durante el recorrido.<\/p>\n<p>El mandatario tambi\u00e9n revis\u00f3 los diferentes frentes de trabajo y recibi\u00f3 explicaciones t\u00e9cnicas de los <strong>ingenieros responsables<\/strong> y del equipo del Ministerio de Obras P\u00fablicas sobre el avance del proyecto.<\/p>\n<p>La <strong>avenida Rep\u00fablica de Colombia<\/strong> es una de las v\u00edas m\u00e1s transitadas del <strong>Distrito Nacional<\/strong>, conectando zonas residenciales, comerciales y de alto flujo vehicular en la parte norte de <strong>Santo Domingo<\/strong>. Su importancia dentro del sistema vial la ha convertido en un punto cr\u00edtico de <strong>congesti\u00f3n de tr\u00e1nsito<\/strong> durante a\u00f1os.<\/p>\n<p>El crecimiento urbano acelerado de la capital dominicana ha incrementado la demanda de <strong>infraestructura vial moderna<\/strong>, lo que ha llevado a la ejecuci\u00f3n de m\u00faltiples proyectos orientados a mejorar la <strong>movilidad urbana<\/strong> y reducir los tiempos de desplazamiento.<\/p>\n<p>En este contexto, el Gobierno dominicano ha impulsado obras financiadas mediante distintos mecanismos, incluyendo recursos provenientes de acuerdos con empresas concesionarias como el contrato de <strong>Aerodom<\/strong>, destinado a apoyar proyectos de infraestructura y transporte.<\/p>\n","protected":false},"excerpt":{"rendered":"<p>Santo Domingo.\u2013 El presidente Luis Abinader supervis\u00f3 este viernes los avances de la construcci\u00f3n de la avenida Rep\u00fablica de Colombia, una obra valorada en casi RD$12,000 millones que se ejecuta con fondos del contrato de Aerodom e incluye el pago de expropiaciones. El mandatario recorri\u00f3 los trabajos junto al ministro de Obras P\u00fablicas y Comunicaciones,<\/p>\n","protected":false},"author":1,"featured_media":36855,"comment_status":"open","ping_status":"open","sticky":false,"template":"","format":"standard","meta":{"footnotes":""},"categories":[1],"tags":[],"class_list":["post-36854","post","type-post","status-publish","format-standard","has-post-thumbnail","hentry","category-nacionales"],"_links":{"self":[{"href":"https:\/\/acronoticias.com\/index.php\/wp-json\/wp\/v2\/posts\/36854","targetHints":{"allow":["GET"]}}],"collection":[{"href":"https:\/\/acronoticias.com\/index.php\/wp-json\/wp\/v2\/posts"}],"about":[{"href":"https:\/\/acronoticias.com\/index.php\/wp-json\/wp\/v2\/types\/post"}],"author":[{"embeddable":true,"href":"https:\/\/acronoticias.com\/index.php\/wp-json\/wp\/v2\/users\/1"}],"replies":[{"embeddable":true,"href":"https:\/\/acronoticias.com\/index.php\/wp-json\/wp\/v2\/comments?post=36854"}],"version-history":[{"count":0,"href":"https:\/\/acronoticias.com\/index.php\/wp-json\/wp\/v2\/posts\/36854\/revisions"}],"wp:featuredmedia":[{"embeddable":true,"href":"https:\/\/acronoticias.com\/index.php\/wp-json\/wp\/v2\/media\/36855"}],"wp:attachment":[{"href":"https:\/\/acronoticias.com\/index.php\/wp-json\/wp\/v2\/media?parent=36854"}],"wp:term":[{"taxonomy":"category","embeddable":true,"href":"https:\/\/acronoticias.com\/index.php\/wp-json\/wp\/v2\/categories?post=36854"},{"taxonomy":"post_tag","embeddable":true,"href":"https:\/\/acronoticias.com\/index.php\/wp-json\/wp\/v2\/tags?post=36854"}],"curies":[{"name":"wp","href":"https:\/\/api.w.org\/{rel}","templated":true}]}}