{"id":36848,"date":"2026-04-25T01:52:40","date_gmt":"2026-04-25T01:52:40","guid":{"rendered":"https:\/\/acronoticias.com\/index.php\/2026\/04\/25\/edeeste-realizara-mantenimiento-en-subestacion-cesar-nicolas-penson-suspendera-servicio-en-varios-sectores-del-dn\/"},"modified":"2026-04-25T01:52:40","modified_gmt":"2026-04-25T01:52:40","slug":"edeeste-realizara-mantenimiento-en-subestacion-cesar-nicolas-penson-suspendera-servicio-en-varios-sectores-del-dn","status":"publish","type":"post","link":"https:\/\/acronoticias.com\/index.php\/2026\/04\/25\/edeeste-realizara-mantenimiento-en-subestacion-cesar-nicolas-penson-suspendera-servicio-en-varios-sectores-del-dn\/","title":{"rendered":"Edeeste realizar\u00e1 mantenimiento en subestaci\u00f3n C\u00e9sar Nicol\u00e1s Penson; suspender\u00e1 servicio en varios sectores del DN"},"content":{"rendered":"<p>Distrito Nacional.\u2013 La <strong>Empresa Distribuidora de Electricidad del Este (Edeeste)<\/strong> anunci\u00f3 que este s\u00e1bado <strong>25 de abril<\/strong> realizar\u00e1 un <strong>mantenimiento preventivo programado<\/strong> en la subestaci\u00f3n <strong>C\u00e9sar Nicol\u00e1s Penson (CNP)<\/strong>, lo que implicar\u00e1 la interrupci\u00f3n temporal del servicio el\u00e9ctrico en varios sectores del Distrito Nacional.<\/p>\n<p>La suspensi\u00f3n del servicio se extender\u00e1 desde las <strong>8:20 de la ma\u00f1ana hasta las 5:20 de la tarde<\/strong>, como parte de trabajos orientados a mejorar la <strong>estabilidad y calidad del sistema el\u00e9ctrico<\/strong>.<\/p>\n<h3 class=\"wp-block-heading\"><strong>Sectores afectados y circuitos intervenidos<\/strong><\/h3>\n<p>La empresa inform\u00f3 que los trabajos impactar\u00e1n los circuitos <strong>CNP802, CNP803, CNP804, CNP805, CNP806, CNP807, CNP808 y CNP809<\/strong>.<\/p>\n<p>Entre los sectores afectados figuran <strong>Gascue, Don Bosco, Miraflores, Villa Juana, Villa Consuelo, Ciudad Colonial, Ciudad Nueva, San L\u00e1zaro, San Miguel, Santa B\u00e1rbara y Villa Francisca<\/strong>.<\/p>\n<p>Edeeste explic\u00f3 que estas intervenciones forman parte de un plan para mejorar la <strong>continuidad del servicio el\u00e9ctrico<\/strong> en zonas de alta demanda.<\/p>\n<figure class=\"wp-block-image size-full\"><img loading=\"lazy\" decoding=\"async\" width=\"1600\" height=\"1066\" src=\"https:\/\/multimedia.noticiassin.com\/wp-content\/uploads\/2026\/04\/borrador-automatico-20260424-220003-ZMoY.png\" alt=\"\" class=\"wp-image-1986336\" \/><\/figure>\n<h3 class=\"wp-block-heading\"><strong>Trabajos t\u00e9cnicos y mejoras en la red<\/strong><\/h3>\n<p>La empresa detall\u00f3 que las labores incluyen la puesta en servicio de nuevas <strong>celdas el\u00e9ctricas<\/strong>, la redistribuci\u00f3n de cargas entre los transformadores <strong>T01 y T02<\/strong>, y ajustes en la infraestructura de la calle <strong>C\u00e9sar Nicol\u00e1s Penson<\/strong>.<\/p>\n<p>Adem\u00e1s, se realizar\u00e1n trabajos de <strong>poda de vegetaci\u00f3n<\/strong> en puntos cr\u00edticos de calles y avenidas como <strong>Mois\u00e9s Garc\u00eda, Manuel R. Obj\u00edo, Paseo de los Periodistas, M\u00e9xico, Francia y Pedro Henr\u00edquez Ure\u00f1a<\/strong>.<\/p>\n<p>Estas acciones buscan reforzar la <strong>seguridad y confiabilidad del sistema el\u00e9ctrico<\/strong> en la zona intervenida.<\/p>\n<h3 class=\"wp-block-heading\"><strong>Llamado a la ciudadan\u00eda<\/strong><\/h3>\n<p>Edeeste reiter\u00f3 que estos trabajos forman parte de un <strong>plan de mejoras por fases<\/strong> en su \u00e1rea de concesi\u00f3n, con el objetivo de elevar la calidad del servicio.<\/p>\n<p>La empresa pidi\u00f3 a los usuarios hacer un <strong>uso responsable de la energ\u00eda<\/strong> durante el per\u00edodo de intervenci\u00f3n.<\/p>\n<p>Finalmente, agradeci\u00f3 la <strong>comprensi\u00f3n de la ciudadan\u00eda<\/strong> y asegur\u00f3 que continuar\u00e1 informando sobre cada etapa del proceso de mantenimiento.<\/p>\n<ul class=\"wp-block-list\">\n<li><strong>8:20 de la ma\u00f1ana hasta las 5:20 de la tarde<\/strong><\/li>\n<\/ul>\n","protected":false},"excerpt":{"rendered":"<p>Distrito Nacional.\u2013 La Empresa Distribuidora de Electricidad del Este (Edeeste) anunci\u00f3 que este s\u00e1bado 25 de abril realizar\u00e1 un mantenimiento preventivo programado en la subestaci\u00f3n C\u00e9sar Nicol\u00e1s Penson (CNP), lo que implicar\u00e1 la interrupci\u00f3n temporal del servicio el\u00e9ctrico en varios sectores del Distrito Nacional. La suspensi\u00f3n del servicio se extender\u00e1 desde las 8:20 de la<\/p>\n","protected":false},"author":1,"featured_media":36849,"comment_status":"open","ping_status":"open","sticky":false,"template":"","format":"standard","meta":{"footnotes":""},"categories":[1],"tags":[],"class_list":["post-36848","post","type-post","status-publish","format-standard","has-post-thumbnail","hentry","category-nacionales"],"_links":{"self":[{"href":"https:\/\/acronoticias.com\/index.php\/wp-json\/wp\/v2\/posts\/36848","targetHints":{"allow":["GET"]}}],"collection":[{"href":"https:\/\/acronoticias.com\/index.php\/wp-json\/wp\/v2\/posts"}],"about":[{"href":"https:\/\/acronoticias.com\/index.php\/wp-json\/wp\/v2\/types\/post"}],"author":[{"embeddable":true,"href":"https:\/\/acronoticias.com\/index.php\/wp-json\/wp\/v2\/users\/1"}],"replies":[{"embeddable":true,"href":"https:\/\/acronoticias.com\/index.php\/wp-json\/wp\/v2\/comments?post=36848"}],"version-history":[{"count":0,"href":"https:\/\/acronoticias.com\/index.php\/wp-json\/wp\/v2\/posts\/36848\/revisions"}],"wp:featuredmedia":[{"embeddable":true,"href":"https:\/\/acronoticias.com\/index.php\/wp-json\/wp\/v2\/media\/36849"}],"wp:attachment":[{"href":"https:\/\/acronoticias.com\/index.php\/wp-json\/wp\/v2\/media?parent=36848"}],"wp:term":[{"taxonomy":"category","embeddable":true,"href":"https:\/\/acronoticias.com\/index.php\/wp-json\/wp\/v2\/categories?post=36848"},{"taxonomy":"post_tag","embeddable":true,"href":"https:\/\/acronoticias.com\/index.php\/wp-json\/wp\/v2\/tags?post=36848"}],"curies":[{"name":"wp","href":"https:\/\/api.w.org\/{rel}","templated":true}]}}