{"id":36846,"date":"2026-04-25T01:36:34","date_gmt":"2026-04-25T01:36:34","guid":{"rendered":"https:\/\/acronoticias.com\/index.php\/2026\/04\/25\/idopril-abre-modulo-en-veron-y-amplia-cobertura-de-riesgos-laborales-en-la-altagracia\/"},"modified":"2026-04-25T01:36:34","modified_gmt":"2026-04-25T01:36:34","slug":"idopril-abre-modulo-en-veron-y-amplia-cobertura-de-riesgos-laborales-en-la-altagracia","status":"publish","type":"post","link":"https:\/\/acronoticias.com\/index.php\/2026\/04\/25\/idopril-abre-modulo-en-veron-y-amplia-cobertura-de-riesgos-laborales-en-la-altagracia\/","title":{"rendered":"Idopril abre m\u00f3dulo en Ver\u00f3n y ampl\u00eda cobertura de riesgos laborales en La Altagracia"},"content":{"rendered":"<p>La Altagracia.\u2013 El Idopril  inaugur\u00f3 un nuevo <strong>m\u00f3dulo de atenci\u00f3n<\/strong> en Ver\u00f3n, Punta Cana, con el objetivo de acercar los servicios de la instituci\u00f3n a los trabajadores de la zona y reforzar la atenci\u00f3n en materia de <strong>riesgos laborales<\/strong>.<\/p>\n<p>La apertura busca mejorar la <strong>respuesta institucional<\/strong> y facilitar el acceso a los beneficios del sistema de protecci\u00f3n para los afiliados de esta demarcaci\u00f3n tur\u00edstica y laboral.<\/p>\n<p>Durante el acto, el director ejecutivo del IDOPPRIL, el doctor <strong>Agust\u00edn Burgos<\/strong>, destac\u00f3 el crecimiento del n\u00famero de afiliados en la provincia y los avances en cobertura del <strong>Seguro de Riesgos Laborales (SRL)<\/strong>.<\/p>\n<figure class=\"wp-block-image size-full\"><img loading=\"lazy\" decoding=\"async\" width=\"1600\" height=\"900\" src=\"https:\/\/multimedia.noticiassin.com\/wp-content\/uploads\/2026\/04\/borrador-automatico-20260424-222152-dD9G.png\" alt=\"\" class=\"wp-image-1986355\" \/><\/figure>\n<h3 class=\"wp-block-heading\"><strong>Crecimiento de afiliados y atenci\u00f3n de casos laborales<\/strong><\/h3>\n<p>Burgos inform\u00f3 que, desde abril de 2025 hasta la fecha, la instituci\u00f3n ha incorporado <strong>32,300 nuevos afiliados<\/strong> en La Altagracia, lo que refleja el aumento sostenido de la cobertura.<\/p>\n<ul class=\"wp-block-list\">\n<li>En cuanto a los <strong>accidentes de trabajo<\/strong>, el IDOPPRIL report\u00f3 7,026 notificaciones en los \u00faltimos 12 meses en la provincia.<\/li>\n<\/ul>\n<p>De ese total, <strong>5,006 casos fueron calificados y aprobados<\/strong>, lo que permiti\u00f3 a los trabajadores afectados acceder a las prestaciones correspondientes.<\/p>\n<p>La instituci\u00f3n tambi\u00e9n inform\u00f3 sobre la atenci\u00f3n de <strong>enfermedades profesionales<\/strong>, con 33 casos notificados y 26 aprobados durante el mismo per\u00edodo.<\/p>\n<p>Burgos explic\u00f3 que estos resultados responden a un proceso de <strong>evaluaci\u00f3n t\u00e9cnica rigurosa<\/strong> en cada caso.<\/p>\n<h3 class=\"wp-block-heading\"><strong>Expansi\u00f3n de servicios y fortalecimiento preventivo<\/strong><\/h3>\n<p>La apertura del m\u00f3dulo en Ver\u00f3n forma parte de la estrategia del IDOPPRIL de <strong>descentralizar servicios<\/strong> y reducir los tiempos de respuesta a los usuarios.<\/p>\n<p>La instituci\u00f3n busca adem\u00e1s fortalecer la <strong>cultura de prevenci\u00f3n laboral<\/strong> en todo el pa\u00eds mediante una atenci\u00f3n m\u00e1s cercana y eficiente.<\/p>\n<p>Con esta nueva oficina, el IDOPPRIL reafirma su compromiso de garantizar la <strong>protecci\u00f3n de los trabajadores dominicanos<\/strong> y mejorar el acceso a los beneficios del sistema de riesgos laborales.<\/p>\n<p>Destac\u00f3 adem\u00e1s que la puesta en funcionamiento de este m\u00f3dulo permitir\u00e1 una mayor <strong>agilidad en los tr\u00e1mites<\/strong>, as\u00ed como un contacto m\u00e1s directo con los trabajadores y empleadores de la zona tur\u00edstica de <strong>Punta Cana<\/strong>, donde el crecimiento laboral ha incrementado la demanda de servicios relacionados con la <strong>seguridad y prevenci\u00f3n en el trabajo<\/strong>.<\/p>\n","protected":false},"excerpt":{"rendered":"<p>La Altagracia.\u2013 El Idopril inaugur\u00f3 un nuevo m\u00f3dulo de atenci\u00f3n en Ver\u00f3n, Punta Cana, con el objetivo de acercar los servicios de la instituci\u00f3n a los trabajadores de la zona y reforzar la atenci\u00f3n en materia de riesgos laborales. La apertura busca mejorar la respuesta institucional y facilitar el acceso a los beneficios del sistema<\/p>\n","protected":false},"author":1,"featured_media":36847,"comment_status":"open","ping_status":"open","sticky":false,"template":"","format":"standard","meta":{"footnotes":""},"categories":[1],"tags":[],"class_list":["post-36846","post","type-post","status-publish","format-standard","has-post-thumbnail","hentry","category-nacionales"],"_links":{"self":[{"href":"https:\/\/acronoticias.com\/index.php\/wp-json\/wp\/v2\/posts\/36846","targetHints":{"allow":["GET"]}}],"collection":[{"href":"https:\/\/acronoticias.com\/index.php\/wp-json\/wp\/v2\/posts"}],"about":[{"href":"https:\/\/acronoticias.com\/index.php\/wp-json\/wp\/v2\/types\/post"}],"author":[{"embeddable":true,"href":"https:\/\/acronoticias.com\/index.php\/wp-json\/wp\/v2\/users\/1"}],"replies":[{"embeddable":true,"href":"https:\/\/acronoticias.com\/index.php\/wp-json\/wp\/v2\/comments?post=36846"}],"version-history":[{"count":0,"href":"https:\/\/acronoticias.com\/index.php\/wp-json\/wp\/v2\/posts\/36846\/revisions"}],"wp:featuredmedia":[{"embeddable":true,"href":"https:\/\/acronoticias.com\/index.php\/wp-json\/wp\/v2\/media\/36847"}],"wp:attachment":[{"href":"https:\/\/acronoticias.com\/index.php\/wp-json\/wp\/v2\/media?parent=36846"}],"wp:term":[{"taxonomy":"category","embeddable":true,"href":"https:\/\/acronoticias.com\/index.php\/wp-json\/wp\/v2\/categories?post=36846"},{"taxonomy":"post_tag","embeddable":true,"href":"https:\/\/acronoticias.com\/index.php\/wp-json\/wp\/v2\/tags?post=36846"}],"curies":[{"name":"wp","href":"https:\/\/api.w.org\/{rel}","templated":true}]}}