{"id":36411,"date":"2026-04-23T07:39:43","date_gmt":"2026-04-23T07:39:43","guid":{"rendered":"https:\/\/acronoticias.com\/index.php\/2026\/04\/23\/repatrian-a-republica-dominica-a-21-migrantes-detenidos-en-aguas-de-puerto-rico\/"},"modified":"2026-04-23T07:39:43","modified_gmt":"2026-04-23T07:39:43","slug":"repatrian-a-republica-dominica-a-21-migrantes-detenidos-en-aguas-de-puerto-rico","status":"publish","type":"post","link":"https:\/\/acronoticias.com\/index.php\/2026\/04\/23\/repatrian-a-republica-dominica-a-21-migrantes-detenidos-en-aguas-de-puerto-rico\/","title":{"rendered":"Repatrian a Rep\u00fablica Dominica a 21 migrantes detenidos en aguas de Puerto Rico"},"content":{"rendered":"<div data-td-block-uid=\"tdi_100\">\n<div class=\"tdb-block-inner td-fix-index\">\n<p>San Juan.- La Guardia Costera estadounidense inform\u00f3 este mi\u00e9rcoles de la repatriaci\u00f3n de 21 migrantes a Rep\u00fablica Dominicana tras interceptar una embarcaci\u00f3n frente a las costas de Puerto Rico.<\/p>\n<p>Los migrantes repatriados fueron trasladados a un buque de la Armada Dominicana, seg\u00fan el comunicado de los guardacostas, que no reportaron menores de edad en este caso.<\/p>\n<p>La embarcaci\u00f3n fue detectada durante una patrulla de rutina al noroeste del municipio puertorrique\u00f1o de Aguadilla, en aguas del Canal de la Mona, que separa Rep\u00fablica Dominicana y Puerto Rico y es una v\u00eda migratoria frecuente.<\/p>\n<p>Los guardacostas detuvieron a 18 hombres y dos mujeres, quienes afirmaron ser de nacionalidad dominicana, y a otros dos hombres que dijeron ser procedentes de Hait\u00ed.<\/p>\n<p>Uno de los migrantes, del que no ha trascendido su nacionalidad, ten\u00eda una orden de arresto vigente de la Polic\u00eda de Puerto Rico, por lo que permanece bajo custodia en la isla.<\/p>\n<\/div>\n<\/div>\n","protected":false},"excerpt":{"rendered":"<p>San Juan.- La Guardia Costera estadounidense inform\u00f3 este mi\u00e9rcoles de la repatriaci\u00f3n de 21 migrantes a Rep\u00fablica Dominicana tras interceptar una embarcaci\u00f3n frente a las costas de Puerto Rico. Los migrantes repatriados fueron trasladados a un buque de la Armada Dominicana, seg\u00fan el comunicado de los guardacostas, que no reportaron menores de edad en este<\/p>\n","protected":false},"author":1,"featured_media":36412,"comment_status":"open","ping_status":"open","sticky":false,"template":"","format":"standard","meta":{"footnotes":""},"categories":[1],"tags":[],"class_list":["post-36411","post","type-post","status-publish","format-standard","has-post-thumbnail","hentry","category-nacionales"],"_links":{"self":[{"href":"https:\/\/acronoticias.com\/index.php\/wp-json\/wp\/v2\/posts\/36411","targetHints":{"allow":["GET"]}}],"collection":[{"href":"https:\/\/acronoticias.com\/index.php\/wp-json\/wp\/v2\/posts"}],"about":[{"href":"https:\/\/acronoticias.com\/index.php\/wp-json\/wp\/v2\/types\/post"}],"author":[{"embeddable":true,"href":"https:\/\/acronoticias.com\/index.php\/wp-json\/wp\/v2\/users\/1"}],"replies":[{"embeddable":true,"href":"https:\/\/acronoticias.com\/index.php\/wp-json\/wp\/v2\/comments?post=36411"}],"version-history":[{"count":0,"href":"https:\/\/acronoticias.com\/index.php\/wp-json\/wp\/v2\/posts\/36411\/revisions"}],"wp:featuredmedia":[{"embeddable":true,"href":"https:\/\/acronoticias.com\/index.php\/wp-json\/wp\/v2\/media\/36412"}],"wp:attachment":[{"href":"https:\/\/acronoticias.com\/index.php\/wp-json\/wp\/v2\/media?parent=36411"}],"wp:term":[{"taxonomy":"category","embeddable":true,"href":"https:\/\/acronoticias.com\/index.php\/wp-json\/wp\/v2\/categories?post=36411"},{"taxonomy":"post_tag","embeddable":true,"href":"https:\/\/acronoticias.com\/index.php\/wp-json\/wp\/v2\/tags?post=36411"}],"curies":[{"name":"wp","href":"https:\/\/api.w.org\/{rel}","templated":true}]}}