{"id":36407,"date":"2026-04-23T07:23:42","date_gmt":"2026-04-23T07:23:42","guid":{"rendered":"https:\/\/acronoticias.com\/index.php\/2026\/04\/23\/salud-cierra-quirofanos-de-clinica-cledime-donde-murio-una-joven-de-27-anos\/"},"modified":"2026-04-23T07:23:42","modified_gmt":"2026-04-23T07:23:42","slug":"salud-cierra-quirofanos-de-clinica-cledime-donde-murio-una-joven-de-27-anos","status":"publish","type":"post","link":"https:\/\/acronoticias.com\/index.php\/2026\/04\/23\/salud-cierra-quirofanos-de-clinica-cledime-donde-murio-una-joven-de-27-anos\/","title":{"rendered":"Salud cierra quir\u00f3fanos de cl\u00ednica CLEDIME donde muri\u00f3 una joven de 27 a\u00f1os"},"content":{"rendered":"<div data-td-block-uid=\"tdi_100\">\n<div class=\"tdb-block-inner td-fix-index\">\n<p>Santo Domingo.- El Ministerio de Salud P\u00fablica dispuso este mi\u00e9rcoles el cierre de los quir\u00f3fanos de la Cl\u00ednica de Est\u00e9tica y Especialidades CLEDIME, donde muri\u00f3 una mujer el 15 de abril mientras era sometida a un proceso est\u00e9tico.<\/p>\n<p>Salud P\u00fablica destac\u00f3 en un comunicado que, tras el fallecimiento de Anyeli S\u00e1nchez, de 27 a\u00f1os, equipos del organismo se trasladaron al centro con fines de inspecci\u00f3n conforme a los protocolos establecidos.<\/p>\n<p>El ministerio record\u00f3 que el caso del fallecimiento se encuentra bajo investigaci\u00f3n por las instancias correspondientes, por lo que cualquier determinaci\u00f3n sobre sus causas ser\u00e1 comunicada conforme a los resultados oficiales.<\/p>\n<p>S\u00ed indic\u00f3 Salud P\u00fablica, que el cierre de los quir\u00f3fanos se produjo por el hallazgo de fallas en las condiciones requeridas para garantizar la prestaci\u00f3n segura de los servicios de salud, especialmente en \u00e1reas cr\u00edticas vinculadas a la atenci\u00f3n quir\u00fargica.<\/p>\n<p>Entre los hallazgos se destacan la ausencia de un \u00e1rea de emergencia hospitalaria funcional, deficiencias en el equipamiento de unidades cr\u00edticas, incluyendo equipos fuera de operaci\u00f3n, as\u00ed como condiciones inadecuadas en \u00e1reas de apoyo como lavander\u00eda y cocina, que no cumplen con los est\u00e1ndares m\u00ednimos establecidos.<\/p>\n<p>Asimismo, se constataron irregularidades en espacios destinados a manejo especializado, los cuales no garantizan condiciones adecuadas para su funcionamiento, incluyendo aspectos relacionados con ventilaci\u00f3n y uso apropiado de las \u00e1reas.<\/p>\n<p>El cierre de los quir\u00f3fanos se hizo efectivo de manera inmediata y se mantendr\u00e1 hasta tanto el centro subsane las observaciones se\u00f1aladas y cumpla con los requisitos establecidos en la normativa vigente.<\/p>\n<\/div>\n<\/div>\n","protected":false},"excerpt":{"rendered":"<p>Santo Domingo.- El Ministerio de Salud P\u00fablica dispuso este mi\u00e9rcoles el cierre de los quir\u00f3fanos de la Cl\u00ednica de Est\u00e9tica y Especialidades CLEDIME, donde muri\u00f3 una mujer el 15 de abril mientras era sometida a un proceso est\u00e9tico. Salud P\u00fablica destac\u00f3 en un comunicado que, tras el fallecimiento de Anyeli S\u00e1nchez, de 27 a\u00f1os, equipos<\/p>\n","protected":false},"author":1,"featured_media":36408,"comment_status":"open","ping_status":"open","sticky":false,"template":"","format":"standard","meta":{"footnotes":""},"categories":[1],"tags":[],"class_list":["post-36407","post","type-post","status-publish","format-standard","has-post-thumbnail","hentry","category-nacionales"],"_links":{"self":[{"href":"https:\/\/acronoticias.com\/index.php\/wp-json\/wp\/v2\/posts\/36407","targetHints":{"allow":["GET"]}}],"collection":[{"href":"https:\/\/acronoticias.com\/index.php\/wp-json\/wp\/v2\/posts"}],"about":[{"href":"https:\/\/acronoticias.com\/index.php\/wp-json\/wp\/v2\/types\/post"}],"author":[{"embeddable":true,"href":"https:\/\/acronoticias.com\/index.php\/wp-json\/wp\/v2\/users\/1"}],"replies":[{"embeddable":true,"href":"https:\/\/acronoticias.com\/index.php\/wp-json\/wp\/v2\/comments?post=36407"}],"version-history":[{"count":0,"href":"https:\/\/acronoticias.com\/index.php\/wp-json\/wp\/v2\/posts\/36407\/revisions"}],"wp:featuredmedia":[{"embeddable":true,"href":"https:\/\/acronoticias.com\/index.php\/wp-json\/wp\/v2\/media\/36408"}],"wp:attachment":[{"href":"https:\/\/acronoticias.com\/index.php\/wp-json\/wp\/v2\/media?parent=36407"}],"wp:term":[{"taxonomy":"category","embeddable":true,"href":"https:\/\/acronoticias.com\/index.php\/wp-json\/wp\/v2\/categories?post=36407"},{"taxonomy":"post_tag","embeddable":true,"href":"https:\/\/acronoticias.com\/index.php\/wp-json\/wp\/v2\/tags?post=36407"}],"curies":[{"name":"wp","href":"https:\/\/api.w.org\/{rel}","templated":true}]}}