{"id":34836,"date":"2026-04-16T18:57:59","date_gmt":"2026-04-16T18:57:59","guid":{"rendered":"https:\/\/acronoticias.com\/index.php\/2026\/04\/16\/ito-bisono-entrega-pabellon-de-gimnasia-listo-para-juegos-centroamericanos-sd-2026\/"},"modified":"2026-04-16T18:57:59","modified_gmt":"2026-04-16T18:57:59","slug":"ito-bisono-entrega-pabellon-de-gimnasia-listo-para-juegos-centroamericanos-sd-2026","status":"publish","type":"post","link":"https:\/\/acronoticias.com\/index.php\/2026\/04\/16\/ito-bisono-entrega-pabellon-de-gimnasia-listo-para-juegos-centroamericanos-sd-2026\/","title":{"rendered":"Ito Bison\u00f3 entrega Pabell\u00f3n de Gimnasia listo para Juegos Centroamericanos SD 2026"},"content":{"rendered":"<p><img decoding=\"async\" width=\"355\" height=\"200\" src=\"https:\/\/nuevodiario-assets.s3.us-east-2.amazonaws.com\/wp-content\/uploads\/2026\/04\/Entrega-de-Pabellon-de-Gimnasia-355x200.jpeg\" class=\"webfeedsFeaturedVisual not-transparent wp-post-image\" alt=\"\" style=\"--dominant-color: #899196;margin-bottom: 5px;clear:both;max-width: 100%\" loading=\"lazy\" data-has-transparency=\"false\" data-dominant-color=\"899196\" \/><\/p>\n<p>EL NUEVO DIARIO, SANTO DOMINGO.- La vicepresidenta de la Rep\u00fablica, Raquel Pe\u00f1a, y el ministro de Vivienda, H\u00e1bitat y Edificaciones (Mivhed) V\u00edctor \u201cIto\u201d Bison\u00f3 encabezaron este jueves el acto de entrega de las obras de remodelaci\u00f3n total del Pabell\u00f3n de Gimnasia ubicado en el Parque del Este.<\/p>\n<p>Esta intervenci\u00f3n, como parte del proceso de preparaci\u00f3n hacia los Juegos Centroamericanos y del Caribe Santo Domingo 2026, garantiza instalaciones de clase mundial para los atletas.<\/p>\n<p>El ministro Bison\u00f3 destac\u00f3 que \u201cestamos cumpliendo con el cronograma establecido, entregando cada instalaci\u00f3n en el tiempo previsto y con los est\u00e1ndares que exige un evento de esta magnitud. Nuestro compromiso es que el pa\u00eds llegue a Santo Domingo 2026 con obras listas, funcionales y a la altura de sus atletas\u201d, se\u00f1ala una nota informativa.<\/p>\n<figure id=\"attachment_3085823\" aria-describedby=\"caption-attachment-3085823\" style=\"width: 1600px\" class=\"wp-caption alignnone\"><img decoding=\"async\" data-recalc-dims=\"1\" data-dominant-color=\"3f88c8\" data-has-transparency=\"false\" style=\"--dominant-color: #3f88c8\" loading=\"lazy\" class=\"size-full wp-image-3085823 not-transparent\" src=\"https:\/\/i0.wp.com\/nuevodiario-assets.s3.us-east-2.amazonaws.com\/wp-content\/uploads\/2026\/04\/Ito-Bisono.jpeg?resize=640%2C426&#038;quality=100&#038;ssl=1\" alt=\"\" width=\"640\" height=\"426\" \/><figcaption id=\"caption-attachment-3085823\" class=\"wp-caption-text\"><strong>Ministro de Viviendas, Ito Bison\u00f3 (Foto: Prensa Mivhed)<\/strong><\/figcaption><\/figure>\n<p>El funcionario enfatiz\u00f3 que \u201cdesde el Mivhed hemos cumplido con construir, recuperar y dignificar estas instalaciones. A partir de ahora, corresponde a las autoridades deportivas, las federaciones y los propios atletas asumir el compromiso de su cuidado, mantenimiento y uso responsable, para que este legado perdure en el tiempo para las familias dominicanas\u201d.<\/p>\n<p>En tanto, el ministro de Deporte, Kelvin Cruz, valid\u00f3 la edificaci\u00f3n y ratific\u00f3 que el espacio cumple los requerimientos para los atletas y que, a solo 99 d\u00edas del inicio de los JCC, el cronograma de entrega lleva buen ritmo.<\/p>\n<figure id=\"attachment_3085825\" aria-describedby=\"caption-attachment-3085825\" style=\"width: 1600px\" class=\"wp-caption alignnone\"><img decoding=\"async\" data-recalc-dims=\"1\" data-dominant-color=\"8f8c9f\" data-has-transparency=\"false\" style=\"--dominant-color: #8f8c9f\" loading=\"lazy\" class=\"size-full wp-image-3085825 not-transparent\" src=\"https:\/\/i0.wp.com\/nuevodiario-assets.s3.us-east-2.amazonaws.com\/wp-content\/uploads\/2026\/04\/Inauguracion-Pabellon-de-Gimnasia.jpeg?resize=640%2C426&#038;quality=100&#038;ssl=1\" alt=\"\" width=\"640\" height=\"426\" \/><figcaption id=\"caption-attachment-3085825\" class=\"wp-caption-text\"><strong>Entrega de Pabell\u00f3n de Gimnasia en SDE (Foto: Prensa Mivhed)<\/strong><\/figcaption><\/figure>\n<p>\u201cVamos a recibir 36 pa\u00edses que integran a Centro Caribe Sport y m\u00e1s de seis mil atletas que estar\u00e1n aqu\u00ed haciendo gala de sus capacidades deportivas. Estamos preparados para tener una buena competici\u00f3n\u201d, indic\u00f3.<\/p>\n<p>Igualmente, el presidente del Comit\u00e9 Organizador de los Juegos Centroamericanos y del Caribe 2026, Jos\u00e9 P. Monegro, se\u00f1al\u00f3 \u201choy estamos recibiendo este Pabell\u00f3n de Gimnasia, uno de los m\u00e1s impresionantes de Centro Am\u00e9rica y El Caribe, igualmente que todos los dem\u00e1s que hemos recibido\u201d.<\/p>\n<p><strong>Detalles del pabell\u00f3n<\/strong><\/p>\n<p>La obra abarc\u00f3 una intervenci\u00f3n integral de 10,785.48 metros cuadrados de remodelaci\u00f3n, optimizando cada rinc\u00f3n para el flujo de atletas y espectadores.<\/p>\n<p><a href=\"https:\/\/videos.files.wordpress.com\/Y4qsihRi\/inauguracion-de-pabellon-de-gimnasia.mp4\">inauguracion-de-pabellon-de-gimnasia-mp4<\/a><\/p>\n<p>Entre los puntos clave destacan un \u00e1rea de competencia con espacio de cerca de dos mil 800 metros cuadrados equipado con iluminaci\u00f3n especializada de 1500 LUX, dise\u00f1ada para transmisiones televisivas y precisi\u00f3n t\u00e9cnica.<\/p>\n<p>Adem\u00e1s, un \u00e1rea de calentamiento con una extensi\u00f3n en superficie de mil 500 metros cuadrados, que permite a los deportistas prepararse en condiciones \u00f3ptimas antes de su entrada a escena.<\/p>\n<p>El renovado Pabell\u00f3n de Gimnasia, dispone de una capacidad de aforo de 3,623 personas, con gradas modernas, palcos VIP y \u00e1reas exclusivas para la prensa. Su dise\u00f1o lo hace un complejo integral para el deporte.<\/p>\n<p>M\u00e1s all\u00e1 de la pista de competencia, cuenta con una oferta de servicios 360 grados que incluye, \u00e1reas de salud, zonas m\u00e9dicas especializadas y \u00e1reas de masaje para la recuperaci\u00f3n de los atletas. Igualmente, gimnasios diferenciados para ni\u00f1os y adultos, \u00e1reas de \u00e1rbitros y vestidores de \u00faltima generaci\u00f3n.<\/p>\n<figure id=\"attachment_3085829\" aria-describedby=\"caption-attachment-3085829\" style=\"width: 1066px\" class=\"wp-caption alignnone\"><img decoding=\"async\" data-recalc-dims=\"1\" data-dominant-color=\"7d939b\" data-has-transparency=\"false\" style=\"--dominant-color: #7d939b\" loading=\"lazy\" class=\"size-full wp-image-3085829 not-transparent\" src=\"https:\/\/i0.wp.com\/nuevodiario-assets.s3.us-east-2.amazonaws.com\/wp-content\/uploads\/2026\/04\/Gimnastas.jpeg?resize=640%2C961&#038;quality=100&#038;ssl=1\" alt=\"\" width=\"640\" height=\"961\" \/><figcaption id=\"caption-attachment-3085829\" class=\"wp-caption-text\"><strong>Ni\u00f1as gimnastas (Foto: Prensa Mivhed)<\/strong><\/figcaption><\/figure>\n<p>Entre las facilidades para el p\u00fablico, el recinto dispone de Cafeter\u00eda, Snack Bar y ba\u00f1os inclusivos adaptados para personas con discapacidad.<\/p>\n<p>En cuanto a la tecnolog\u00eda y seguridad, dispone de instalaci\u00f3n de sistemas de Circuito Cerrado de Televisi\u00f3n, redes de data de alta velocidad y una renovaci\u00f3n total de los sistemas el\u00e9ctricos y sanitarios.<\/p>\n<p>La inversi\u00f3n en esta renovaci\u00f3n total del pabell\u00f3n de gimnasia ascendi\u00f3 a unos RD$260.3 millones de pesos.<\/p>\n<p><strong>Hacia Santo Domingo 2026<\/strong><\/p>\n<p>Esta entrega reafirma el compromiso del gobierno del presidente Luis Abinader con el deporte y del ministro Ito Bison\u00f3 con el \u00e9xito de los pr\u00f3ximos Juegos Centroamericanos y del Caribe.<\/p>\n<p>El Pabell\u00f3n de Gimnasia no solo servir\u00e1 como sede oficial durante el evento deportivo, sino que queda como un legado tangible para el desarrollo del talento joven en Santo Domingo Este.<\/p>\n<p>En el acto de entrega participaron la gobernadora de la Provincia de Santo Domingo, Lucrecia de los Santos, adem\u00e1s el alcalde de Santo Domingo Este, D\u00edo Astacio; el presidente del Comit\u00e9 Ol\u00edmpico Dominicano (COD) Garibaldi Bautista, el presidente de la Federaci\u00f3n Dominicana de Gimnasia (Fedogim), Edwin Rodr\u00edguez; junto a otras autoridades del sector deportivo y gubernamental.<\/p>\n<p>JSB\/<\/p>\n<p>La entrada <a href=\"https:\/\/elnuevodiario.com.do\/ito-bisono-entrega-pabellon-de-gimnasia-listo-para-juegos-centroamericanos-sd-2026\/\">Ito Bison\u00f3 entrega Pabell\u00f3n de Gimnasia listo para Juegos Centroamericanos SD 2026<\/a> se public\u00f3 primero en <a href=\"https:\/\/elnuevodiario.com.do\">El Nuevo Diario (Rep\u00fablica Dominicana)<\/a>.<\/p>\n","protected":false},"excerpt":{"rendered":"<p>EL NUEVO DIARIO, SANTO DOMINGO.- La vicepresidenta de la Rep\u00fablica, Raquel Pe\u00f1a, y el ministro de Vivienda, H\u00e1bitat y Edificaciones (Mivhed) V\u00edctor \u201cIto\u201d Bison\u00f3 encabezaron este jueves el acto de entrega de las obras de remodelaci\u00f3n total del Pabell\u00f3n de Gimnasia ubicado en el Parque del Este. Esta intervenci\u00f3n, como parte del proceso de preparaci\u00f3n<\/p>\n","protected":false},"author":1,"featured_media":34837,"comment_status":"open","ping_status":"open","sticky":false,"template":"","format":"standard","meta":{"footnotes":""},"categories":[2],"tags":[],"class_list":["post-34836","post","type-post","status-publish","format-standard","has-post-thumbnail","hentry","category-deporte"],"_links":{"self":[{"href":"https:\/\/acronoticias.com\/index.php\/wp-json\/wp\/v2\/posts\/34836","targetHints":{"allow":["GET"]}}],"collection":[{"href":"https:\/\/acronoticias.com\/index.php\/wp-json\/wp\/v2\/posts"}],"about":[{"href":"https:\/\/acronoticias.com\/index.php\/wp-json\/wp\/v2\/types\/post"}],"author":[{"embeddable":true,"href":"https:\/\/acronoticias.com\/index.php\/wp-json\/wp\/v2\/users\/1"}],"replies":[{"embeddable":true,"href":"https:\/\/acronoticias.com\/index.php\/wp-json\/wp\/v2\/comments?post=34836"}],"version-history":[{"count":0,"href":"https:\/\/acronoticias.com\/index.php\/wp-json\/wp\/v2\/posts\/34836\/revisions"}],"wp:featuredmedia":[{"embeddable":true,"href":"https:\/\/acronoticias.com\/index.php\/wp-json\/wp\/v2\/media\/34837"}],"wp:attachment":[{"href":"https:\/\/acronoticias.com\/index.php\/wp-json\/wp\/v2\/media?parent=34836"}],"wp:term":[{"taxonomy":"category","embeddable":true,"href":"https:\/\/acronoticias.com\/index.php\/wp-json\/wp\/v2\/categories?post=34836"},{"taxonomy":"post_tag","embeddable":true,"href":"https:\/\/acronoticias.com\/index.php\/wp-json\/wp\/v2\/tags?post=34836"}],"curies":[{"name":"wp","href":"https:\/\/api.w.org\/{rel}","templated":true}]}}