{"id":31610,"date":"2026-04-02T00:48:31","date_gmt":"2026-04-02T00:48:31","guid":{"rendered":"https:\/\/acronoticias.com\/index.php\/2026\/04\/02\/jovenes-lideres-se-reunieron-en-seminario-sobre-voluntariado-y-desarrollo-social\/"},"modified":"2026-04-02T00:48:31","modified_gmt":"2026-04-02T00:48:31","slug":"jovenes-lideres-se-reunieron-en-seminario-sobre-voluntariado-y-desarrollo-social","status":"publish","type":"post","link":"https:\/\/acronoticias.com\/index.php\/2026\/04\/02\/jovenes-lideres-se-reunieron-en-seminario-sobre-voluntariado-y-desarrollo-social\/","title":{"rendered":"J\u00f3venes l\u00edderes se reunieron en seminario sobre voluntariado y desarrollo social"},"content":{"rendered":"<p><img decoding=\"async\" width=\"355\" height=\"200\" src=\"https:\/\/nuevodiario-assets.s3.us-east-2.amazonaws.com\/wp-content\/uploads\/2026\/04\/Jovenes-lideres-se-reunieron-en-seminario-sobre-voluntariado-y-desarrollo-social-355x200.jpeg\" class=\"webfeedsFeaturedVisual not-transparent wp-post-image\" alt=\"\" style=\"--dominant-color: #978f8f;margin-bottom: 5px;clear:both;max-width: 100%\" loading=\"lazy\" data-has-transparency=\"false\" data-dominant-color=\"978f8f\" \/><\/p>\n<p>EL NUEVO DIARIO, SANTO DOMINGO. &#8211; El seminario \u201cHuella del Voluntariado 2025\u201d reuni\u00f3 a j\u00f3venes l\u00edderes, facilitadores y aliados estrat\u00e9gicos en un espacio de cierre del ciclo formativo del programa J\u00f3venes Hambre Cero (JHC).<\/p>\n<p>El evento se llev\u00f3 a cabo en el Centro De La Salle Hermano Alfredo Morales, bajo la organizaci\u00f3n del Centro de Investigaci\u00f3n y Promoci\u00f3n Social (CIPROS) y congreg\u00f3 a voluntarios, facilitadores, aliados institucionales y representantes juveniles, con el prop\u00f3sito de promover la reflexi\u00f3n, el reconocimiento de logros y el fortalecimiento del compromiso colectivo.<\/p>\n<p>Las palabras de apertura estuvieron a cargo de Guadalupe Valdez, directora ejecutiva de CIPROS, quien destac\u00f3 la importancia del voluntariado como una herramienta para la transformaci\u00f3n social y el desarrollo de capacidades en la juventud.<\/p>\n<p>Durante la jornada la coordinadora del proyecto, Diana Tejada, present\u00f3 los principales avances del programa en 2025, resaltando el crecimiento y formalizaci\u00f3n de la red de voluntarios, la consolidaci\u00f3n de los Comit\u00e9s de Voluntariado, el progreso en la elaboraci\u00f3n del Manual de Inducci\u00f3n y el establecimiento de alianzas estrat\u00e9gicas, incluyendo la realizaci\u00f3n de un webinario de alcance internacional.<\/p>\n<figure id=\"attachment_3069956\" aria-describedby=\"caption-attachment-3069956\" style=\"width: 1600px\" class=\"wp-caption alignnone\"><img decoding=\"async\" data-recalc-dims=\"1\" data-dominant-color=\"97908f\" data-has-transparency=\"false\" style=\"--dominant-color: #97908f\" loading=\"lazy\" class=\"size-full wp-image-3069956 not-transparent\" src=\"https:\/\/i0.wp.com\/nuevodiario-assets.s3.us-east-2.amazonaws.com\/wp-content\/uploads\/2026\/04\/Jovenes-lideres-se-reunieron-en-seminario-sobre-voluntariado-y-desarrollo-social-2.jpeg?resize=640%2C360&#038;quality=100&#038;ssl=1\" alt=\"\" width=\"640\" height=\"360\" \/><figcaption id=\"caption-attachment-3069956\" class=\"wp-caption-text\">J\u00f3venes l\u00edderes se reunieron en seminario sobre voluntariado y desarrollo social. Fuente externa<\/figcaption><\/figure>\n<p>De su lado, Juliany Minyety M\u00e9ndez, encargada de capacitaci\u00f3n, expuso una s\u00edntesis del proceso formativo, los m\u00f3dulos desarrollados y las principales lecciones aprendidas, subrayando el fortalecimiento de competencias en los participantes para su desempe\u00f1o como voluntarios y como agentes de cambio en sus comunidades.<\/p>\n<p><strong>Intercambio de experiencias<\/strong><\/p>\n<p>El seminario incluy\u00f3 el panel conversatorio \u201cC\u00f3mo suma: experiencias en el proceso de formaci\u00f3n de voluntarios\u201d, en el que participaron Luis Yanuel Cordero, Santa Isabel Mariano y Alexander Cano Livingston, director operativo de TECHO-RD. En este espacio se compartieron experiencias sobre el impacto de los procesos formativos y el acompa\u00f1amiento en el desarrollo personal y comunitario de los j\u00f3venes.<\/p>\n<p><strong>Enfoque en desarrollo rural<\/strong><\/p>\n<p>La jornada concluy\u00f3 con la ponencia del profesor Francisco Amador, colaborador acad\u00e9mico de la Universidad Loyola de Espa\u00f1a, titulada \u201cDesarrollo rural y voluntariado: identificar tu valor\u201d. En su intervenci\u00f3n, abord\u00f3 la relevancia del desarrollo rural territorial, destacando las desigualdades estructurales entre el \u00e1mbito rural y urbano, as\u00ed como el papel estrat\u00e9gico de los territorios rurales en la seguridad alimentaria y la lucha contra el cambio clim\u00e1tico.<\/p>\n<p>Asimismo, se\u00f1al\u00f3 que una proporci\u00f3n significativa de las metas de la Agenda 2030 tiene incidencia directa en contextos rurales, lo que refuerza la importancia de la participaci\u00f3n activa de los j\u00f3venes en estos espacios.<\/p>\n<p>El Centro de Investigaci\u00f3n y Promoci\u00f3n Social (Cipros) es una organizaci\u00f3n de la sociedad civil dominicana orientada al fortalecimiento del voluntariado, el desarrollo comunitario y la promoci\u00f3n de los derechos humanos. A trav\u00e9s de iniciativas como J\u00f3venes Hambre Cero, impulsa la formaci\u00f3n de j\u00f3venes comprometidos con el desarrollo sostenible y la transformaci\u00f3n social.<\/p>\n<p>La entrada <a href=\"https:\/\/elnuevodiario.com.do\/jovenes-lideres-se-reunieron-en-seminario-sobre-voluntariado-y-desarrollo-social\/\">J\u00f3venes l\u00edderes se reunieron en seminario sobre voluntariado y desarrollo social<\/a> se public\u00f3 primero en <a href=\"https:\/\/elnuevodiario.com.do\">El Nuevo Diario (Rep\u00fablica Dominicana)<\/a>.<\/p>\n","protected":false},"excerpt":{"rendered":"<p>EL NUEVO DIARIO, SANTO DOMINGO. &#8211; El seminario \u201cHuella del Voluntariado 2025\u201d reuni\u00f3 a j\u00f3venes l\u00edderes, facilitadores y aliados estrat\u00e9gicos en un espacio de cierre del ciclo formativo del programa J\u00f3venes Hambre Cero (JHC). El evento se llev\u00f3 a cabo en el Centro De La Salle Hermano Alfredo Morales, bajo la organizaci\u00f3n del Centro de<\/p>\n","protected":false},"author":1,"featured_media":31611,"comment_status":"open","ping_status":"open","sticky":false,"template":"","format":"standard","meta":{"footnotes":""},"categories":[1],"tags":[],"class_list":["post-31610","post","type-post","status-publish","format-standard","has-post-thumbnail","hentry","category-nacionales"],"_links":{"self":[{"href":"https:\/\/acronoticias.com\/index.php\/wp-json\/wp\/v2\/posts\/31610","targetHints":{"allow":["GET"]}}],"collection":[{"href":"https:\/\/acronoticias.com\/index.php\/wp-json\/wp\/v2\/posts"}],"about":[{"href":"https:\/\/acronoticias.com\/index.php\/wp-json\/wp\/v2\/types\/post"}],"author":[{"embeddable":true,"href":"https:\/\/acronoticias.com\/index.php\/wp-json\/wp\/v2\/users\/1"}],"replies":[{"embeddable":true,"href":"https:\/\/acronoticias.com\/index.php\/wp-json\/wp\/v2\/comments?post=31610"}],"version-history":[{"count":0,"href":"https:\/\/acronoticias.com\/index.php\/wp-json\/wp\/v2\/posts\/31610\/revisions"}],"wp:featuredmedia":[{"embeddable":true,"href":"https:\/\/acronoticias.com\/index.php\/wp-json\/wp\/v2\/media\/31611"}],"wp:attachment":[{"href":"https:\/\/acronoticias.com\/index.php\/wp-json\/wp\/v2\/media?parent=31610"}],"wp:term":[{"taxonomy":"category","embeddable":true,"href":"https:\/\/acronoticias.com\/index.php\/wp-json\/wp\/v2\/categories?post=31610"},{"taxonomy":"post_tag","embeddable":true,"href":"https:\/\/acronoticias.com\/index.php\/wp-json\/wp\/v2\/tags?post=31610"}],"curies":[{"name":"wp","href":"https:\/\/api.w.org\/{rel}","templated":true}]}}