{"id":30614,"date":"2026-03-28T14:16:09","date_gmt":"2026-03-28T14:16:09","guid":{"rendered":"https:\/\/acronoticias.com\/index.php\/2026\/03\/28\/ecuador-obtiene-23-millones-de-dolares-no-reembolsables-para-reducir-riesgos-climaticos\/"},"modified":"2026-03-28T14:16:09","modified_gmt":"2026-03-28T14:16:09","slug":"ecuador-obtiene-23-millones-de-dolares-no-reembolsables-para-reducir-riesgos-climaticos","status":"publish","type":"post","link":"https:\/\/acronoticias.com\/index.php\/2026\/03\/28\/ecuador-obtiene-23-millones-de-dolares-no-reembolsables-para-reducir-riesgos-climaticos\/","title":{"rendered":"Ecuador obtiene 23 millones de d\u00f3lares no reembolsables para reducir riesgos clim\u00e1ticos"},"content":{"rendered":"<p>El <strong>Fondo Verde para el Clima<\/strong> aprob\u00f3 otorgar un financiamiento no reembolsable a <strong>Ecuador<\/strong> de 23 millones de d\u00f3lares para la implementaci\u00f3n de un proyecto que contribuye a la reducci\u00f3n de riesgos clim\u00e1ticos en territorios priorizados, inform\u00f3 este viernes el <strong>Ministerio de Ambiente y Energ\u00eda<\/strong> del pa\u00eds andino.<\/p>\n<p>El proyecto, liderado por la cartera de <strong>Ambiente<\/strong> en articulaci\u00f3n con el <strong>Ministerio de Agricultura, Ganader\u00eda y Pesca<\/strong> y el <strong>Instituto Interamericano de Cooperaci\u00f3n para la Agricultura<\/strong> como agencia implementadora, beneficiar\u00e1 a m\u00e1s de 344.000 personas en once provincias priorizadas por su nivel de riesgo clim\u00e1tico.<\/p>\n<figure class=\"wp-block-image size-full is-resized\"><img loading=\"lazy\" decoding=\"async\" width=\"1920\" height=\"1080\" src=\"https:\/\/multimedia.noticiassin.com\/wp-content\/uploads\/2026\/03\/ecuador-obtiene-23-millones-de-dolares-no-reembolsables-para-reducir-riesgos-cli-20260328-032056-5yFA.jpg\" alt=\"\" class=\"wp-image-1971708\" style=\"width:591px;height:auto\" \/><\/figure>\n<p>La intervenci\u00f3n, de acuerdo al <strong>Ministerio<\/strong>, se enfocar\u00e1 en fortalecer la seguridad alimentaria, mejorar la gesti\u00f3n del agua y consolidar sistemas productivos en los territorios.<\/p>\n<h2 class=\"wp-block-heading\">Financiamiento y Beneficiarios<\/h2>\n<p>La iniciativa alcanzar\u00e1 una inversi\u00f3n total de 35,6 millones de d\u00f3lares, de los cuales 23 millones corresponden al financiamiento no reembolsable aprobado por el <strong>Fondo Verde<\/strong> y aproximadamente 12,3 millones al cofinanciamiento aportado por las entidades participantes.<\/p>\n<ul class=\"wp-block-list\">\n<li>M\u00e1s de 200 integrantes de gobiernos locales, academia y organizaciones sociales participaron de la creaci\u00f3n de la propuesta, que incluy\u00f3 insumos de 500 encuestas realizadas en territorio, con el objetivo de plasmar las necesidades reales de las comunidades y las prioridades nacionales de adaptaci\u00f3n al cambio clim\u00e1tico.<\/li>\n<\/ul>\n<p>Tras la aprobaci\u00f3n de este financiamiento, el siguiente paso ser\u00e1 la disponibilidad progresiva de los recursos hacia finales de 2026, con una implementaci\u00f3n proyectada para el primer trimestre de 2027, explic\u00f3 el <strong>Ministerio<\/strong>.<\/p>\n<h2 class=\"wp-block-heading\">Implementaci\u00f3n y Objetivos<\/h2>\n<p>Este proceso permitir\u00e1 consolidar una intervenci\u00f3n integral en territorios rurales, orientada a reducir el riesgo clim\u00e1tico, cerrar brechas de desigualdad, particularmente de g\u00e9nero, y promover sistemas productivos sostenibles\u00bb, a\u00f1adi\u00f3 la <strong>cartera de Estado<\/strong>.\u00a0<\/p>\n<p>El <strong>Fondo Verde para el Clima<\/strong> aprob\u00f3 un financiamiento no reembolsable de 23 millones de d\u00f3lares para <strong>Ecuador<\/strong>, con el objetivo de impulsar un proyecto orientado a reducir los riesgos asociados al cambio clim\u00e1tico en zonas vulnerables.<\/p>\n<p>La iniciativa, liderada por el <strong>Ministerio de Ambiente y Energ\u00eda<\/strong> de <strong>Ecuador<\/strong> en conjunto con otras instituciones, beneficiar\u00e1 a m\u00e1s de 344.000 personas en once provincias priorizadas, mediante acciones enfocadas en la seguridad alimentaria, la gesti\u00f3n sostenible del agua y el fortalecimiento de sistemas productivos locales.<\/p>\n<h3 class=\"wp-block-heading\">Inversi\u00f3n Total y Aportes<\/h3>\n<p>El programa contar\u00e1 con una inversi\u00f3n total de 35,6 millones de d\u00f3lares, incluyendo aportes de entidades nacionales e internacionales como el <strong>Instituto Interamericano de Cooperaci\u00f3n para la Agricultura<\/strong>. Su dise\u00f1o incluy\u00f3 la participaci\u00f3n de m\u00e1s de 200 actores y el levantamiento de informaci\u00f3n en territorio para responder a las necesidades reales de las comunidades.<\/p>\n<p>Se prev\u00e9 que los recursos comiencen a ejecutarse a finales de 2026, con una implementaci\u00f3n formal en 2027, consolidando una estrategia integral que busca reducir desigualdades, promover la <strong>sostenibilidad y fortalecer la resiliencia clim\u00e1tica en el pa\u00eds.<\/strong><\/p>\n","protected":false},"excerpt":{"rendered":"<p>El Fondo Verde para el Clima aprob\u00f3 otorgar un financiamiento no reembolsable a Ecuador de 23 millones de d\u00f3lares para la implementaci\u00f3n de un proyecto que contribuye a la reducci\u00f3n de riesgos clim\u00e1ticos en territorios priorizados, inform\u00f3 este viernes el Ministerio de Ambiente y Energ\u00eda del pa\u00eds andino. El proyecto, liderado por la cartera de<\/p>\n","protected":false},"author":1,"featured_media":30615,"comment_status":"open","ping_status":"open","sticky":false,"template":"","format":"standard","meta":{"footnotes":""},"categories":[3],"tags":[],"class_list":["post-30614","post","type-post","status-publish","format-standard","has-post-thumbnail","hentry","category-internacionales"],"_links":{"self":[{"href":"https:\/\/acronoticias.com\/index.php\/wp-json\/wp\/v2\/posts\/30614","targetHints":{"allow":["GET"]}}],"collection":[{"href":"https:\/\/acronoticias.com\/index.php\/wp-json\/wp\/v2\/posts"}],"about":[{"href":"https:\/\/acronoticias.com\/index.php\/wp-json\/wp\/v2\/types\/post"}],"author":[{"embeddable":true,"href":"https:\/\/acronoticias.com\/index.php\/wp-json\/wp\/v2\/users\/1"}],"replies":[{"embeddable":true,"href":"https:\/\/acronoticias.com\/index.php\/wp-json\/wp\/v2\/comments?post=30614"}],"version-history":[{"count":0,"href":"https:\/\/acronoticias.com\/index.php\/wp-json\/wp\/v2\/posts\/30614\/revisions"}],"wp:featuredmedia":[{"embeddable":true,"href":"https:\/\/acronoticias.com\/index.php\/wp-json\/wp\/v2\/media\/30615"}],"wp:attachment":[{"href":"https:\/\/acronoticias.com\/index.php\/wp-json\/wp\/v2\/media?parent=30614"}],"wp:term":[{"taxonomy":"category","embeddable":true,"href":"https:\/\/acronoticias.com\/index.php\/wp-json\/wp\/v2\/categories?post=30614"},{"taxonomy":"post_tag","embeddable":true,"href":"https:\/\/acronoticias.com\/index.php\/wp-json\/wp\/v2\/tags?post=30614"}],"curies":[{"name":"wp","href":"https:\/\/api.w.org\/{rel}","templated":true}]}}