{"id":30234,"date":"2026-03-26T19:41:06","date_gmt":"2026-03-26T19:41:06","guid":{"rendered":"https:\/\/acronoticias.com\/index.php\/2026\/03\/26\/jurista-advierte-exclusion-de-candidaturas-independientes-provoca-choque-entre-el-poder-judicial-y-el-legislativo\/"},"modified":"2026-03-26T19:41:06","modified_gmt":"2026-03-26T19:41:06","slug":"jurista-advierte-exclusion-de-candidaturas-independientes-provoca-choque-entre-el-poder-judicial-y-el-legislativo","status":"publish","type":"post","link":"https:\/\/acronoticias.com\/index.php\/2026\/03\/26\/jurista-advierte-exclusion-de-candidaturas-independientes-provoca-choque-entre-el-poder-judicial-y-el-legislativo\/","title":{"rendered":"Jurista advierte exclusi\u00f3n de candidaturas independientes provoca choque entre el Poder Judicial y el Legislativo\u00a0"},"content":{"rendered":"<p><img loading=\"lazy\" decoding=\"async\" width=\"355\" height=\"200\" src=\"https:\/\/nuevodiario-assets.s3.us-east-2.amazonaws.com\/wp-content\/uploads\/2026\/03\/WhatsApp-Image-2026-03-26-at-7.14.15-PM-1-355x200.jpeg\" class=\"webfeedsFeaturedVisual not-transparent wp-post-image\" alt=\"\" style=\"--dominant-color: #6a616c;margin-bottom: 5px;clear:both;max-width: 100%\" data-has-transparency=\"false\" data-dominant-color=\"6a616c\" \/><\/p>\n<p>EL NUEVO DIARIO, SANTO DOMINGO.- El abogado Enrique Santelises Vila advirti\u00f3 que la Rep\u00fablica Dominicana podr\u00eda estar cerca de sentar un precedente \u201cfunesto\u201d debido al conflicto que puede generar entre el Poder Judicial y el Poder Legislativo la exclusi\u00f3n de las candidaturas independientes.<\/p>\n<p>\u201cEs la primera vez que yo veo que hay un choque tan delicado entre el Poder Legislativo y el Poder Judicial\u201d, indic\u00f3 el abogado al condenar que los legisladores busquen derogar, a trav\u00e9s de una \u201csimple ley org\u00e1nica\u201d, la sentencia TC\/0788\/24 del Tribunal Constitucional que declar\u00f3 no conforme con la Constituci\u00f3n la exclusividad de los partidos pol\u00edticos para postular candidatos.<\/p>\n<p>\u201cEsto puede abrir una caja de pandora y, en un futuro no muy lejano, cualquier decisi\u00f3n que emita el Constitucional que no sea de agrado a la elite pol\u00edtica o a los mismos legisladores, entonces ellos van a emitir cualquier proyecto de ley org\u00e1nica para dejarla sin efecto\u201d, manifest\u00f3.<\/p>\n<p>Durante una entrevista en el programa \u201cAqu\u00ed Hablamos Claro\u201d, que transmite la plataforma digital El Nuevo Diario TV, el jurista record\u00f3 que las decisiones del Tribunal Constitucional son definitivas e irrevocables; por lo que esta situaci\u00f3n podr\u00eda marcar un precedente poco favorable para el pa\u00eds que debilitar\u00eda la seguridad jur\u00eddica y el equilibrio entre los poderes del Estado.<\/p>\n<p>(Ver programa).<\/p>\n<div class=\"jetpack-video-wrapper\"><\/div>\n<p>\u201cLa parte delicada es que este proyecto sometido por el senador Rogelio Genao es org\u00e1nica y jam\u00e1s en la vida una ley puede estar por encima de una sentencia del Tribunal Constitucional. Todo el mundo sabe que las sentencias del Tribunal Constitucional son oponibles a todos los poderes del Estado\u201d, coment\u00f3.<\/p>\n<p>Advirti\u00f3 que, de tener validez ese criterio, tambi\u00e9n se podr\u00eda plantear la eliminaci\u00f3n de jueces del Tribunal Constitucional mediante iniciativas legislativas.<\/p>\n<p>\u201cSi se ventila bien el caso y si se ve sin pasiones, estamos frente a un choque entre el Poder Judicial y el Poder Legislativo y eso es muy delicado\u201d, expuso.<\/p>\n<p>El jurista tiene la certeza de que este proyecto de ley, que recibi\u00f3 el respaldo de 118 congresistas en el Senado, podr\u00eda ser aprobado con facilidad en las pr\u00f3ximas lecturas, por lo que alert\u00f3 al Poder Ejecutivo sobre las consecuencias de su promulgaci\u00f3n.<\/p>\n<p>\u201cOjo con firmar eso, porque es posible que se abra por primera vez a un presidente de la Rep\u00fablica un juicio pol\u00edtico; sabemos bien que el Congreso est\u00e1 controlado por el partido oficialista, pero ese ruido al Ejecutivo, no le conviene. Pero desde el punto de vista jur\u00eddico, si el Poder Ejecutivo da como buena y v\u00e1lida esa ley org\u00e1nica de la eliminaci\u00f3n de las candidaturas independientes, puede ser pasible que se abra un juicio pol\u00edtico al presidente de la Rep\u00fablica\u201d, expres\u00f3.<\/p>\n<p>La entrada <a href=\"https:\/\/elnuevodiario.com.do\/jurista-advierte-exclusion-de-candidaturas-independientes-provoca-choque-entre-el-poder-judicial-y-el-legislativo\/\">Jurista advierte exclusi\u00f3n de candidaturas independientes provoca choque entre el Poder Judicial y el Legislativo\u00a0<\/a> se public\u00f3 primero en <a href=\"https:\/\/elnuevodiario.com.do\">El Nuevo Diario (Rep\u00fablica Dominicana)<\/a>.<\/p>\n","protected":false},"excerpt":{"rendered":"<p>EL NUEVO DIARIO, SANTO DOMINGO.- El abogado Enrique Santelises Vila advirti\u00f3 que la Rep\u00fablica Dominicana podr\u00eda estar cerca de sentar un precedente \u201cfunesto\u201d debido al conflicto que puede generar entre el Poder Judicial y el Poder Legislativo la exclusi\u00f3n de las candidaturas independientes. \u201cEs la primera vez que yo veo que hay un choque tan<\/p>\n","protected":false},"author":1,"featured_media":30235,"comment_status":"open","ping_status":"open","sticky":false,"template":"","format":"standard","meta":{"footnotes":""},"categories":[1],"tags":[],"class_list":["post-30234","post","type-post","status-publish","format-standard","has-post-thumbnail","hentry","category-nacionales"],"_links":{"self":[{"href":"https:\/\/acronoticias.com\/index.php\/wp-json\/wp\/v2\/posts\/30234","targetHints":{"allow":["GET"]}}],"collection":[{"href":"https:\/\/acronoticias.com\/index.php\/wp-json\/wp\/v2\/posts"}],"about":[{"href":"https:\/\/acronoticias.com\/index.php\/wp-json\/wp\/v2\/types\/post"}],"author":[{"embeddable":true,"href":"https:\/\/acronoticias.com\/index.php\/wp-json\/wp\/v2\/users\/1"}],"replies":[{"embeddable":true,"href":"https:\/\/acronoticias.com\/index.php\/wp-json\/wp\/v2\/comments?post=30234"}],"version-history":[{"count":0,"href":"https:\/\/acronoticias.com\/index.php\/wp-json\/wp\/v2\/posts\/30234\/revisions"}],"wp:featuredmedia":[{"embeddable":true,"href":"https:\/\/acronoticias.com\/index.php\/wp-json\/wp\/v2\/media\/30235"}],"wp:attachment":[{"href":"https:\/\/acronoticias.com\/index.php\/wp-json\/wp\/v2\/media?parent=30234"}],"wp:term":[{"taxonomy":"category","embeddable":true,"href":"https:\/\/acronoticias.com\/index.php\/wp-json\/wp\/v2\/categories?post=30234"},{"taxonomy":"post_tag","embeddable":true,"href":"https:\/\/acronoticias.com\/index.php\/wp-json\/wp\/v2\/tags?post=30234"}],"curies":[{"name":"wp","href":"https:\/\/api.w.org\/{rel}","templated":true}]}}