{"id":30232,"date":"2026-03-26T19:25:20","date_gmt":"2026-03-26T19:25:20","guid":{"rendered":"https:\/\/acronoticias.com\/index.php\/2026\/03\/26\/piden-respeto-a-la-vida-durante-solemnidad-de-la-anunciacion-y-dia-del-nino-por-nacer\/"},"modified":"2026-03-26T19:25:20","modified_gmt":"2026-03-26T19:25:20","slug":"piden-respeto-a-la-vida-durante-solemnidad-de-la-anunciacion-y-dia-del-nino-por-nacer","status":"publish","type":"post","link":"https:\/\/acronoticias.com\/index.php\/2026\/03\/26\/piden-respeto-a-la-vida-durante-solemnidad-de-la-anunciacion-y-dia-del-nino-por-nacer\/","title":{"rendered":"Piden respeto a la vida durante Solemnidad de la Anunciaci\u00f3n y D\u00eda del Ni\u00f1o por Nacer"},"content":{"rendered":"<p><img decoding=\"async\" width=\"355\" height=\"200\" src=\"https:\/\/nuevodiario-assets.s3.us-east-2.amazonaws.com\/wp-content\/uploads\/2026\/03\/Piden-respeto-a-la-vida-durante-Solemnidad-de-la-Anunciacion-y-el-Dia-del-Nino-por-Nacer-355x200.jpeg\" class=\"webfeedsFeaturedVisual not-transparent wp-post-image\" alt=\"\" style=\"--dominant-color: #7e776b;margin-bottom: 5px;clear:both;max-width: 100%\" loading=\"lazy\" data-has-transparency=\"false\" data-dominant-color=\"7e776b\" \/><\/p>\n<p>EL NUEVO DIARIO, SANTO DOMINGO.- En una misa celebrada en la Catedral Primada de Am\u00e9rica, monse\u00f1or Carlos Tom\u00e1s Morel Dipl\u00e1n, arzobispo coadjutor de la Arquidi\u00f3cesis de Santo Domingo, llam\u00f3 a la defensa de la vida desde la concepci\u00f3n, en el marco de la Solemnidad de la Anunciaci\u00f3n del Se\u00f1or y el D\u00eda del Ni\u00f1o por Nacer.<\/p>\n<p>La celebraci\u00f3n marc\u00f3 el cierre de las fiestas patronales de la Catedral y de la jornada de oraci\u00f3n del movimiento 40 D\u00edas por la Vida, desarrollada desde el Mi\u00e9rcoles de Ceniza.<\/p>\n<p>De acuerdo con un comunicado, durante su homil\u00eda, monse\u00f1or Morel Dipl\u00e1n centr\u00f3 su reflexi\u00f3n en el \u201cmisterio de la Encarnaci\u00f3n\u201d, destacando el encuentro entre lo humano y lo divino a trav\u00e9s de la Virgen Mar\u00eda, elegida por Dios desde su sencillez, rompiendo toda l\u00f3gica humana.<\/p>\n<figure id=\"attachment_3062777\" aria-describedby=\"caption-attachment-3062777\" style=\"width: 1280px\" class=\"wp-caption alignnone\"><img decoding=\"async\" data-recalc-dims=\"1\" data-dominant-color=\"8a7460\" data-has-transparency=\"false\" style=\"--dominant-color: #8a7460\" loading=\"lazy\" class=\"size-full wp-image-3062777 not-transparent\" src=\"https:\/\/i0.wp.com\/nuevodiario-assets.s3.us-east-2.amazonaws.com\/wp-content\/uploads\/2026\/03\/Misa.jpeg?resize=640%2C480&#038;quality=100&#038;ssl=1\" alt=\"\" width=\"640\" height=\"480\" \/><figcaption id=\"caption-attachment-3062777\" class=\"wp-caption-text\">Piden respeto a la vida durante Solemnidad de la Anunciaci\u00f3n y el D\u00eda del Ni\u00f1o por Nacer (Foto: Prensa Iglesia Cat\u00f3lica)<\/figcaption><\/figure>\n<p>El prelado subray\u00f3 tres ejes fundamentales:<\/p>\n<p>&#8211; El anuncio de Dios es siempre un anuncio de vida: Dios se acerca al ser humano con respeto, ternura y dignidad, proponiendo, no imponiendo, su plan de salvaci\u00f3n.<\/p>\n<p>&#8211; La defensa de la vida como compromiso cristiano: denunci\u00f3 la cultura del descarte, la violencia y la instrumentalizaci\u00f3n de la vida humana, reiterando con firmeza: \u201c\u00a1basta ya de muerte!\u201d.<\/p>\n<p>&#8211; Mar\u00eda como modelo de escucha y obediencia: resalt\u00f3 su respuesta, \u201ch\u00e1gase en m\u00ed seg\u00fan tu palabra\u201d, como ejemplo de fe, apertura y disponibilidad a Dios.<\/p>\n<p>Asimismo, exhort\u00f3 a recuperar la capacidad de mirar al pr\u00f3jimo con la mirada de Dios, usar la palabra para edificar y volver a escucharlo en medio del ruido y la indiferencia del mundo actual.<\/p>\n<figure id=\"attachment_3062779\" aria-describedby=\"caption-attachment-3062779\" style=\"width: 1280px\" class=\"wp-caption alignnone\"><img decoding=\"async\" data-recalc-dims=\"1\" data-dominant-color=\"735b45\" data-has-transparency=\"false\" style=\"--dominant-color: #735b45\" loading=\"lazy\" class=\"size-full wp-image-3062779 not-transparent\" src=\"https:\/\/i0.wp.com\/nuevodiario-assets.s3.us-east-2.amazonaws.com\/wp-content\/uploads\/2026\/03\/Misa-1.jpeg?resize=640%2C480&#038;quality=100&#038;ssl=1\" alt=\"\" width=\"640\" height=\"480\" \/><figcaption id=\"caption-attachment-3062779\" class=\"wp-caption-text\">Piden respeto a la vida durante Solemnidad de la Anunciaci\u00f3n y el D\u00eda del Ni\u00f1o por Nacer (Foto: Prensa Iglesia Cat\u00f3lica)<\/figcaption><\/figure>\n<p><strong>Oraci\u00f3n por la vida y las madres embarazadas<\/strong><\/p>\n<p>En el contexto del D\u00eda del Ni\u00f1o por Nacer, el arzobispo hizo un llamado especial a proteger la vida desde el vientre materno.<\/p>\n<p>\u201cPedimos por las mujeres embarazadas, para que den la oportunidad a esa criatura que Dios les ha regalado y asuman el compromiso de cuidar ese don de Dios\u201d, expres\u00f3.<\/p>\n<p>Record\u00f3 que la vida es un don sagrado cuyo autor es Dios, por lo que nadie tiene potestad para disponer de ella.<\/p>\n<p>La eucarist\u00eda cont\u00f3 con la participaci\u00f3n de sacerdotes, di\u00e1conos, religiosas, movimientos apost\u00f3licos e invitados especiales, en un ambiente de profunda oraci\u00f3n.<\/p>\n<p>La jornada de 40 D\u00edas por la Vida concluir\u00e1 con la misa de Ramos en la Parroquia Divina Providencia, como signo de compromiso continuo en la defensa de la vida.<\/p>\n<p><strong>D\u00eda del Ni\u00f1o por Nacer en Rep\u00fablica Dominicana<\/strong><\/p>\n<p>Rep\u00fablica Dominicana celebra cada 25 de marzo el D\u00eda del Ni\u00f1o por Nacer, instituido mediante la Ley 25-01, promulgada en el a\u00f1o 2001 durante el gobierno del entonces presidente Hip\u00f3lito Mej\u00eda.<\/p>\n<p>Esta fecha busca resaltar la dignidad de la vida humana, especialmente en su etapa prenatal, reconociendo su fragilidad y la necesidad de su protecci\u00f3n.<\/p>\n<p>Diversos pa\u00edses de Am\u00e9rica Latina tambi\u00e9n conmemoran esta fecha, entre ellos Argentina, Bolivia, Chile, Colombia, Ecuador, Guatemala, M\u00e9xico, Nicaragua, Paraguay, Per\u00fa y Venezuela.<\/p>\n<p>&nbsp;<\/p>\n<p>&nbsp;<\/p>\n<p>JSB\/<\/p>\n<p>La entrada <a href=\"https:\/\/elnuevodiario.com.do\/piden-respeto-a-la-vida-durante-solemnidad-de-la-anunciacion-y-dia-del-nino-por-nacer\/\">Piden respeto a la vida durante Solemnidad de la Anunciaci\u00f3n y D\u00eda del Ni\u00f1o por Nacer<\/a> se public\u00f3 primero en <a href=\"https:\/\/elnuevodiario.com.do\">El Nuevo Diario (Rep\u00fablica Dominicana)<\/a>.<\/p>\n","protected":false},"excerpt":{"rendered":"<p>EL NUEVO DIARIO, SANTO DOMINGO.- En una misa celebrada en la Catedral Primada de Am\u00e9rica, monse\u00f1or Carlos Tom\u00e1s Morel Dipl\u00e1n, arzobispo coadjutor de la Arquidi\u00f3cesis de Santo Domingo, llam\u00f3 a la defensa de la vida desde la concepci\u00f3n, en el marco de la Solemnidad de la Anunciaci\u00f3n del Se\u00f1or y el D\u00eda del Ni\u00f1o por<\/p>\n","protected":false},"author":1,"featured_media":30233,"comment_status":"open","ping_status":"open","sticky":false,"template":"","format":"standard","meta":{"footnotes":""},"categories":[1],"tags":[],"class_list":["post-30232","post","type-post","status-publish","format-standard","has-post-thumbnail","hentry","category-nacionales"],"_links":{"self":[{"href":"https:\/\/acronoticias.com\/index.php\/wp-json\/wp\/v2\/posts\/30232","targetHints":{"allow":["GET"]}}],"collection":[{"href":"https:\/\/acronoticias.com\/index.php\/wp-json\/wp\/v2\/posts"}],"about":[{"href":"https:\/\/acronoticias.com\/index.php\/wp-json\/wp\/v2\/types\/post"}],"author":[{"embeddable":true,"href":"https:\/\/acronoticias.com\/index.php\/wp-json\/wp\/v2\/users\/1"}],"replies":[{"embeddable":true,"href":"https:\/\/acronoticias.com\/index.php\/wp-json\/wp\/v2\/comments?post=30232"}],"version-history":[{"count":0,"href":"https:\/\/acronoticias.com\/index.php\/wp-json\/wp\/v2\/posts\/30232\/revisions"}],"wp:featuredmedia":[{"embeddable":true,"href":"https:\/\/acronoticias.com\/index.php\/wp-json\/wp\/v2\/media\/30233"}],"wp:attachment":[{"href":"https:\/\/acronoticias.com\/index.php\/wp-json\/wp\/v2\/media?parent=30232"}],"wp:term":[{"taxonomy":"category","embeddable":true,"href":"https:\/\/acronoticias.com\/index.php\/wp-json\/wp\/v2\/categories?post=30232"},{"taxonomy":"post_tag","embeddable":true,"href":"https:\/\/acronoticias.com\/index.php\/wp-json\/wp\/v2\/tags?post=30232"}],"curies":[{"name":"wp","href":"https:\/\/api.w.org\/{rel}","templated":true}]}}