{"id":30230,"date":"2026-03-26T19:09:21","date_gmt":"2026-03-26T19:09:21","guid":{"rendered":"https:\/\/acronoticias.com\/index.php\/2026\/03\/26\/comision-de-educacion-superior-continuan-analisis-del-proyecto-de-ley-sobre-becas\/"},"modified":"2026-03-26T19:09:21","modified_gmt":"2026-03-26T19:09:21","slug":"comision-de-educacion-superior-continuan-analisis-del-proyecto-de-ley-sobre-becas","status":"publish","type":"post","link":"https:\/\/acronoticias.com\/index.php\/2026\/03\/26\/comision-de-educacion-superior-continuan-analisis-del-proyecto-de-ley-sobre-becas\/","title":{"rendered":"Comisi\u00f3n de Educaci\u00f3n Superior contin\u00faan an\u00e1lisis del proyecto de ley sobre becas"},"content":{"rendered":"<p><img decoding=\"async\" width=\"355\" height=\"200\" src=\"https:\/\/nuevodiario-assets.s3.us-east-2.amazonaws.com\/wp-content\/uploads\/2026\/03\/Comision-de-Educacion-Superior-continuan-analisis-del-proyecto-de-ley-sobre-becas-355x200.jpg\" class=\"webfeedsFeaturedVisual not-transparent wp-post-image\" alt=\"\" style=\"--dominant-color: #8c8286;margin-bottom: 5px;clear:both;max-width: 100%\" loading=\"lazy\" data-has-transparency=\"false\" data-dominant-color=\"8c8286\" \/><\/p>\n<p>EL NUEVO DIARIO, SANTO DOMINGO.- La Comisi\u00f3n de Educaci\u00f3n Superior de la C\u00e1mara de Diputados analiza un proyecto de ley para crear el Sistema Nacional de Becas para el Desarrollo Productivo y Laboral, con el objetivo de garantizar una distribuci\u00f3n m\u00e1s equitativa de las oportunidades de formaci\u00f3n superior en todo el pa\u00eds.<\/p>\n<p>La iniciativa, impulsada por el diputado Jos\u00e9 Caraballo, busca dotar de mayor estabilidad jur\u00eddica al sistema de becas, actualmente regulado por decretos y reglamentos temporales.<\/p>\n<p>\u00abActualmente no existe una ley que regule de manera integral el sistema nacional de becas\u00bb, explic\u00f3 Caraballo, seg\u00fan se\u00f1ala una nota de prensa.<\/p>\n<p>Durante una reuni\u00f3n este jueves, la comisi\u00f3n, presidida por la diputada Elvira Corpor\u00e1n, recibi\u00f3 a los viceministros del Ministerio de Educaci\u00f3n Superior, Ciencia y Tecnolog\u00eda (Mescyt), Juan Francisco Viloria y Carmen Evaristo Mat\u00edas, para continuar el an\u00e1lisis del proyecto. Corpor\u00e1n manifest\u00f3 el inter\u00e9s del \u00f3rgano legislativo en \u00abprofundizar en los criterios de asignaci\u00f3n de becas y garantizar una distribuci\u00f3n m\u00e1s equitativa a nivel territorial\u00bb.<\/p>\n<p>La viceministra Evaristo Mat\u00edas valor\u00f3 positivamente la iniciativa, se\u00f1alando que una ley permitir\u00eda formalizar y dar mayor permanencia a las pol\u00edticas p\u00fablicas en materia de becas.<\/p>\n<p>\u00abEste proyecto nos permitir\u00e1 garantizar que las oportunidades de formaci\u00f3n superior lleguen a quienes m\u00e1s lo necesitan, sin importar la provincia donde residan, as\u00ed tambi\u00e9n que se tomen en cuenta aquellos que no cuentan con un \u00edndice de excelencia pero si con el deseo de desarrollarse\u00bb, afirm\u00f3.<\/p>\n<p>Mat\u00edas tambi\u00e9n inform\u00f3 que el Mescyt ha realizado diagn\u00f3sticos para lograr una distribuci\u00f3n m\u00e1s balanceada de las becas, buscando superar la concentraci\u00f3n hist\u00f3rica en Santo Domingo y Santiago.<\/p>\n<p>El viceministro Viloria expres\u00f3 su respaldo al proyecto, destacando que \u00abcontribuir\u00eda a fortalecer la institucionalidad y garantizar la continuidad en la asignaci\u00f3n de becas\u00bb.<\/p>\n<p>Enfatiz\u00f3 que el enfoque territorial es clave: \u00abQueremos que cada provincia tenga acceso a oportunidades de formaci\u00f3n superior, de manera que el talento humano se convierta en motor de desarrollo en sus comunidades\u00bb.<\/p>\n<p>Viloria agreg\u00f3 que la propuesta busca alinear las becas con las \u00e1reas estrat\u00e9gicas de desarrollo productivo y laboral del pa\u00eds, consolidando un sistema transparente y sostenible.<\/p>\n<p>La entrada <a href=\"https:\/\/elnuevodiario.com.do\/comision-de-educacion-superior-continuan-analisis-del-proyecto-de-ley-sobre-becas\/\">Comisi\u00f3n de Educaci\u00f3n Superior contin\u00faan an\u00e1lisis del proyecto de ley sobre becas<\/a> se public\u00f3 primero en <a href=\"https:\/\/elnuevodiario.com.do\">El Nuevo Diario (Rep\u00fablica Dominicana)<\/a>.<\/p>\n","protected":false},"excerpt":{"rendered":"<p>EL NUEVO DIARIO, SANTO DOMINGO.- La Comisi\u00f3n de Educaci\u00f3n Superior de la C\u00e1mara de Diputados analiza un proyecto de ley para crear el Sistema Nacional de Becas para el Desarrollo Productivo y Laboral, con el objetivo de garantizar una distribuci\u00f3n m\u00e1s equitativa de las oportunidades de formaci\u00f3n superior en todo el pa\u00eds. La iniciativa, impulsada<\/p>\n","protected":false},"author":1,"featured_media":30231,"comment_status":"open","ping_status":"open","sticky":false,"template":"","format":"standard","meta":{"footnotes":""},"categories":[1],"tags":[],"class_list":["post-30230","post","type-post","status-publish","format-standard","has-post-thumbnail","hentry","category-nacionales"],"_links":{"self":[{"href":"https:\/\/acronoticias.com\/index.php\/wp-json\/wp\/v2\/posts\/30230","targetHints":{"allow":["GET"]}}],"collection":[{"href":"https:\/\/acronoticias.com\/index.php\/wp-json\/wp\/v2\/posts"}],"about":[{"href":"https:\/\/acronoticias.com\/index.php\/wp-json\/wp\/v2\/types\/post"}],"author":[{"embeddable":true,"href":"https:\/\/acronoticias.com\/index.php\/wp-json\/wp\/v2\/users\/1"}],"replies":[{"embeddable":true,"href":"https:\/\/acronoticias.com\/index.php\/wp-json\/wp\/v2\/comments?post=30230"}],"version-history":[{"count":0,"href":"https:\/\/acronoticias.com\/index.php\/wp-json\/wp\/v2\/posts\/30230\/revisions"}],"wp:featuredmedia":[{"embeddable":true,"href":"https:\/\/acronoticias.com\/index.php\/wp-json\/wp\/v2\/media\/30231"}],"wp:attachment":[{"href":"https:\/\/acronoticias.com\/index.php\/wp-json\/wp\/v2\/media?parent=30230"}],"wp:term":[{"taxonomy":"category","embeddable":true,"href":"https:\/\/acronoticias.com\/index.php\/wp-json\/wp\/v2\/categories?post=30230"},{"taxonomy":"post_tag","embeddable":true,"href":"https:\/\/acronoticias.com\/index.php\/wp-json\/wp\/v2\/tags?post=30230"}],"curies":[{"name":"wp","href":"https:\/\/api.w.org\/{rel}","templated":true}]}}