{"id":29013,"date":"2026-03-21T01:19:35","date_gmt":"2026-03-21T01:19:35","guid":{"rendered":"https:\/\/acronoticias.com\/index.php\/2026\/03\/21\/fallece-en-puerto-plata-el-periodista-diego-escano-a-los-75-anos\/"},"modified":"2026-03-21T01:19:35","modified_gmt":"2026-03-21T01:19:35","slug":"fallece-en-puerto-plata-el-periodista-diego-escano-a-los-75-anos","status":"publish","type":"post","link":"https:\/\/acronoticias.com\/index.php\/2026\/03\/21\/fallece-en-puerto-plata-el-periodista-diego-escano-a-los-75-anos\/","title":{"rendered":"Fallece en Puerto Plata el periodista Diego Esca\u00f1o a los 75 a\u00f1os"},"content":{"rendered":"<p><img loading=\"lazy\" decoding=\"async\" width=\"355\" height=\"200\" src=\"https:\/\/nuevodiario-assets.s3.us-east-2.amazonaws.com\/wp-content\/uploads\/2026\/03\/Muerte-de-periodista-Diego-Escano.jpg-355x200.jpeg\" class=\"webfeedsFeaturedVisual not-transparent wp-post-image\" alt=\"\" style=\"--dominant-color: #a1a2a8;margin-bottom: 5px;clear:both;max-width: 100%\" data-has-transparency=\"false\" data-dominant-color=\"a1a2a8\" \/><\/p>\n<p>EL NUEVO DIARIO, PUERTO PLATA. \u2013 Falleci\u00f3 la tarde de este viernes el periodista <span class=\"hover:entity-accent entity-underline inline cursor-pointer align-baseline\"><span class=\"whitespace-normal\">Diego Jos\u00e9 Esca\u00f1o Pe\u00f1a<\/span><\/span>, a la edad de 75 a\u00f1os, hecho que ha generado pesar en el sector comunicaci\u00f3n de la provincia de Puerto Plata.<\/p>\n<p data-start=\"452\" data-end=\"696\">De acuerdo con informaciones, el deceso se produjo por causas naturales a las 3:34 de la tarde, en su residencia ubicada en el sector Los Cuetos. Al lugar se presentaron param\u00e9dicos de Rescate \u00c1mbar, quienes intentaron reanimarlo, sin lograrlo.<\/p>\n<p data-start=\"698\" data-end=\"827\">Tras conocerse la noticia, comunicadores y gremios period\u00edsticos expresaron su pesar y resaltaron la trayectoria del profesional.<\/p>\n<p data-start=\"829\" data-end=\"1091\">\u201cEl director de Rescate \u00c1mbar, Reynaldo Ortiz, nos confirma que el periodista Diego Esca\u00f1o fue encontrado sin vida en su residencia. Paz a su alma\u201d, indic\u00f3 Jos\u00e9 Beard, secretario general del Sindicato Nacional de Trabajadores de la Prensa (SNTP) en Puerto Plata.<\/p>\n<p data-start=\"1093\" data-end=\"1258\">El periodista <span class=\"hover:entity-accent entity-underline inline cursor-pointer align-baseline\"><span class=\"whitespace-normal\">Aridio Perdomo<\/span><\/span> lament\u00f3 su fallecimiento y record\u00f3 que compartieron labores en el peri\u00f3dico El Caribe en la d\u00e9cada de 1970.<\/p>\n<p data-start=\"1260\" data-end=\"1387\">De igual forma, el comunicador <span class=\"hover:entity-accent entity-underline inline cursor-pointer align-baseline\"><span class=\"whitespace-normal\">Santiago Lozano Sosa<\/span><\/span> destac\u00f3 su legado dentro del periodismo puertoplate\u00f1o.<\/p>\n<h3 data-section-id=\"2g5nfj\" data-start=\"1389\" data-end=\"1404\">Trayectoria<\/h3>\n<p data-start=\"1406\" data-end=\"1600\">Esca\u00f1o tuvo una trayectoria de casi cinco d\u00e9cadas en la comunicaci\u00f3n social. Fue fundador de los peri\u00f3dicos El Veraz, El Faro de Puerto Plata, La Prensa de Puerto Plata y Prensa-Impacto.<\/p>\n<p data-start=\"1602\" data-end=\"1721\">Labor\u00f3 en medios como El Sol, List\u00edn Diario y El Caribe, donde ocup\u00f3 funciones como redactor y jefe de redacci\u00f3n.<\/p>\n<p data-start=\"1723\" data-end=\"1851\">Adem\u00e1s, fue cofundador del Sindicato Nacional de Periodistas Profesionales (SNPP) y del Colegio Dominicano de Periodistas (CDP).<\/p>\n<p data-start=\"1853\" data-end=\"2006\">Tambi\u00e9n trabaj\u00f3 en radio y televisi\u00f3n, y en 1982 se traslad\u00f3 a Estados Unidos, donde particip\u00f3 en la creaci\u00f3n de medios dirigidos a la comunidad hispana.<\/p>\n<p data-start=\"2008\" data-end=\"2081\">Regres\u00f3 a Puerto Plata en 1990, donde continu\u00f3 su ejercicio period\u00edstico. En 2023 fue beneficiado con una pensi\u00f3n del Poder Ejecutivo en reconocimiento a su trayectoria.<\/p>\n<h3 data-section-id=\"1fl0apq\" data-start=\"2180\" data-end=\"2199\">Honras f\u00fanebres<\/h3>\n<p data-start=\"2201\" data-end=\"2304\">Esca\u00f1o deja ocho hijos. Sus restos son velados en la Funeraria Municipal de San Felipe de Puerto Plata.<\/p>\n<p data-start=\"2306\" data-end=\"2392\">El sepelio est\u00e1 previsto para la ma\u00f1ana de este s\u00e1bado en el cementerio de San Marcos.<\/p>\n<p>La entrada <a href=\"https:\/\/elnuevodiario.com.do\/fallece-en-puerto-plata-el-periodista-diego-escano-a-los-75-anos\/\">Fallece en Puerto Plata el periodista Diego Esca\u00f1o a los 75 a\u00f1os<\/a> se public\u00f3 primero en <a href=\"https:\/\/elnuevodiario.com.do\">El Nuevo Diario (Rep\u00fablica Dominicana)<\/a>.<\/p>\n","protected":false},"excerpt":{"rendered":"<p>EL NUEVO DIARIO, PUERTO PLATA. \u2013 Falleci\u00f3 la tarde de este viernes el periodista Diego Jos\u00e9 Esca\u00f1o Pe\u00f1a, a la edad de 75 a\u00f1os, hecho que ha generado pesar en el sector comunicaci\u00f3n de la provincia de Puerto Plata. De acuerdo con informaciones, el deceso se produjo por causas naturales a las 3:34 de la<\/p>\n","protected":false},"author":1,"featured_media":29014,"comment_status":"open","ping_status":"open","sticky":false,"template":"","format":"standard","meta":{"footnotes":""},"categories":[1],"tags":[],"class_list":["post-29013","post","type-post","status-publish","format-standard","has-post-thumbnail","hentry","category-nacionales"],"_links":{"self":[{"href":"https:\/\/acronoticias.com\/index.php\/wp-json\/wp\/v2\/posts\/29013","targetHints":{"allow":["GET"]}}],"collection":[{"href":"https:\/\/acronoticias.com\/index.php\/wp-json\/wp\/v2\/posts"}],"about":[{"href":"https:\/\/acronoticias.com\/index.php\/wp-json\/wp\/v2\/types\/post"}],"author":[{"embeddable":true,"href":"https:\/\/acronoticias.com\/index.php\/wp-json\/wp\/v2\/users\/1"}],"replies":[{"embeddable":true,"href":"https:\/\/acronoticias.com\/index.php\/wp-json\/wp\/v2\/comments?post=29013"}],"version-history":[{"count":0,"href":"https:\/\/acronoticias.com\/index.php\/wp-json\/wp\/v2\/posts\/29013\/revisions"}],"wp:featuredmedia":[{"embeddable":true,"href":"https:\/\/acronoticias.com\/index.php\/wp-json\/wp\/v2\/media\/29014"}],"wp:attachment":[{"href":"https:\/\/acronoticias.com\/index.php\/wp-json\/wp\/v2\/media?parent=29013"}],"wp:term":[{"taxonomy":"category","embeddable":true,"href":"https:\/\/acronoticias.com\/index.php\/wp-json\/wp\/v2\/categories?post=29013"},{"taxonomy":"post_tag","embeddable":true,"href":"https:\/\/acronoticias.com\/index.php\/wp-json\/wp\/v2\/tags?post=29013"}],"curies":[{"name":"wp","href":"https:\/\/api.w.org\/{rel}","templated":true}]}}