{"id":28695,"date":"2026-03-19T17:35:33","date_gmt":"2026-03-19T17:35:33","guid":{"rendered":"https:\/\/acronoticias.com\/index.php\/2026\/03\/19\/nino-de-tres-anos-y-su-abuelo-mueren-calcinados-durante-incendio-que-afecto-vivienda-en-barahona\/"},"modified":"2026-03-19T17:35:33","modified_gmt":"2026-03-19T17:35:33","slug":"nino-de-tres-anos-y-su-abuelo-mueren-calcinados-durante-incendio-que-afecto-vivienda-en-barahona","status":"publish","type":"post","link":"https:\/\/acronoticias.com\/index.php\/2026\/03\/19\/nino-de-tres-anos-y-su-abuelo-mueren-calcinados-durante-incendio-que-afecto-vivienda-en-barahona\/","title":{"rendered":"Ni\u00f1o de tres a\u00f1os y su abuelo mueren calcinados durante incendio que afect\u00f3 vivienda en Barahona"},"content":{"rendered":"<p><img decoding=\"async\" width=\"355\" height=\"200\" src=\"https:\/\/nuevodiario-assets.s3.us-east-2.amazonaws.com\/wp-content\/uploads\/2026\/03\/Incendio1-355x200.jpeg\" class=\"webfeedsFeaturedVisual not-transparent wp-post-image\" alt=\"\" style=\"--dominant-color: #6a6255;margin-bottom: 5px;clear:both;max-width: 100%\" loading=\"lazy\" data-has-transparency=\"false\" data-dominant-color=\"6a6255\" \/><\/p>\n<p>EL NUEVO DIARIO, BARAHONA.-La ma\u00f1ana de este jueves, un infante de tres a\u00f1os y su abuelo, de 58, fallecieron en medio de un incendio que afect\u00f3 el interior de su vivienda, en un hecho registrado en el sector Enriquillo en Barahona.<\/p>\n<p>Las v\u00edctimas respond\u00edan a los nombres de Dylan Abreu, de tres a\u00f1os de edad, y Juan Abreu, de 58.<\/p>\n<p>Los dos cad\u00e1veres fueron hallados sin signos vitales en el ba\u00f1o de la vivienda, construida de madera y techada de zinc, con el ba\u00f1o y la cocina en block.<\/p>\n<p>Hasta el momento, se desconoce el origen que provoc\u00f3 el siniestro, que en cuesti\u00f3n de minutos consumi\u00f3 todos los ajuares de la vivienda y parte del techo de zinc.<\/p>\n<p><img decoding=\"async\" data-recalc-dims=\"1\" data-dominant-color=\"615c50\" data-has-transparency=\"false\" style=\"--dominant-color: #615c50\" loading=\"lazy\" class=\"alignnone wp-image-3054378 size-full not-transparent\" src=\"https:\/\/i0.wp.com\/nuevodiario-assets.s3.us-east-2.amazonaws.com\/wp-content\/uploads\/2026\/03\/Incendio2.jpeg?resize=640%2C480&#038;quality=100&#038;ssl=1\" alt=\"\" width=\"640\" height=\"480\" \/><\/p>\n<p>A la escena se present\u00f3 el m\u00e9dico legista Yonatan Pe\u00f1a, junto al representante del Ministerio P\u00fablico, Fredy Garc\u00eda Melo, y una unidad del Instituto Nacional de Ciencias Forenses (Inacif). Estos procedieron al levantamiento de los cad\u00e1veres, luego de que la Polic\u00eda Cient\u00edfica recolectara las evidencias del hecho, para continuar con la investigaci\u00f3n y enviar los cuerpos a la provincia de Azua para fines de autopsia.<\/p>\n<p>Al lugar de la tragedia tambi\u00e9n se presentaron el director Regional Sur de la Polic\u00eda, general Juan Pablo Ferreira Ver\u00e1s; el director de la Defensa Civil, Carlos Confidente, junto a varios miembros de ese organismo; as\u00ed como el teniente coronel Melvin Pe\u00f1a Nin, encargado de esta Subdirecci\u00f3n del Departamento de Investigaciones Criminales (Dicrim), y agentes de ese departamento, adem\u00e1s de miembros de la Polic\u00eda preventiva.<\/p>\n<p>Asimismo, llegaron al lugar dos unidades del Cuerpo de Bomberos, quienes lograron sofocar el siniestro para evitar que se propagara hacia otras viviendas cercanas. Y una unidad del Sistema Nacional de Atenci\u00f3n a Emergencias y Seguridad 9-1-1 que brindaron asistencia medica a una se\u00f1ora a\u00fan sin identificar en el lugar.<\/p>\n<p>Los bomberos extrajeron tres cilindros de gas desde el interior de la vivienda.<\/p>\n<p>Se espera que, a medida que avancen las investigaciones del Inacif y de las dem\u00e1s instituciones competentes, se ofrezcan detalles concluyentes sobre las causas del incendio.<\/p>\n<p>La entrada <a href=\"https:\/\/elnuevodiario.com.do\/nino-de-tres-anos-y-su-abuelo-mueren-calcinados-durante-incendio-que-afecto-vivienda-en-barahona\/\">Ni\u00f1o de tres a\u00f1os y su abuelo mueren calcinados durante incendio que afect\u00f3 vivienda en Barahona<\/a> se public\u00f3 primero en <a href=\"https:\/\/elnuevodiario.com.do\">El Nuevo Diario (Rep\u00fablica Dominicana)<\/a>.<\/p>\n","protected":false},"excerpt":{"rendered":"<p>EL NUEVO DIARIO, BARAHONA.-La ma\u00f1ana de este jueves, un infante de tres a\u00f1os y su abuelo, de 58, fallecieron en medio de un incendio que afect\u00f3 el interior de su vivienda, en un hecho registrado en el sector Enriquillo en Barahona. Las v\u00edctimas respond\u00edan a los nombres de Dylan Abreu, de tres a\u00f1os de edad,<\/p>\n","protected":false},"author":1,"featured_media":28696,"comment_status":"open","ping_status":"open","sticky":false,"template":"","format":"standard","meta":{"footnotes":""},"categories":[1],"tags":[],"class_list":["post-28695","post","type-post","status-publish","format-standard","has-post-thumbnail","hentry","category-nacionales"],"_links":{"self":[{"href":"https:\/\/acronoticias.com\/index.php\/wp-json\/wp\/v2\/posts\/28695","targetHints":{"allow":["GET"]}}],"collection":[{"href":"https:\/\/acronoticias.com\/index.php\/wp-json\/wp\/v2\/posts"}],"about":[{"href":"https:\/\/acronoticias.com\/index.php\/wp-json\/wp\/v2\/types\/post"}],"author":[{"embeddable":true,"href":"https:\/\/acronoticias.com\/index.php\/wp-json\/wp\/v2\/users\/1"}],"replies":[{"embeddable":true,"href":"https:\/\/acronoticias.com\/index.php\/wp-json\/wp\/v2\/comments?post=28695"}],"version-history":[{"count":0,"href":"https:\/\/acronoticias.com\/index.php\/wp-json\/wp\/v2\/posts\/28695\/revisions"}],"wp:featuredmedia":[{"embeddable":true,"href":"https:\/\/acronoticias.com\/index.php\/wp-json\/wp\/v2\/media\/28696"}],"wp:attachment":[{"href":"https:\/\/acronoticias.com\/index.php\/wp-json\/wp\/v2\/media?parent=28695"}],"wp:term":[{"taxonomy":"category","embeddable":true,"href":"https:\/\/acronoticias.com\/index.php\/wp-json\/wp\/v2\/categories?post=28695"},{"taxonomy":"post_tag","embeddable":true,"href":"https:\/\/acronoticias.com\/index.php\/wp-json\/wp\/v2\/tags?post=28695"}],"curies":[{"name":"wp","href":"https:\/\/api.w.org\/{rel}","templated":true}]}}