{"id":2846,"date":"2025-11-12T22:15:39","date_gmt":"2025-11-12T22:15:39","guid":{"rendered":"https:\/\/acronoticias.com\/index.php\/2025\/11\/12\/al-igual-que-trump-milei-no-participara-del-g20-de-sudafrica-pero-enviara-a-su-canciller-el-nuevo-diario-republica-dominicana\/"},"modified":"2025-11-12T22:15:39","modified_gmt":"2025-11-12T22:15:39","slug":"al-igual-que-trump-milei-no-participara-del-g20-de-sudafrica-pero-enviara-a-su-canciller-el-nuevo-diario-republica-dominicana","status":"publish","type":"post","link":"https:\/\/acronoticias.com\/index.php\/2025\/11\/12\/al-igual-que-trump-milei-no-participara-del-g20-de-sudafrica-pero-enviara-a-su-canciller-el-nuevo-diario-republica-dominicana\/","title":{"rendered":"Al igual que Trump, Milei no participar\u00e1 del G20 de Sud\u00e1frica, pero enviar\u00e1 a su canciller \u2013 El Nuevo Diario (Rep\u00fablica Dominicana)"},"content":{"rendered":"<p><i class=\"bi bi-camera-fill\" style=\"font-size:18px; color:var(--rojo)\"\/> Fotograf\u00eda de archivo del presidente argentino, Javier Milei, en el Muro de las Lamentaciones, Jerusal\u00e9n. EFE\/ATEF SAFADI<\/p>\n<div>\n<p>EL NUEVO DIARIO, BUENOS AIRES. \u2013 El presidente argentino, Javier Milei, no participar\u00e1 de la cumbre del G20 que se celebrar\u00e1 este mes en Sud\u00e1frica y enviar\u00e1 en su reemplazo a su canciller, Pablo Quirno, una decisi\u00f3n que sigue al anuncio de la ausencia en el encuentro del presidente estadounidense, Donald Trump.<\/p>\n<p>La ausencia de Milei y la participaci\u00f3n de Quirno fueron confirmadas este mi\u00e9rcoles a EFE por fuentes de la Canciller\u00eda argentina, que no precisaron los motivos de la ausencia del mandatario.<\/p>\n<p>La confirmaci\u00f3n de la decisi\u00f3n del mandatario ultraderechista de no asistir a la cumbre se produce tras la ratificaci\u00f3n por parte de Trump de que ni \u00e9l ni ning\u00fan funcionario de su Gobierno asistir\u00eda, bajo el argumento de que Sud\u00e1frica est\u00e1 llevando a cabo presuntos abusos de derechos humanos contra la minor\u00eda blanca afrik\u00e1ner.<\/p>\n<p>Trump afirm\u00f3 la semana pasada que los afrik\u00e1ners \u00abest\u00e1n siendo asesinados y masacrados, y sus tierras y granjas confiscadas ilegalmente\u00bb, y calific\u00f3 como \u00abuna completa verg\u00fcenza\u00bb que Sud\u00e1frica sea la sede del foro, en una publicaci\u00f3n en Truth Social.<\/p>\n<p>El mandatario tambi\u00e9n manifest\u00f3 su intenci\u00f3n de que Estados Unidos acoja la edici\u00f3n del G20 en 2026 en Miami, Florida, y se\u00f1al\u00f3 que la asistencia estadounidense solo se retomar\u00e1 una vez que cesen los abusos que \u00e9l denuncia.<\/p>\n<p>Milei considera a Estados Unidos como su principal aliado en materia de pol\u00edtica exterior junto con Israel, y desde su llegada a la Presidencia en diciembre de 2023 ha viajado ya 14 veces a ese pa\u00eds, siete de ellas en lo que va de 2025.<\/p>\n<p>Su \u00faltima visita tuvo lugar la semana pasada, cuando asisti\u00f3 a un foro en Miami del que tambi\u00e9n particip\u00f3 Trump.<\/p>\n<p>Su viaje anterior fue el mes pasado, cuando se reuni\u00f3 con el mandatario estadounidense en la Casa Blanca y recibi\u00f3 un importante respaldo pol\u00edtico y econ\u00f3mico en la antesala de los comicios legislativos argentinos del pasado 26 de octubre en los que su partido se impuso con m\u00e1s del 40 % de los votos.<\/p>\n<p><h3 class=\"jp-relatedposts-headline\"><em>Relacionado<\/em><\/h3>\n<\/p>\n<p>\t\t\t\t\t\t<!-- .entry-footer --><br \/>\n\t\t\t\t\t\t<!-- \n\n<div data-type=\"_mgwidget\" data-widget-id=\"1743501\"><\/div>\n\n  -->\n\t\t\t\t\t<\/div>\n","protected":false},"excerpt":{"rendered":"<p>Fotograf\u00eda de archivo del presidente argentino, Javier Milei, en el Muro de las Lamentaciones, Jerusal\u00e9n. EFE\/ATEF SAFADI EL NUEVO DIARIO, BUENOS AIRES. \u2013 El presidente argentino, Javier Milei, no participar\u00e1 de la cumbre del G20 que se celebrar\u00e1 este mes en Sud\u00e1frica y enviar\u00e1 en su reemplazo a su canciller, Pablo Quirno, una decisi\u00f3n que<\/p>\n","protected":false},"author":1,"featured_media":2847,"comment_status":"open","ping_status":"open","sticky":false,"template":"","format":"standard","meta":{"footnotes":""},"categories":[3],"tags":[],"class_list":["post-2846","post","type-post","status-publish","format-standard","has-post-thumbnail","hentry","category-internacionales"],"_links":{"self":[{"href":"https:\/\/acronoticias.com\/index.php\/wp-json\/wp\/v2\/posts\/2846","targetHints":{"allow":["GET"]}}],"collection":[{"href":"https:\/\/acronoticias.com\/index.php\/wp-json\/wp\/v2\/posts"}],"about":[{"href":"https:\/\/acronoticias.com\/index.php\/wp-json\/wp\/v2\/types\/post"}],"author":[{"embeddable":true,"href":"https:\/\/acronoticias.com\/index.php\/wp-json\/wp\/v2\/users\/1"}],"replies":[{"embeddable":true,"href":"https:\/\/acronoticias.com\/index.php\/wp-json\/wp\/v2\/comments?post=2846"}],"version-history":[{"count":0,"href":"https:\/\/acronoticias.com\/index.php\/wp-json\/wp\/v2\/posts\/2846\/revisions"}],"wp:featuredmedia":[{"embeddable":true,"href":"https:\/\/acronoticias.com\/index.php\/wp-json\/wp\/v2\/media\/2847"}],"wp:attachment":[{"href":"https:\/\/acronoticias.com\/index.php\/wp-json\/wp\/v2\/media?parent=2846"}],"wp:term":[{"taxonomy":"category","embeddable":true,"href":"https:\/\/acronoticias.com\/index.php\/wp-json\/wp\/v2\/categories?post=2846"},{"taxonomy":"post_tag","embeddable":true,"href":"https:\/\/acronoticias.com\/index.php\/wp-json\/wp\/v2\/tags?post=2846"}],"curies":[{"name":"wp","href":"https:\/\/api.w.org\/{rel}","templated":true}]}}