{"id":28409,"date":"2026-03-18T08:05:54","date_gmt":"2026-03-18T08:05:54","guid":{"rendered":"https:\/\/acronoticias.com\/index.php\/2026\/03\/18\/israel-mata-a-jefe-seguridad-y-a-un-comandante-en-iran\/"},"modified":"2026-03-18T08:05:54","modified_gmt":"2026-03-18T08:05:54","slug":"israel-mata-a-jefe-seguridad-y-a-un-comandante-en-iran","status":"publish","type":"post","link":"https:\/\/acronoticias.com\/index.php\/2026\/03\/18\/israel-mata-a-jefe-seguridad-y-a-un-comandante-en-iran\/","title":{"rendered":"Israel mata a jefe Seguridad y a un comandante en Ir\u00e1n"},"content":{"rendered":"<div>\n<div class=\"c-detail__author full\">\n<div>\n<div class=\"c-detail__author__thumb\">\n<figure>\n                                <picture src=\"https:\/\/imagenes.hoy.com.do\/files\/image_square_xs\/uploads\/2025\/11\/18\/691c7d5bed035.jpeg\" data-size=\"w:40,h:40\">\n                                    <img decoding=\"async\" loading=\"lazy\" alt=\"EFE EFE\" width=\"40\" height=\"40\" src=\"https:\/\/imagenes.hoy.com.do\/files\/image_square_xs\/uploads\/2025\/11\/18\/691c7d5bed035.jpeg\"\/>\n                                <\/picture>\n                                <\/figure>\n<\/div>\n<\/div>\n<\/div>\n<p>                                                                                            <!-- --><\/p>\n<p class=\"paragraph\">Redacci\u00f3n Internacional.- Agencias.-<\/p>\n<p class=\"paragraph\">La muerte del secretario del Consejo Supremo de Seguridad Nacional de Ir\u00e1n, <b>Al\u00ed Lariyani, <\/b>fue confirmada ayer, martes, por el gobierno iran\u00ed, despu\u00e9s de que Israel anunciara haberlo matado en un bombardeo anoche en Teher\u00e1n.<\/p>\n<p class=\"paragraph\">M\u00e1s temprano se confirm\u00f3 tambi\u00e9n la muerte d e <b>Gholamreza Soleimani<\/b>, comandante de la milicia paramilitar Basij, vinculada a la Guardia) en los bombardeos.<\/p>\n<p class=\"paragraph\">Mediante un mensaje con la fotograf\u00eda de quien era considerado mano derecha del asesinado l\u00edder supremo de Ir\u00e1n, Al\u00ed Jamene\u00ed, la cuenta de X de Lariyani anunci\u00f3 su muerte \u201ccomo m\u00e1rtir\u201d, que luego fue reafirmada por la oficina de informaci\u00f3n del gobierno.<\/p>\n<div class=\"c-detail__box \">\n<article class=\"c-detail__sumario \">\n<figure class=\"c-detail__sumario__thumb\" style=\"display: block;\">\n            <a href=\"#\" title=\"\">\n                <picture data-size=\"w:140,h:140\" loading=\"lazy\" src=\"https:\/\/imagenes.hoy.com.do\/files\/related_image\/files\/fp\/uploads\/2026\/03\/08\/69ae2a62d7d84.r_d.408-265.jpeg\" data-full-src=\"https:\/\/imagenes.hoy.com.do\/uploads\/2026\/03\/08\/69ae2a62d7d84.jpeg\">\n                    <img loading=\"lazy\" decoding=\"async\" width=\"140\" height=\"140\" alt=\"Trump reaccion\u00f3 minutos despu\u00e9s de trascender la subida de los costos con un mensaje en TruthSocial.\" src=\"https:\/\/imagenes.hoy.com.do\/uploads\/2026\/03\/08\/69ae2a62d7d84.jpeg\"\/>\n                <\/picture>\n            <\/a><br \/>\n        <\/figure>\n<\/article>\n<\/div>\n<p class=\"paragraph\">Adem\u00e1s de Lariyani, tambi\u00e9n murieron en el ataque su hijo, uno de sus adjuntos y varios guardaespaldas, seg\u00fan confirm\u00f3 el propio Consejo citado por la agencia de noticias Mizan.   Lariyani (Irak, 1958) estaba considerado una de las figuras pol\u00edticas m\u00e1s influyentes del r\u00e9gimen iran\u00ed, y hab\u00eda sido descrito por la prensa \u00e1rabe como el \u201chombre m\u00e1s importante solo por detr\u00e1s de figuras  como Mojtaba Jamene\u00ed&#8221;.   La \u00faltima vez en la que apareci\u00f3 en p\u00fablico fue el pasado viernes, cuando particip\u00f3 junto a otros responsables y miles de personas en una marcha en la capital iran\u00ed para desafiar las amenazas a Ir\u00e1n y manifestar su rechazo a la guerra contra su pa\u00eds.  Adem\u00e1s, fue presidente del Parlamento iran\u00ed y pose\u00eda tambi\u00e9n una completa formaci\u00f3n con un m\u00e1ster en Filosof\u00eda por la Universidad de Teher\u00e1n y una licenciatura en Matem\u00e1ticas e Inform\u00e1tica por la Universidad  de As Sharif.<\/p>\n<p class=\"paragraph\">La muerte del comandante.-<\/p>\n<p class=\"paragraph\">Tmbi\u00e9n la Guardia Revolucionaria iran\u00ed confirm\u00f3  la muerte de Gholamreza Soleimani, comandante de la milicia paramilitar Basij.   La muerte de Soleimani, comandante de la milicia Basij los \u00faltimos seis a\u00f1os, hab\u00eda sido anunciada por el Ej\u00e9rcito israel\u00ed este martes, que dijo que muri\u00f3 en \u201cun ataque preciso\u201d de la fuerza a\u00e9rea en Teher\u00e1n. Ir\u00e1n asegur\u00f3 que a pesar de este asesinato la Basij no cesar\u00e1 en la lucha.\u00a0<\/p>\n<\/div>\n","protected":false},"excerpt":{"rendered":"<p>Redacci\u00f3n Internacional.- Agencias.- La muerte del secretario del Consejo Supremo de Seguridad Nacional de Ir\u00e1n, Al\u00ed Lariyani, fue confirmada ayer, martes, por el gobierno iran\u00ed, despu\u00e9s de que Israel anunciara haberlo matado en un bombardeo anoche en Teher\u00e1n. M\u00e1s temprano se confirm\u00f3 tambi\u00e9n la muerte d e Gholamreza Soleimani, comandante de la milicia paramilitar Basij,<\/p>\n","protected":false},"author":1,"featured_media":28410,"comment_status":"open","ping_status":"open","sticky":false,"template":"","format":"standard","meta":{"footnotes":""},"categories":[3],"tags":[],"class_list":["post-28409","post","type-post","status-publish","format-standard","has-post-thumbnail","hentry","category-internacionales"],"_links":{"self":[{"href":"https:\/\/acronoticias.com\/index.php\/wp-json\/wp\/v2\/posts\/28409","targetHints":{"allow":["GET"]}}],"collection":[{"href":"https:\/\/acronoticias.com\/index.php\/wp-json\/wp\/v2\/posts"}],"about":[{"href":"https:\/\/acronoticias.com\/index.php\/wp-json\/wp\/v2\/types\/post"}],"author":[{"embeddable":true,"href":"https:\/\/acronoticias.com\/index.php\/wp-json\/wp\/v2\/users\/1"}],"replies":[{"embeddable":true,"href":"https:\/\/acronoticias.com\/index.php\/wp-json\/wp\/v2\/comments?post=28409"}],"version-history":[{"count":0,"href":"https:\/\/acronoticias.com\/index.php\/wp-json\/wp\/v2\/posts\/28409\/revisions"}],"wp:featuredmedia":[{"embeddable":true,"href":"https:\/\/acronoticias.com\/index.php\/wp-json\/wp\/v2\/media\/28410"}],"wp:attachment":[{"href":"https:\/\/acronoticias.com\/index.php\/wp-json\/wp\/v2\/media?parent=28409"}],"wp:term":[{"taxonomy":"category","embeddable":true,"href":"https:\/\/acronoticias.com\/index.php\/wp-json\/wp\/v2\/categories?post=28409"},{"taxonomy":"post_tag","embeddable":true,"href":"https:\/\/acronoticias.com\/index.php\/wp-json\/wp\/v2\/tags?post=28409"}],"curies":[{"name":"wp","href":"https:\/\/api.w.org\/{rel}","templated":true}]}}