{"id":28407,"date":"2026-03-18T07:56:49","date_gmt":"2026-03-18T07:56:49","guid":{"rendered":"https:\/\/acronoticias.com\/index.php\/2026\/03\/18\/camara-de-cuentas-e-idi-intosai-inician-conferencias-sobre-cambio-institucional-de-efs-en-santo-domingo\/"},"modified":"2026-03-18T07:56:49","modified_gmt":"2026-03-18T07:56:49","slug":"camara-de-cuentas-e-idi-intosai-inician-conferencias-sobre-cambio-institucional-de-efs-en-santo-domingo","status":"publish","type":"post","link":"https:\/\/acronoticias.com\/index.php\/2026\/03\/18\/camara-de-cuentas-e-idi-intosai-inician-conferencias-sobre-cambio-institucional-de-efs-en-santo-domingo\/","title":{"rendered":"C\u00e1mara de Cuentas e IDI-INTOSAI inician conferencias sobre cambio institucional de EFS en Santo Domingo"},"content":{"rendered":"<div>\n<p><em><strong>Santo Domingo, Rep\u00fablica Dominicana. \u2013 <\/strong><\/em>La Iniciativa de Desarrollo de la Organizaci\u00f3n Internacional de las Entidades Fiscalizadoras Superiores (IDI-INTOSAI) inici\u00f3 este martes 17 de marzo el ciclo de conferencias de la clase magistral internacional \u201cLiderar el cambio institucional de las EFS\u201d, que se celebra hasta el 19 de marzo de 2026 en el Hotel Catalonia Santo Domingo, con el respaldo de la Secretar\u00eda de Estado para Asuntos Econ\u00f3micos de Suiza (SECO).<\/p>\n<p>La jornada inaugural estuvo encabezada por la presidenta de la C\u00e1mara de Cuentas de la Rep\u00fablica Dominicana, doctora Emma Polanco Melo, quien ofreci\u00f3 las palabras de bienvenida, acompa\u00f1ada por el embajador designado de Suiza en el pa\u00eds, Pascal Bornoz, en un acto que reuni\u00f3 a titulares y representantes de Entidades Fiscalizadoras Superiores (EFS) de distintos pa\u00edses.<\/p>\n<p>Durante su intervenci\u00f3n, la doctora Polanco Melo destac\u00f3 la relevancia de este espacio formativo para el fortalecimiento institucional del control externo, al se\u00f1alar que \u201cel liderazgo es un elemento determinante para impulsar transformaciones sostenibles en las Entidades Fiscalizadoras Superiores, especialmente en un contexto en el que la ciudadan\u00eda demanda mayor transparencia, integridad y eficiencia en la gesti\u00f3n p\u00fablica\u201d.<\/p>\n<p>Asimismo, subray\u00f3 el compromiso de la C\u00e1mara de Cuentas con la modernizaci\u00f3n y la cooperaci\u00f3n internacional, al afirmar que \u201cla articulaci\u00f3n con organismos como la IDI-INTOSAI nos permite adoptar mejores pr\u00e1cticas, fortalecer nuestras capacidades t\u00e9cnicas y consolidar una cultura de rendici\u00f3n de cuentas orientada a resultados\u201d.<\/p>\n<p>De su lado, el embajador designado de Suiza en la Rep\u00fablica Dominicana, Pascal Bornoz, resalt\u00f3 el trabajo realizado por la Direcci\u00f3n de Relaciones Internacionales de la C\u00e1mara de Cuentas, encabezada por la licenciada Nicole Garc\u00eda Corpor\u00e1n, y valor\u00f3 el impacto del programa en el fortalecimiento de las instituciones democr\u00e1ticas.<\/p>\n<p>En ese sentido, expres\u00f3 que \u201cel respaldo de Suiza a iniciativas como MASTERY responde a la convicci\u00f3n de que instituciones s\u00f3lidas, transparentes y eficaces son fundamentales para el desarrollo sostenible y la confianza ciudadana\u201d.<\/p>\n<p>Agreg\u00f3 que \u201cel fortalecimiento del liderazgo en las Entidades Fiscalizadoras Superiores contribuye directamente a mejorar la gobernanza p\u00fablica y a prevenir pr\u00e1cticas que afectan la integridad en la administraci\u00f3n estatal\u201d.<\/p>\n<p>Como parte del programa, se realiz\u00f3 la presentaci\u00f3n de la iniciativa MASTERY, a cargo de representantes de la IDI-INTOSAI, en la que se expusieron los objetivos y resultados esperados de este programa orientado al fortalecimiento del liderazgo institucional en las EFS.<\/p>\n<p>Durante el primer bloque de conferencias, el experto internacional Ramiro Mendoza, ex contralor general de Chile, imparti\u00f3 la ponencia \u201cDesaf\u00edos y oportunidades en la gesti\u00f3n del cambio institucional: una mirada desde el seno de las EFS\u201d, en la que abord\u00f3 los principales retos que enfrentan los organismos de control en contextos de transformaci\u00f3n institucional.<\/p>\n<p>Posteriormente, el especialista de la Organizaci\u00f3n para la Cooperaci\u00f3n y el Desarrollo Econ\u00f3micos (OCDE), Fr\u00e9d\u00e9ric Boehm, desarroll\u00f3 la conferencia \u201cModelando el cambio: el rol de las EFS en la lucha contra la corrupci\u00f3n\u201d, destacando la importancia de fortalecer los mecanismos de integridad y control como pilares de la gesti\u00f3n p\u00fablica.<\/p>\n<p>De igual manera, la experta de la OCDE, Mar\u00eda Eugenia Heyaca, present\u00f3 la ponencia \u201cTransformaci\u00f3n digital de las EFS\u201d, en la que expuso las oportunidades que ofrecen las tecnolog\u00edas emergentes para modernizar los procesos de fiscalizaci\u00f3n y mejorar la eficiencia institucional.<\/p>\n<p>En la jornada de la tarde se desarroll\u00f3 un panel sobre los principales retos del cambio institucional en las EFS, con la participaci\u00f3n de los conferencistas internacionales, bajo la facilitaci\u00f3n de Eduardo Ruiz y Luis Robas, seguido de una mesa redonda de intercambio de experiencias entre titulares de EFS y expertos invitados.<\/p>\n<p>El encuentro concluy\u00f3 con la presentaci\u00f3n de las principales conclusiones del d\u00eda, a cargo de los facilitadores, consolidando un espacio de reflexi\u00f3n estrat\u00e9gica sobre el futuro del control externo en el contexto global.<\/p>\n<p>La actividad cont\u00f3 con la participaci\u00f3n de los miembros del Pleno de la C\u00e1mara de Cuentas de la Rep\u00fablica Dominicana, encabezados por su presidenta, doctora Emma Polanco Melo, junto al vicepresidente Francisco Tam\u00e1rez Florentino, y los miembros Francisco Franco, Ram\u00f3n M\u00e9ndez Acosta y Griselda G\u00f3mez Santana.<\/p>\n<p>La realizaci\u00f3n de esta clase magistral en el pa\u00eds reafirma el compromiso de la C\u00e1mara de Cuentas con el fortalecimiento de la transparencia, la rendici\u00f3n de cuentas y la cooperaci\u00f3n internacional, en consonancia con los est\u00e1ndares promovidos por la INTOSAI.<\/p>\n<\/div>\n","protected":false},"excerpt":{"rendered":"<p>Santo Domingo, Rep\u00fablica Dominicana. \u2013 La Iniciativa de Desarrollo de la Organizaci\u00f3n Internacional de las Entidades Fiscalizadoras Superiores (IDI-INTOSAI) inici\u00f3 este martes 17 de marzo el ciclo de conferencias de la clase magistral internacional \u201cLiderar el cambio institucional de las EFS\u201d, que se celebra hasta el 19 de marzo de 2026 en el Hotel Catalonia<\/p>\n","protected":false},"author":1,"featured_media":28408,"comment_status":"open","ping_status":"open","sticky":false,"template":"","format":"standard","meta":{"footnotes":""},"categories":[1],"tags":[],"class_list":["post-28407","post","type-post","status-publish","format-standard","has-post-thumbnail","hentry","category-nacionales"],"_links":{"self":[{"href":"https:\/\/acronoticias.com\/index.php\/wp-json\/wp\/v2\/posts\/28407","targetHints":{"allow":["GET"]}}],"collection":[{"href":"https:\/\/acronoticias.com\/index.php\/wp-json\/wp\/v2\/posts"}],"about":[{"href":"https:\/\/acronoticias.com\/index.php\/wp-json\/wp\/v2\/types\/post"}],"author":[{"embeddable":true,"href":"https:\/\/acronoticias.com\/index.php\/wp-json\/wp\/v2\/users\/1"}],"replies":[{"embeddable":true,"href":"https:\/\/acronoticias.com\/index.php\/wp-json\/wp\/v2\/comments?post=28407"}],"version-history":[{"count":0,"href":"https:\/\/acronoticias.com\/index.php\/wp-json\/wp\/v2\/posts\/28407\/revisions"}],"wp:featuredmedia":[{"embeddable":true,"href":"https:\/\/acronoticias.com\/index.php\/wp-json\/wp\/v2\/media\/28408"}],"wp:attachment":[{"href":"https:\/\/acronoticias.com\/index.php\/wp-json\/wp\/v2\/media?parent=28407"}],"wp:term":[{"taxonomy":"category","embeddable":true,"href":"https:\/\/acronoticias.com\/index.php\/wp-json\/wp\/v2\/categories?post=28407"},{"taxonomy":"post_tag","embeddable":true,"href":"https:\/\/acronoticias.com\/index.php\/wp-json\/wp\/v2\/tags?post=28407"}],"curies":[{"name":"wp","href":"https:\/\/api.w.org\/{rel}","templated":true}]}}