{"id":28013,"date":"2026-03-16T17:12:35","date_gmt":"2026-03-16T17:12:35","guid":{"rendered":"https:\/\/acronoticias.com\/index.php\/2026\/03\/16\/aseguran-san-jose-de-los-llanos-vive-una-transformacion-cultural-sin-precedentes\/"},"modified":"2026-03-16T17:12:35","modified_gmt":"2026-03-16T17:12:35","slug":"aseguran-san-jose-de-los-llanos-vive-una-transformacion-cultural-sin-precedentes","status":"publish","type":"post","link":"https:\/\/acronoticias.com\/index.php\/2026\/03\/16\/aseguran-san-jose-de-los-llanos-vive-una-transformacion-cultural-sin-precedentes\/","title":{"rendered":"Aseguran San Jos\u00e9 de los Llanos vive una transformaci\u00f3n cultural sin precedentes"},"content":{"rendered":"<p><img decoding=\"async\" width=\"355\" height=\"200\" src=\"https:\/\/nuevodiario-assets.s3.us-east-2.amazonaws.com\/wp-content\/uploads\/2026\/03\/Imagen-2-Melodias-de-Futuro-355x200.jpg\" class=\"webfeedsFeaturedVisual not-transparent wp-post-image\" alt=\"\" style=\"--dominant-color: #5a5a59;margin-bottom: 5px;clear:both;max-width: 100%\" loading=\"lazy\" data-has-transparency=\"false\" data-dominant-color=\"5a5a59\" \/><\/p>\n<p><strong>EL NUEVO DIARIO, SAN JOS\u00c9 DE LOS LLANOS.-<\/strong>\u00a0En un acontecimiento que ya se reconoce como un hito para la vida cultural del municipio, avanza con extraordinarios resultados el proyecto <em>Melod\u00edas de Futuro: Impulso Cultural en San Jos\u00e9 de los Llanos<\/em>, un programa declarado de inter\u00e9s para la Naci\u00f3n y respaldado de manera decisiva por el <strong>Ministerio de Cultura<\/strong>, la <strong>Direcci\u00f3n General de Mecenazgo<\/strong> y el <strong>Fondo Solidario de Apoyo a la Cultura (FOSAC)<\/strong>.<\/p>\n<p>El impacto del proyecto ha superado las expectativas iniciales y se ha consolidado como una <strong>experiencia ejemplar de articulaci\u00f3n comunitaria, formaci\u00f3n art\u00edstica y cohesi\u00f3n social<\/strong>. La iniciativa ha fortalecido la estructura pedag\u00f3gica de la <strong>Academia de M\u00fasica de San Jos\u00e9 de los Llanos<\/strong>, ha dinamizado espacios p\u00fablicos a trav\u00e9s del arte, y ha ampliado la participaci\u00f3n ciudadana en niveles nunca antes vistos en la comunidad.<\/p>\n<p>Este proceso ha permitido que ni\u00f1os, j\u00f3venes, familias, docentes y actores locales encuentren en la m\u00fasica y en la actividad cultural un espacio de encuentro, disciplina, convivencia y expresi\u00f3n colectiva. Las jornadas formativas, los ensayos estructurados, los programas did\u00e1cticos y las actividades institucionales han generado un movimiento cultural de amplia resonancia, elevando a la Academia a un nuevo nivel de visibilidad y consolidaci\u00f3n.<\/p>\n<p><img decoding=\"async\" data-recalc-dims=\"1\" data-dominant-color=\"425c57\" data-has-transparency=\"false\" style=\"--dominant-color: #425c57\" loading=\"lazy\" class=\"alignnone wp-image-3050151 size-full not-transparent\" src=\"https:\/\/i0.wp.com\/nuevodiario-assets.s3.us-east-2.amazonaws.com\/wp-content\/uploads\/2026\/03\/Imagen-Melodias-de-Futuro-scaled.jpg?resize=640%2C427&#038;quality=100&#038;ssl=1\" alt=\"\" width=\"640\" height=\"427\" \/><\/p>\n<p>Uno de los logros m\u00e1s destacados del proyecto ha sido la <strong>expansi\u00f3n de su impacto m\u00e1s all\u00e1 de San Jos\u00e9 Los Llanos<\/strong>, alcanzando otros municipios y plataformas culturales del pa\u00eds. La proyecci\u00f3n de sus avances ha suscitado inter\u00e9s nacional, motivando intercambios, colaboraciones y reconocimientos que evidencian la madurez y el potencial de este modelo de desarrollo cultural.<\/p>\n<p>Asimismo, la integraci\u00f3n complementaria de actividades deportivas y recreativas ha fortalecido el sentido de pertenencia de los j\u00f3venes involucrados, demostrando que el arte y la cultura \u2014cuando se gestionan con visi\u00f3n, estructura y apoyo institucional\u2014 tienen la capacidad de transformar entornos completos, generar oportunidades reales y abrir caminos de movilidad social.<\/p>\n<p>La <strong>Direcci\u00f3n General de Mecenazgo<\/strong> y el <strong>FOSAC<\/strong> han sido pilares esenciales en esta transformaci\u00f3n, al brindar el acompa\u00f1amiento t\u00e9cnico y el financiamiento necesario para que iniciativas comunitarias de alto valor cultural puedan ejecutarse con la dignidad y la calidad que merecen. De igual forma, el <strong>Ministerio de Cultura<\/strong> reafirma, a trav\u00e9s de este proyecto, su compromiso de fortalecer la vida cultural en los territorios, democratizando el acceso al arte y garantizando que ninguna comunidad quede fuera del mapa de desarrollo cultural del pa\u00eds.<\/p>\n<p><em>\u201cEl ambiente que hoy se vive en San Jos\u00e9 de los Llanos demuestra lo que ocurre cuando la comunidad, el Estado y el sector cultural trabajan alineados. La m\u00fasica ha logrado algo extraordinario: unir generaciones, abrir caminos para la juventud y sembrar un legado que honra la identidad y el talento de nuestra gente\u201d,<\/em> expres\u00f3 <strong>Paola Clisante<\/strong>, Directora del proyecto.<\/p>\n<p><em>Melod\u00edas de Futuro<\/em> se ha convertido en una referencia de c\u00f3mo la inversi\u00f3n cultural \u2014bien dirigida, bien ejecutada y bien acompa\u00f1ada\u2014 puede generar transformaciones reales, profundizando el tejido social y proyectando nuevas oportunidades para las familias y la juventud dominicana.<\/p>\n<p>&nbsp;<\/p>\n<p>&nbsp;<\/p>\n<p>&nbsp;<\/p>\n<p>La entrada <a href=\"https:\/\/elnuevodiario.com.do\/aseguran-san-jose-de-los-llanos-vive-una-transformacion-cultural-sin-precedentes\/\">Aseguran San Jos\u00e9 de los Llanos vive una transformaci\u00f3n cultural sin precedentes<\/a> se public\u00f3 primero en <a href=\"https:\/\/elnuevodiario.com.do\">El Nuevo Diario (Rep\u00fablica Dominicana)<\/a>.<\/p>\n","protected":false},"excerpt":{"rendered":"<p>EL NUEVO DIARIO, SAN JOS\u00c9 DE LOS LLANOS.-\u00a0En un acontecimiento que ya se reconoce como un hito para la vida cultural del municipio, avanza con extraordinarios resultados el proyecto Melod\u00edas de Futuro: Impulso Cultural en San Jos\u00e9 de los Llanos, un programa declarado de inter\u00e9s para la Naci\u00f3n y respaldado de manera decisiva por el<\/p>\n","protected":false},"author":1,"featured_media":28014,"comment_status":"open","ping_status":"open","sticky":false,"template":"","format":"standard","meta":{"footnotes":""},"categories":[1],"tags":[],"class_list":["post-28013","post","type-post","status-publish","format-standard","has-post-thumbnail","hentry","category-nacionales"],"_links":{"self":[{"href":"https:\/\/acronoticias.com\/index.php\/wp-json\/wp\/v2\/posts\/28013","targetHints":{"allow":["GET"]}}],"collection":[{"href":"https:\/\/acronoticias.com\/index.php\/wp-json\/wp\/v2\/posts"}],"about":[{"href":"https:\/\/acronoticias.com\/index.php\/wp-json\/wp\/v2\/types\/post"}],"author":[{"embeddable":true,"href":"https:\/\/acronoticias.com\/index.php\/wp-json\/wp\/v2\/users\/1"}],"replies":[{"embeddable":true,"href":"https:\/\/acronoticias.com\/index.php\/wp-json\/wp\/v2\/comments?post=28013"}],"version-history":[{"count":0,"href":"https:\/\/acronoticias.com\/index.php\/wp-json\/wp\/v2\/posts\/28013\/revisions"}],"wp:featuredmedia":[{"embeddable":true,"href":"https:\/\/acronoticias.com\/index.php\/wp-json\/wp\/v2\/media\/28014"}],"wp:attachment":[{"href":"https:\/\/acronoticias.com\/index.php\/wp-json\/wp\/v2\/media?parent=28013"}],"wp:term":[{"taxonomy":"category","embeddable":true,"href":"https:\/\/acronoticias.com\/index.php\/wp-json\/wp\/v2\/categories?post=28013"},{"taxonomy":"post_tag","embeddable":true,"href":"https:\/\/acronoticias.com\/index.php\/wp-json\/wp\/v2\/tags?post=28013"}],"curies":[{"name":"wp","href":"https:\/\/api.w.org\/{rel}","templated":true}]}}