{"id":28007,"date":"2026-03-16T16:40:43","date_gmt":"2026-03-16T16:40:43","guid":{"rendered":"https:\/\/acronoticias.com\/index.php\/2026\/03\/16\/gobierno-impulsa-desarrollo-de-zona-fronteriza\/"},"modified":"2026-03-16T16:40:43","modified_gmt":"2026-03-16T16:40:43","slug":"gobierno-impulsa-desarrollo-de-zona-fronteriza","status":"publish","type":"post","link":"https:\/\/acronoticias.com\/index.php\/2026\/03\/16\/gobierno-impulsa-desarrollo-de-zona-fronteriza\/","title":{"rendered":"Gobierno impulsa desarrollo de zona fronteriza"},"content":{"rendered":"<p><img loading=\"lazy\" decoding=\"async\" width=\"355\" height=\"200\" src=\"https:\/\/nuevodiario-assets.s3.us-east-2.amazonaws.com\/wp-content\/uploads\/2026\/03\/Elsido-Diaz-Bueno-Erodis-Diaz-y-Modesto-Guzman-Foto-Inavi-355x200.jpeg\" class=\"webfeedsFeaturedVisual not-transparent wp-post-image\" alt=\"\" style=\"--dominant-color: #938e89;margin-bottom: 5px;clear:both;max-width: 100%\" data-has-transparency=\"false\" data-dominant-color=\"938e89\" \/><\/p>\n<p>EL NUEVO DIARIO, SANTO DOMINGO.- El Gobierno reafirm\u00f3 su compromiso de impulsar un desarrollo integral en la zona fronteriza, con programas que eleven la calidad de vida y fomenten el desarrollo social y econ\u00f3mico de sus residentes, con el prop\u00f3sito de reducir la brecha de desigualdad.<\/p>\n<p>De acuerdo a una nota de prensa enviada este lunes, para lograr esos objetivos, el Instituto de Auxilios (Inavi), la Direcci\u00f3n de Desarrollo de la Comunidad (DGDC) y el Consejo de Coordinaci\u00f3n de la Zona Especial de Desarrollo Fronterizo (CCDF), firmaron un acuerdo en el que se comprometen a implementar programas de capacitaci\u00f3n t\u00e9cnica vocacional, deportivo, de fomento del emprendimiento, empleo local, mejora de viviendas y fortalecimiento de organizaciones comunitarias.<\/p>\n<p>Los titulares de las tres instituciones, Dr. \u00c9lsido D\u00edaz Bueno, del Inavi; Dr. Modesto Guzm\u00e1n, de la DGDC, y Erodis D\u00edaz, de la CCDF, indicaron que trabajan en Dajab\u00f3n, El\u00edas Pi\u00f1a, Independencia, Montecristi, Pedernales, Santiago Rodr\u00edguez y Bahoruco, cumpliendo instrucciones del presidente Luis Abinader para disminuir la pobreza en esas siete provincias fronterizas, mediante programas integrales de desarrollo social, empleo y bienestar comunitario.<\/p>\n<p>Este convenio parte de una estrategia del Gobierno para transformar la zona fronteriza, mejorando la infraestructura, la educaci\u00f3n y el apoyo directo a los residentes de estas comunidades.<\/p>\n<p>Para el Dr. Elsido D\u00edaz Bueno, administrador general del Inavi, con el acuerdo el Gobierno consolida el compromiso de continuar trabajando de manera coordinada para generar oportunidades y transformar realidades en beneficio de la frontera dominicana.<\/p>\n<p>ADDP\/<\/p>\n<p>La entrada <a href=\"https:\/\/elnuevodiario.com.do\/gobierno-impulsa-desarrollo-de-zona-fronteriza\/\">Gobierno impulsa desarrollo de zona fronteriza<\/a> se public\u00f3 primero en <a href=\"https:\/\/elnuevodiario.com.do\">El Nuevo Diario (Rep\u00fablica Dominicana)<\/a>.<\/p>\n","protected":false},"excerpt":{"rendered":"<p>EL NUEVO DIARIO, SANTO DOMINGO.- El Gobierno reafirm\u00f3 su compromiso de impulsar un desarrollo integral en la zona fronteriza, con programas que eleven la calidad de vida y fomenten el desarrollo social y econ\u00f3mico de sus residentes, con el prop\u00f3sito de reducir la brecha de desigualdad. De acuerdo a una nota de prensa enviada este<\/p>\n","protected":false},"author":1,"featured_media":28008,"comment_status":"open","ping_status":"open","sticky":false,"template":"","format":"standard","meta":{"footnotes":""},"categories":[1],"tags":[],"class_list":["post-28007","post","type-post","status-publish","format-standard","has-post-thumbnail","hentry","category-nacionales"],"_links":{"self":[{"href":"https:\/\/acronoticias.com\/index.php\/wp-json\/wp\/v2\/posts\/28007","targetHints":{"allow":["GET"]}}],"collection":[{"href":"https:\/\/acronoticias.com\/index.php\/wp-json\/wp\/v2\/posts"}],"about":[{"href":"https:\/\/acronoticias.com\/index.php\/wp-json\/wp\/v2\/types\/post"}],"author":[{"embeddable":true,"href":"https:\/\/acronoticias.com\/index.php\/wp-json\/wp\/v2\/users\/1"}],"replies":[{"embeddable":true,"href":"https:\/\/acronoticias.com\/index.php\/wp-json\/wp\/v2\/comments?post=28007"}],"version-history":[{"count":0,"href":"https:\/\/acronoticias.com\/index.php\/wp-json\/wp\/v2\/posts\/28007\/revisions"}],"wp:featuredmedia":[{"embeddable":true,"href":"https:\/\/acronoticias.com\/index.php\/wp-json\/wp\/v2\/media\/28008"}],"wp:attachment":[{"href":"https:\/\/acronoticias.com\/index.php\/wp-json\/wp\/v2\/media?parent=28007"}],"wp:term":[{"taxonomy":"category","embeddable":true,"href":"https:\/\/acronoticias.com\/index.php\/wp-json\/wp\/v2\/categories?post=28007"},{"taxonomy":"post_tag","embeddable":true,"href":"https:\/\/acronoticias.com\/index.php\/wp-json\/wp\/v2\/tags?post=28007"}],"curies":[{"name":"wp","href":"https:\/\/api.w.org\/{rel}","templated":true}]}}