{"id":28005,"date":"2026-03-16T16:24:38","date_gmt":"2026-03-16T16:24:38","guid":{"rendered":"https:\/\/acronoticias.com\/index.php\/2026\/03\/16\/vicerrector-de-ucateci-denuncia-deterioro-ambiental-en-montanas-de-la-vega\/"},"modified":"2026-03-16T16:24:38","modified_gmt":"2026-03-16T16:24:38","slug":"vicerrector-de-ucateci-denuncia-deterioro-ambiental-en-montanas-de-la-vega","status":"publish","type":"post","link":"https:\/\/acronoticias.com\/index.php\/2026\/03\/16\/vicerrector-de-ucateci-denuncia-deterioro-ambiental-en-montanas-de-la-vega\/","title":{"rendered":"Vicerrector de Ucateci denuncia deterioro ambiental en monta\u00f1as de La Vega"},"content":{"rendered":"<p><img loading=\"lazy\" decoding=\"async\" width=\"355\" height=\"200\" src=\"https:\/\/nuevodiario-assets.s3.us-east-2.amazonaws.com\/wp-content\/uploads\/2026\/03\/Sacerdote-denuncia-deterioro-ambiental-en-montanas-de-La-Vega-355x200.jpg\" class=\"webfeedsFeaturedVisual not-transparent wp-post-image\" alt=\"\" style=\"--dominant-color: #7c8187;margin-bottom: 5px;clear:both;max-width: 100%\" data-has-transparency=\"false\" data-dominant-color=\"7c8187\" \/><\/p>\n<p><strong>EL NUEVO DIARIO, LA VEGA. \u2014<\/strong> El vicerrector ejecutivo de la Universidad Cat\u00f3lica del Cibao (Ucateci), Francisco Antonio Jim\u00e9nez Rosario \u00abPadre Cualo\u00bb, advirti\u00f3 el domingo sobre el deterioro ambiental que afecta a las zonas monta\u00f1osas de la provincia de La Vega, situaci\u00f3n que, seg\u00fan afirm\u00f3, requiere acciones urgentes para evitar da\u00f1os mayores a los ecosistemas de la regi\u00f3n.<\/p>\n<p>El sacerdote y acad\u00e9mico, expres\u00f3 su preocupaci\u00f3n por los da\u00f1os que se registran en diversas \u00e1reas boscosas, se\u00f1alando que la degradaci\u00f3n de estos espacios naturales avanza de manera preocupante, seg\u00fan detalla en un comunicado de prensa.<\/p>\n<p>A\u00f1ade que, factores como la deforestaci\u00f3n, la explotaci\u00f3n de recursos naturales y la falta de controles efectivos est\u00e1n afectando de forma directa los ecosistemas que garantizan la producci\u00f3n de agua, la estabilidad de los suelos y el equilibrio ambiental de toda la zona.<\/p>\n<p><a href=\"https:\/\/videos.files.wordpress.com\/h8y6NHQg\/sacerdote-denuncia-deterioro-ambiental-en-montanas-de-la-vega.mp4\">Sacerdote denuncia deterioro ambiental en monta\u00f1as de La Vega. (Video: Fuente Externa).<\/a><\/p>\n<p>En ese sentido, el Padre Cualo destac\u00f3 que las monta\u00f1as de La Vega tienen una importancia vital, debido a que en ellas nacen importantes r\u00edos y fuentes h\u00eddricas que abastecen a miles de familias y sostienen gran parte de la actividad agr\u00edcola del Cibao.<\/p>\n<p>El religioso llam\u00f3 a las autoridades, instituciones y a la sociedad a impulsar pol\u00edticas de protecci\u00f3n ambiental, fortalecer los programas de reforestaci\u00f3n y establecer mayores controles para preservar los recursos naturales.<\/p>\n<p>NLP\/<\/p>\n<p>&nbsp;<\/p>\n<p>&nbsp;<\/p>\n<p>La entrada <a href=\"https:\/\/elnuevodiario.com.do\/vicerrector-de-ucateci-denuncia-deterioro-ambiental-en-montanas-de-la-vega\/\">Vicerrector de Ucateci denuncia deterioro ambiental en monta\u00f1as de La Vega<\/a> se public\u00f3 primero en <a href=\"https:\/\/elnuevodiario.com.do\">El Nuevo Diario (Rep\u00fablica Dominicana)<\/a>.<\/p>\n","protected":false},"excerpt":{"rendered":"<p>EL NUEVO DIARIO, LA VEGA. \u2014 El vicerrector ejecutivo de la Universidad Cat\u00f3lica del Cibao (Ucateci), Francisco Antonio Jim\u00e9nez Rosario \u00abPadre Cualo\u00bb, advirti\u00f3 el domingo sobre el deterioro ambiental que afecta a las zonas monta\u00f1osas de la provincia de La Vega, situaci\u00f3n que, seg\u00fan afirm\u00f3, requiere acciones urgentes para evitar da\u00f1os mayores a los ecosistemas<\/p>\n","protected":false},"author":1,"featured_media":28006,"comment_status":"open","ping_status":"open","sticky":false,"template":"","format":"standard","meta":{"footnotes":""},"categories":[1],"tags":[],"class_list":["post-28005","post","type-post","status-publish","format-standard","has-post-thumbnail","hentry","category-nacionales"],"_links":{"self":[{"href":"https:\/\/acronoticias.com\/index.php\/wp-json\/wp\/v2\/posts\/28005","targetHints":{"allow":["GET"]}}],"collection":[{"href":"https:\/\/acronoticias.com\/index.php\/wp-json\/wp\/v2\/posts"}],"about":[{"href":"https:\/\/acronoticias.com\/index.php\/wp-json\/wp\/v2\/types\/post"}],"author":[{"embeddable":true,"href":"https:\/\/acronoticias.com\/index.php\/wp-json\/wp\/v2\/users\/1"}],"replies":[{"embeddable":true,"href":"https:\/\/acronoticias.com\/index.php\/wp-json\/wp\/v2\/comments?post=28005"}],"version-history":[{"count":0,"href":"https:\/\/acronoticias.com\/index.php\/wp-json\/wp\/v2\/posts\/28005\/revisions"}],"wp:featuredmedia":[{"embeddable":true,"href":"https:\/\/acronoticias.com\/index.php\/wp-json\/wp\/v2\/media\/28006"}],"wp:attachment":[{"href":"https:\/\/acronoticias.com\/index.php\/wp-json\/wp\/v2\/media?parent=28005"}],"wp:term":[{"taxonomy":"category","embeddable":true,"href":"https:\/\/acronoticias.com\/index.php\/wp-json\/wp\/v2\/categories?post=28005"},{"taxonomy":"post_tag","embeddable":true,"href":"https:\/\/acronoticias.com\/index.php\/wp-json\/wp\/v2\/tags?post=28005"}],"curies":[{"name":"wp","href":"https:\/\/api.w.org\/{rel}","templated":true}]}}