{"id":28001,"date":"2026-03-16T16:08:59","date_gmt":"2026-03-16T16:08:59","guid":{"rendered":"https:\/\/acronoticias.com\/index.php\/2026\/03\/16\/piden-regulacion-ante-extorsion-de-parqueadores-y-limpiavidrios-en-espacios-publicos\/"},"modified":"2026-03-16T16:08:59","modified_gmt":"2026-03-16T16:08:59","slug":"piden-regulacion-ante-extorsion-de-parqueadores-y-limpiavidrios-en-espacios-publicos","status":"publish","type":"post","link":"https:\/\/acronoticias.com\/index.php\/2026\/03\/16\/piden-regulacion-ante-extorsion-de-parqueadores-y-limpiavidrios-en-espacios-publicos\/","title":{"rendered":"Piden regulaci\u00f3n ante extorsi\u00f3n de parqueadores y limpiavidrios en espacios p\u00fablicos"},"content":{"rendered":"<p><img loading=\"lazy\" decoding=\"async\" width=\"355\" height=\"200\" src=\"https:\/\/nuevodiario-assets.s3.us-east-2.amazonaws.com\/wp-content\/uploads\/2026\/03\/Cesar-Javier-355x200.jpeg\" class=\"webfeedsFeaturedVisual not-transparent wp-post-image\" alt=\"C\u00e9sar Javier, comunicador. (Foto: Fuente interna)\" style=\"--dominant-color: #ac8d86;margin-bottom: 5px;clear:both;max-width: 100%\" data-has-transparency=\"false\" data-dominant-color=\"ac8d86\" \/><\/p>\n<p>EL NUEVO DIARIO, SANTO DOMINGO. &#8211; El comunicador C\u00e9sar Javier denunci\u00f3 el aumento de pr\u00e1cticas de intimidaci\u00f3n por parte de parqueadores y limpiavidrios en las v\u00edas p\u00fablicas, advirtiendo que estas acciones han evolucionado hacia una forma de extorsi\u00f3n organizada que afecta a conductores en distintos puntos de la ciudad.<\/p>\n<p>Javier explic\u00f3 que muchos ciudadanos se sienten presionados a pagar por servicios que no han solicitado, lo que genera un ambiente de inseguridad en espacios que deber\u00edan ser de libre tr\u00e1nsito.<\/p>\n<p>\u201cLo que antes era una persona pidiendo una colaboraci\u00f3n, hoy en muchos casos se ha convertido en una amenaza con una cifra espec\u00edfica\u201d, afirm\u00f3.<\/p>\n<p>El comunicador habl\u00f3 en estos t\u00e9rminos junto a Jos\u00e9 Alc\u00e1ntara, y Emil Pascual, en el programa \u201cEl Nuevo Diario los S\u00e1bados\u201d, transmitido por la plataforma digital El Nuevo Diario TV.<\/p>\n<p>(Ver programa)<\/p>\n<p><a href=\"https:\/\/elnuevodiario.com.do\/tv\/el-nuevo-diario-los-sabados-descomposicion-social-y-lucha-entre-marcas\/\">El Nuevo Diario Los S\u00e1bados \u2013 Descomposici\u00f3n social y lucha entre marcas \u2013 El Nuevo Diario (Rep\u00fablica Dominicana)<\/a><\/p>\n<p>Adem\u00e1s, se\u00f1al\u00f3 que esta situaci\u00f3n impacta especialmente a las mujeres, quienes en muchas ocasiones se sienten intimidadas al momento de rechazar estos cobros. Seg\u00fan indic\u00f3, algunos individuos utilizan actitudes amenazantes o insinuaciones de posibles consecuencias si el conductor decide no pagar.<\/p>\n<p>\u201cMuchas veces limpian el vidrio o dicen que van a cuidar el veh\u00edculo sin que nadie lo haya pedido, y luego el ciudadano se siente obligado a pagar\u201d, expres\u00f3.<\/p>\n<p>Desde una perspectiva de ordenamiento urbano, Javier sostuvo que la protecci\u00f3n y el control de los espacios p\u00fablicos deben recaer exclusivamente en las autoridades competentes. En ese sentido, plante\u00f3 que estas funciones corresponden a instituciones como la Polic\u00eda Nacional y las polic\u00edas municipales de cada demarcaci\u00f3n.<\/p>\n<p>El comunicador tambi\u00e9n se\u00f1al\u00f3 que permitir que particulares controlen \u00e1reas de estacionamiento sin regulaci\u00f3n puede generar abusos y conflictos con los ciudadanos.<\/p>\n<p>En ese sentido, hizo un llamado a las alcald\u00edas y a los organismos de seguridad para que establezcan medidas que regulen o eliminen estas pr\u00e1cticas.<\/p>\n<p>\u201cEs necesario que las autoridades intervengan y regulen este tipo de servicios en los espacios p\u00fablicos para garantizar la seguridad y la tranquilidad de los ciudadanos\u201d, agreg\u00f3.<\/p>\n<p>&nbsp;<\/p>\n<p>La entrada <a href=\"https:\/\/elnuevodiario.com.do\/piden-regulacion-ante-extorsion-de-parqueadores-y-limpiavidrios-en-espacios-publicos\/\">Piden regulaci\u00f3n ante extorsi\u00f3n de parqueadores y limpiavidrios en espacios p\u00fablicos<\/a> se public\u00f3 primero en <a href=\"https:\/\/elnuevodiario.com.do\">El Nuevo Diario (Rep\u00fablica Dominicana)<\/a>.<\/p>\n","protected":false},"excerpt":{"rendered":"<p>EL NUEVO DIARIO, SANTO DOMINGO. &#8211; El comunicador C\u00e9sar Javier denunci\u00f3 el aumento de pr\u00e1cticas de intimidaci\u00f3n por parte de parqueadores y limpiavidrios en las v\u00edas p\u00fablicas, advirtiendo que estas acciones han evolucionado hacia una forma de extorsi\u00f3n organizada que afecta a conductores en distintos puntos de la ciudad. Javier explic\u00f3 que muchos ciudadanos se<\/p>\n","protected":false},"author":1,"featured_media":28002,"comment_status":"open","ping_status":"open","sticky":false,"template":"","format":"standard","meta":{"footnotes":""},"categories":[1],"tags":[],"class_list":["post-28001","post","type-post","status-publish","format-standard","has-post-thumbnail","hentry","category-nacionales"],"_links":{"self":[{"href":"https:\/\/acronoticias.com\/index.php\/wp-json\/wp\/v2\/posts\/28001","targetHints":{"allow":["GET"]}}],"collection":[{"href":"https:\/\/acronoticias.com\/index.php\/wp-json\/wp\/v2\/posts"}],"about":[{"href":"https:\/\/acronoticias.com\/index.php\/wp-json\/wp\/v2\/types\/post"}],"author":[{"embeddable":true,"href":"https:\/\/acronoticias.com\/index.php\/wp-json\/wp\/v2\/users\/1"}],"replies":[{"embeddable":true,"href":"https:\/\/acronoticias.com\/index.php\/wp-json\/wp\/v2\/comments?post=28001"}],"version-history":[{"count":0,"href":"https:\/\/acronoticias.com\/index.php\/wp-json\/wp\/v2\/posts\/28001\/revisions"}],"wp:featuredmedia":[{"embeddable":true,"href":"https:\/\/acronoticias.com\/index.php\/wp-json\/wp\/v2\/media\/28002"}],"wp:attachment":[{"href":"https:\/\/acronoticias.com\/index.php\/wp-json\/wp\/v2\/media?parent=28001"}],"wp:term":[{"taxonomy":"category","embeddable":true,"href":"https:\/\/acronoticias.com\/index.php\/wp-json\/wp\/v2\/categories?post=28001"},{"taxonomy":"post_tag","embeddable":true,"href":"https:\/\/acronoticias.com\/index.php\/wp-json\/wp\/v2\/tags?post=28001"}],"curies":[{"name":"wp","href":"https:\/\/api.w.org\/{rel}","templated":true}]}}