{"id":27890,"date":"2026-03-16T00:05:56","date_gmt":"2026-03-16T00:05:56","guid":{"rendered":"https:\/\/acronoticias.com\/index.php\/2026\/03\/16\/coe-restringe-navegacion-de-embarcaciones-por-oleaje-anormal-en-costas-del-pais\/"},"modified":"2026-03-16T00:05:56","modified_gmt":"2026-03-16T00:05:56","slug":"coe-restringe-navegacion-de-embarcaciones-por-oleaje-anormal-en-costas-del-pais","status":"publish","type":"post","link":"https:\/\/acronoticias.com\/index.php\/2026\/03\/16\/coe-restringe-navegacion-de-embarcaciones-por-oleaje-anormal-en-costas-del-pais\/","title":{"rendered":"COE restringe navegaci\u00f3n de embarcaciones por oleaje anormal en costas del pa\u00eds"},"content":{"rendered":"<p><img loading=\"lazy\" decoding=\"async\" width=\"355\" height=\"200\" src=\"https:\/\/nuevodiario-assets.s3.us-east-2.amazonaws.com\/wp-content\/uploads\/2026\/03\/oleajes-anormales-en-puerto-plata.jpg-355x200.webp\" class=\"webfeedsFeaturedVisual not-transparent wp-post-image\" alt=\"\" style=\"--dominant-color: #6b9cac;margin-bottom: 5px;clear:both;max-width: 100%\" data-has-transparency=\"false\" data-dominant-color=\"6b9cac\" \/><\/p>\n<p data-start=\"85\" data-end=\"435\">EL NUEVO DIARIO, SANTO DOMINGO.\u2013 El Centro de Operaciones de Emergencias (COE) inform\u00f3 este domingo sobre la restricci\u00f3n en la navegaci\u00f3n de embarcaciones peque\u00f1as, medianas y fr\u00e1giles en varias zonas costeras del pa\u00eds debido al deterioro de las condiciones mar\u00edtimas provocado por viento y oleaje anormal.<\/p>\n<p data-start=\"437\" data-end=\"690\">La disposici\u00f3n se basa en el bolet\u00edn meteorol\u00f3gico emitido por el Instituto Dominicano de Meteorolog\u00eda (Indomet), que advierte sobre el aumento del oleaje y fuertes vientos en ambas costas del territorio nacional.<\/p>\n<p data-start=\"692\" data-end=\"1020\">En ese sentido, el organismo indic\u00f3 que en la costa Atl\u00e1ntica, desde Cabo Enga\u00f1o, en La Altagracia, hasta Cabo Franc\u00e9s Viejo, en Mar\u00eda Trinidad S\u00e1nchez, los operadores de embarcaciones fr\u00e1giles, peque\u00f1as y medianas deben permanecer en puerto debido a las condiciones adversas del mar.<\/p>\n<p data-start=\"1022\" data-end=\"1282\">Asimismo, en la costa Caribe\u00f1a, desde Isla Saona hasta Cabo Enga\u00f1o, tambi\u00e9n se instruy\u00f3 a los operadores de este tipo de embarcaciones a mantenerse en puerto por el viento y el oleaje anormal registrados en esa zona.<\/p>\n<p data-start=\"1284\" data-end=\"1496\">El COE precis\u00f3 que en el resto de las \u00e1reas costeras se recomienda a los navegantes desplazarse con precauci\u00f3n cerca del per\u00edmetro costero y evitar aventurarse mar adentro.<\/p>\n<p data-start=\"1498\" data-end=\"1733\">La informaci\u00f3n fue ofrecida por el director del organismo, Juan Manuel M\u00e9ndez Garc\u00eda, quien exhort\u00f3 a los operadores mar\u00edtimos a acatar las recomendaciones para prevenir incidentes en el mar.<\/p>\n<p>La entrada <a href=\"https:\/\/elnuevodiario.com.do\/coe-restringe-navegacion-de-embarcaciones-por-oleaje-anormal-en-costas-del-pais\/\">COE restringe navegaci\u00f3n de embarcaciones por oleaje anormal en costas del pa\u00eds<\/a> se public\u00f3 primero en <a href=\"https:\/\/elnuevodiario.com.do\">El Nuevo Diario (Rep\u00fablica Dominicana)<\/a>.<\/p>\n","protected":false},"excerpt":{"rendered":"<p>EL NUEVO DIARIO, SANTO DOMINGO.\u2013 El Centro de Operaciones de Emergencias (COE) inform\u00f3 este domingo sobre la restricci\u00f3n en la navegaci\u00f3n de embarcaciones peque\u00f1as, medianas y fr\u00e1giles en varias zonas costeras del pa\u00eds debido al deterioro de las condiciones mar\u00edtimas provocado por viento y oleaje anormal. La disposici\u00f3n se basa en el bolet\u00edn meteorol\u00f3gico emitido<\/p>\n","protected":false},"author":1,"featured_media":27891,"comment_status":"open","ping_status":"open","sticky":false,"template":"","format":"standard","meta":{"footnotes":""},"categories":[1],"tags":[],"class_list":["post-27890","post","type-post","status-publish","format-standard","has-post-thumbnail","hentry","category-nacionales"],"_links":{"self":[{"href":"https:\/\/acronoticias.com\/index.php\/wp-json\/wp\/v2\/posts\/27890","targetHints":{"allow":["GET"]}}],"collection":[{"href":"https:\/\/acronoticias.com\/index.php\/wp-json\/wp\/v2\/posts"}],"about":[{"href":"https:\/\/acronoticias.com\/index.php\/wp-json\/wp\/v2\/types\/post"}],"author":[{"embeddable":true,"href":"https:\/\/acronoticias.com\/index.php\/wp-json\/wp\/v2\/users\/1"}],"replies":[{"embeddable":true,"href":"https:\/\/acronoticias.com\/index.php\/wp-json\/wp\/v2\/comments?post=27890"}],"version-history":[{"count":0,"href":"https:\/\/acronoticias.com\/index.php\/wp-json\/wp\/v2\/posts\/27890\/revisions"}],"wp:featuredmedia":[{"embeddable":true,"href":"https:\/\/acronoticias.com\/index.php\/wp-json\/wp\/v2\/media\/27891"}],"wp:attachment":[{"href":"https:\/\/acronoticias.com\/index.php\/wp-json\/wp\/v2\/media?parent=27890"}],"wp:term":[{"taxonomy":"category","embeddable":true,"href":"https:\/\/acronoticias.com\/index.php\/wp-json\/wp\/v2\/categories?post=27890"},{"taxonomy":"post_tag","embeddable":true,"href":"https:\/\/acronoticias.com\/index.php\/wp-json\/wp\/v2\/tags?post=27890"}],"curies":[{"name":"wp","href":"https:\/\/api.w.org\/{rel}","templated":true}]}}