{"id":27888,"date":"2026-03-15T23:51:58","date_gmt":"2026-03-15T23:51:58","guid":{"rendered":"https:\/\/acronoticias.com\/index.php\/2026\/03\/15\/derecha-espanola-gana-en-castilla-y-leon-los-socialistas-aguantan-y-ultraderecha-sube\/"},"modified":"2026-03-15T23:51:58","modified_gmt":"2026-03-15T23:51:58","slug":"derecha-espanola-gana-en-castilla-y-leon-los-socialistas-aguantan-y-ultraderecha-sube","status":"publish","type":"post","link":"https:\/\/acronoticias.com\/index.php\/2026\/03\/15\/derecha-espanola-gana-en-castilla-y-leon-los-socialistas-aguantan-y-ultraderecha-sube\/","title":{"rendered":"Derecha espa\u00f1ola gana en Castilla y Le\u00f3n, los socialistas aguantan y ultraderecha sube"},"content":{"rendered":"<p><img loading=\"lazy\" decoding=\"async\" width=\"355\" height=\"200\" src=\"https:\/\/nuevodiario-assets.s3.us-east-2.amazonaws.com\/wp-content\/uploads\/2025\/03\/06221252\/Partido-Popular-de-Espana-355x200.jpeg\" class=\"webfeedsFeaturedVisual not-transparent wp-post-image\" alt=\"El Partido Popular\" style=\"--dominant-color: #5f4d56;margin-bottom: 5px;clear:both;max-width: 100%\" data-has-transparency=\"false\" data-dominant-color=\"5f4d56\" \/><\/p>\n<p>MADRID. &#8211; El conservador Partido Popular (PP) ganar\u00eda las elecciones regionales de este domingo en la comunidad aut\u00f3noma espa\u00f1ola de Castilla y Le\u00f3n, aunque sin mayor\u00eda y necesitar\u00eda para gobernar a la ultraderecha (Vox), que sube al igual que los socialistas (PSOE), que aguantan como segunda fuerza.<\/p>\n<p>Con el 90 % de los votos escrutados, el PP obtiene 33 de los 82 esca\u00f1os en juego (2 m\u00e1s que en 2022), seguido por el PSOE (izquierda) con 30 (2 m\u00e1s) y Vox en tercer lugar con 14 (sube 1).<\/p>\n<p>La Uni\u00f3n del Pueblo Leon\u00e9s se mantendr\u00eda en 3 esca\u00f1os, Soria Ya perder\u00eda 2 y s\u00f3lo obtendr\u00eda 1, al igual que Por \u00c1vila, que seguir\u00eda con su \u00fanico representante de 2022.<\/p>\n<p>A la izquierda del PSOE, ni En Com\u00fan (IU-Sumar-Equo) ni Podemos-Alianza Verde, que en esta ocasi\u00f3n concurr\u00edan por separado, obtienen esca\u00f1o.<\/p>\n<p>Los 2.910 colegios electorales habilitados cerraron a las 20.00 hora local sin incidencias tras once horas de votaci\u00f3n, con un incremento en la participaci\u00f3n que, a falta del dato definitivo, era a las 18.00 hora local 1,57 puntos superior a la registrada en 2022.<\/p>\n<p>Castilla y Le\u00f3n, la regi\u00f3n m\u00e1s extensa de Espa\u00f1a, pero con muy poca poblaci\u00f3n (2,4 millones de habitantes), est\u00e1 gobernada por el PP desde 1987, aunque en las \u00faltimas legislaturas sin haber conseguido mayor\u00eda absoluta, y tras las elecciones de este domingo necesita a la ultraderecha para formar Gobierno.<\/p>\n<p>Lo mismo ocurri\u00f3 en las \u00faltimas dos elecciones regionales, las de Extremadura (oeste), en diciembre de 2025, y las de Arag\u00f3n (noreste), el pasado 8 de febrero.<\/p>\n<p>Ambas comunidades, gobernadas por el PP en minor\u00eda, convocaron elecciones anticipadas con el argumento de conseguir una mayor\u00eda suficiente, pero en las dos se dio un importante ascenso de la ultraderecha y un batacazo del Partido Socialista (PSOE), que preside el Ejecutivo espa\u00f1ol.<\/p>\n<p>En una regi\u00f3n con una poblaci\u00f3n muy envejecida y con comarcas enteras despobladas, la inmigraci\u00f3n estuvo presente en toda la campa\u00f1a, con un enfrentamiento entre el candidato del PP y actual presidente regional, Alfonso Fern\u00e1ndez Ma\u00f1ueco, y el de Vox.<\/p>\n<p>Por otra parte, la presencia de l\u00edderes nacionales en la campa\u00f1a llev\u00f3 la guerra de Ir\u00e1n al debate pol\u00edtico, sobre todo por parte de los socialistas, despu\u00e9s de que Pedro S\u00e1nchez recuperara el lema del &#8216;No a la guerra&#8217;, que se hizo popular en 2003 y que estuvo presente en los \u00faltimos m\u00edtines.<\/p>\n<p>&nbsp;<\/p>\n<p>&nbsp;<\/p>\n<p>La entrada <a href=\"https:\/\/elnuevodiario.com.do\/derecha-espanola-gana-en-castilla-y-leon-los-socialistas-aguantan-y-ultraderecha-sube\/\">Derecha espa\u00f1ola gana en Castilla y Le\u00f3n, los socialistas aguantan y ultraderecha sube<\/a> se public\u00f3 primero en <a href=\"https:\/\/elnuevodiario.com.do\">El Nuevo Diario (Rep\u00fablica Dominicana)<\/a>.<\/p>\n","protected":false},"excerpt":{"rendered":"<p>MADRID. &#8211; El conservador Partido Popular (PP) ganar\u00eda las elecciones regionales de este domingo en la comunidad aut\u00f3noma espa\u00f1ola de Castilla y Le\u00f3n, aunque sin mayor\u00eda y necesitar\u00eda para gobernar a la ultraderecha (Vox), que sube al igual que los socialistas (PSOE), que aguantan como segunda fuerza. Con el 90 % de los votos escrutados,<\/p>\n","protected":false},"author":1,"featured_media":27889,"comment_status":"open","ping_status":"open","sticky":false,"template":"","format":"standard","meta":{"footnotes":""},"categories":[3],"tags":[],"class_list":["post-27888","post","type-post","status-publish","format-standard","has-post-thumbnail","hentry","category-internacionales"],"_links":{"self":[{"href":"https:\/\/acronoticias.com\/index.php\/wp-json\/wp\/v2\/posts\/27888","targetHints":{"allow":["GET"]}}],"collection":[{"href":"https:\/\/acronoticias.com\/index.php\/wp-json\/wp\/v2\/posts"}],"about":[{"href":"https:\/\/acronoticias.com\/index.php\/wp-json\/wp\/v2\/types\/post"}],"author":[{"embeddable":true,"href":"https:\/\/acronoticias.com\/index.php\/wp-json\/wp\/v2\/users\/1"}],"replies":[{"embeddable":true,"href":"https:\/\/acronoticias.com\/index.php\/wp-json\/wp\/v2\/comments?post=27888"}],"version-history":[{"count":0,"href":"https:\/\/acronoticias.com\/index.php\/wp-json\/wp\/v2\/posts\/27888\/revisions"}],"wp:featuredmedia":[{"embeddable":true,"href":"https:\/\/acronoticias.com\/index.php\/wp-json\/wp\/v2\/media\/27889"}],"wp:attachment":[{"href":"https:\/\/acronoticias.com\/index.php\/wp-json\/wp\/v2\/media?parent=27888"}],"wp:term":[{"taxonomy":"category","embeddable":true,"href":"https:\/\/acronoticias.com\/index.php\/wp-json\/wp\/v2\/categories?post=27888"},{"taxonomy":"post_tag","embeddable":true,"href":"https:\/\/acronoticias.com\/index.php\/wp-json\/wp\/v2\/tags?post=27888"}],"curies":[{"name":"wp","href":"https:\/\/api.w.org\/{rel}","templated":true}]}}