{"id":27881,"date":"2026-03-15T23:17:43","date_gmt":"2026-03-15T23:17:43","guid":{"rendered":"https:\/\/acronoticias.com\/index.php\/2026\/03\/15\/pn-asume-danos-a-vivienda-de-envejecientes-tras-operativo-en-puerto-plata\/"},"modified":"2026-03-15T23:17:43","modified_gmt":"2026-03-15T23:17:43","slug":"pn-asume-danos-a-vivienda-de-envejecientes-tras-operativo-en-puerto-plata","status":"publish","type":"post","link":"https:\/\/acronoticias.com\/index.php\/2026\/03\/15\/pn-asume-danos-a-vivienda-de-envejecientes-tras-operativo-en-puerto-plata\/","title":{"rendered":"PN asume da\u00f1os a vivienda de envejecientes tras operativo en Puerto Plata"},"content":{"rendered":"<p><img loading=\"lazy\" decoding=\"async\" width=\"355\" height=\"200\" src=\"https:\/\/nuevodiario-assets.s3.us-east-2.amazonaws.com\/wp-content\/uploads\/2026\/03\/Pareja-de-ancianos-denuncia-que-agentes-del-Dicrim-irrumpieron-por-error-en-su-vivienda-en-Puerto-Plata.jpg-1-1-355x200.jpeg\" class=\"webfeedsFeaturedVisual not-transparent wp-post-image\" alt=\"\" style=\"--dominant-color: #7e6f69;margin-bottom: 5px;clear:both;max-width: 100%\" data-has-transparency=\"false\" data-dominant-color=\"7e6f69\" \/><\/p>\n<div class=\"flex flex-col text-sm pb-25\">\n<article class=\"text-token-text-primary w-full focus:outline-none [--shadow-height:45px] has-data-writing-block:pointer-events-none has-data-writing-block:-mt-(--shadow-height) has-data-writing-block:pt-(--shadow-height) [&amp;:has([data-writing-block])&gt;*]:pointer-events-auto scroll-mt-[calc(var(--header-height)+min(200px,max(70px,20svh)))]\" dir=\"auto\" data-turn-id=\"request-WEB:a58be063-6435-4996-afe1-ddd218a41dfb-5\" data-testid=\"conversation-turn-12\" data-scroll-anchor=\"true\" data-turn=\"assistant\">\n<div class=\"text-base my-auto mx-auto pb-10 [--thread-content-margin:var(--thread-content-margin-xs,calc(var(--spacing)*4))] @w-sm\/main:[--thread-content-margin:var(--thread-content-margin-sm,calc(var(--spacing)*6))] @w-lg\/main:[--thread-content-margin:var(--thread-content-margin-lg,calc(var(--spacing)*16))] px-(--thread-content-margin)\">\n<div class=\"[--thread-content-max-width:40rem] @w-lg\/main:[--thread-content-max-width:48rem] mx-auto max-w-(--thread-content-max-width) flex-1 group\/turn-messages focus-visible:outline-hidden relative flex w-full min-w-0 flex-col agent-turn\">\n<div class=\"flex max-w-full flex-col gap-4 grow\">\n<div class=\"min-h-8 text-message relative flex w-full flex-col items-end gap-2 text-start break-words whitespace-normal [.text-message+&amp;]:mt-1\" dir=\"auto\" data-message-author-role=\"assistant\" data-message-id=\"94758f6a-facf-4a6d-b2a3-de0298ff0214\" data-message-model-slug=\"gpt-5-3\">\n<div class=\"flex w-full flex-col gap-1 empty:hidden\">\n<div class=\"markdown prose dark:prose-invert w-full wrap-break-word light markdown-new-styling\">\n<p data-start=\"121\" data-end=\"438\">EL NUEVO DIARIO, PUERTO PLATA.\u2013 La Polic\u00eda Nacional inform\u00f3 que sostuvo un encuentro con una pareja de adultos mayores cuya vivienda result\u00f3 afectada durante un operativo policial realizado en la comunidad de Cab\u00eda, en el municipio Imbert, provincia Puerto Plata, comprometi\u00e9ndose a reparar los da\u00f1os ocasionados.<\/p>\n<p data-start=\"440\" data-end=\"704\">De acuerdo con la instituci\u00f3n, el subdirector regional de Investigaciones (Dicrim) en Santiago, coronel Gerson Acosta Polanco, se present\u00f3 en la residencia de los envejecientes para dialogar con ellos sobre el incidente registrado durante la intervenci\u00f3n policial.<\/p>\n<p data-start=\"706\" data-end=\"953\">El caso se hizo viral en redes sociales luego de que se denunciara que agentes del Dicrim habr\u00edan ingresado por error a la vivienda de la pareja mientras buscaban a un presunto delincuente en la zona, provocando da\u00f1os en varias puertas de la casa.<\/p>\n<p data-start=\"955\" data-end=\"1201\">Durante el encuentro, el oficial explic\u00f3 a los residentes las circunstancias que dieron origen al hecho, ofreci\u00f3 disculpas en nombre de la instituci\u00f3n y garantiz\u00f3 que la Polic\u00eda Nacional asumir\u00e1 la reparaci\u00f3n de los da\u00f1os causados en la vivienda.<\/p>\n<p><a href=\"https:\/\/videos.files.wordpress.com\/cBVn0XEm\/pn-asume-danos-a-casa-de-envejecientes-tras-incidente-en-operativo-en-puerto-plata.mp4\">pn-asume-danos-a-casa-de-envejecientes-tras-incidente-en-operativo-en-puerto-plata-mp4<\/a><\/p>\n<p data-start=\"1203\" data-end=\"1408\">Asimismo, en el marco de una reuni\u00f3n comunitaria realizada en el sector, se inform\u00f3 que personas desaprensivas han estado merodeando el \u00e1rea, situaci\u00f3n que motiv\u00f3 los operativos policiales en la comunidad.<\/p>\n<p data-start=\"1410\" data-end=\"1578\">Seg\u00fan indic\u00f3 la instituci\u00f3n, tanto los afectados como comunitarios presentes valoraron la visita del oficial y el compromiso asumido por la Polic\u00eda frente al incidente.<\/p>\n<p data-start=\"1580\" data-end=\"1844\" data-is-last-node=\"\" data-is-only-node=\"\"><strong>Sobre lo sucedido\u00a0<\/strong><\/p>\n<\/div>\n<p data-start=\"1580\" data-end=\"1844\" data-is-last-node=\"\" data-is-only-node=\"\">Una pareja de esposos de avanzada edad denunci\u00f3 que agentes de la Direcci\u00f3n Central de Investigaciones Criminales (Dicrim) irrumpieron por error en su vivienda durante un confuso operativo en la comunidad de Cab\u00eda, en Imbert, provincia Puerto Plata, mientras supuestamente buscaban a un presunto delincuente que hab\u00eda escapado.<\/p>\n<p>Los afectados fueron identificados como Feliciano Francisco, de 86 a\u00f1os, y Demetrina Fabi\u00e1n, de 80, quienes aseguran que varios agentes encapuchados llegaron hasta su residencia y forzaron la entrada, provocando da\u00f1os en la propiedad.<\/p>\n<p>De acuerdo con el relato de los envejecientes, los polic\u00edas rompieron dos puertas de hierro y varias de madera para ingresar a la vivienda, sin percatarse de que en el lugar residen personas mayores que no tienen v\u00ednculos con actividades delictivas.<\/p>\n<\/div>\n<\/div>\n<\/div>\n<\/div>\n<\/div>\n<\/article>\n<\/div>\n<p>La entrada <a href=\"https:\/\/elnuevodiario.com.do\/pn-asume-danos-a-vivienda-de-envejecientes-tras-operativo-en-puerto-plata\/\">PN asume da\u00f1os a vivienda de envejecientes tras operativo en Puerto Plata<\/a> se public\u00f3 primero en <a href=\"https:\/\/elnuevodiario.com.do\">El Nuevo Diario (Rep\u00fablica Dominicana)<\/a>.<\/p>\n","protected":false},"excerpt":{"rendered":"<p>EL NUEVO DIARIO, PUERTO PLATA.\u2013 La Polic\u00eda Nacional inform\u00f3 que sostuvo un encuentro con una pareja de adultos mayores cuya vivienda result\u00f3 afectada durante un operativo policial realizado en la comunidad de Cab\u00eda, en el municipio Imbert, provincia Puerto Plata, comprometi\u00e9ndose a reparar los da\u00f1os ocasionados. De acuerdo con la instituci\u00f3n, el subdirector regional de<\/p>\n","protected":false},"author":1,"featured_media":27710,"comment_status":"open","ping_status":"open","sticky":false,"template":"","format":"standard","meta":{"footnotes":""},"categories":[1],"tags":[],"class_list":["post-27881","post","type-post","status-publish","format-standard","has-post-thumbnail","hentry","category-nacionales"],"_links":{"self":[{"href":"https:\/\/acronoticias.com\/index.php\/wp-json\/wp\/v2\/posts\/27881","targetHints":{"allow":["GET"]}}],"collection":[{"href":"https:\/\/acronoticias.com\/index.php\/wp-json\/wp\/v2\/posts"}],"about":[{"href":"https:\/\/acronoticias.com\/index.php\/wp-json\/wp\/v2\/types\/post"}],"author":[{"embeddable":true,"href":"https:\/\/acronoticias.com\/index.php\/wp-json\/wp\/v2\/users\/1"}],"replies":[{"embeddable":true,"href":"https:\/\/acronoticias.com\/index.php\/wp-json\/wp\/v2\/comments?post=27881"}],"version-history":[{"count":0,"href":"https:\/\/acronoticias.com\/index.php\/wp-json\/wp\/v2\/posts\/27881\/revisions"}],"wp:featuredmedia":[{"embeddable":true,"href":"https:\/\/acronoticias.com\/index.php\/wp-json\/wp\/v2\/media\/27710"}],"wp:attachment":[{"href":"https:\/\/acronoticias.com\/index.php\/wp-json\/wp\/v2\/media?parent=27881"}],"wp:term":[{"taxonomy":"category","embeddable":true,"href":"https:\/\/acronoticias.com\/index.php\/wp-json\/wp\/v2\/categories?post=27881"},{"taxonomy":"post_tag","embeddable":true,"href":"https:\/\/acronoticias.com\/index.php\/wp-json\/wp\/v2\/tags?post=27881"}],"curies":[{"name":"wp","href":"https:\/\/api.w.org\/{rel}","templated":true}]}}