{"id":27833,"date":"2026-03-15T18:58:36","date_gmt":"2026-03-15T18:58:36","guid":{"rendered":"https:\/\/acronoticias.com\/index.php\/2026\/03\/15\/muchos-vicios-empiezan-con-un-cafe-dice-adventista-durante-marcha-contra-alcoholismo\/"},"modified":"2026-03-15T18:58:36","modified_gmt":"2026-03-15T18:58:36","slug":"muchos-vicios-empiezan-con-un-cafe-dice-adventista-durante-marcha-contra-alcoholismo","status":"publish","type":"post","link":"https:\/\/acronoticias.com\/index.php\/2026\/03\/15\/muchos-vicios-empiezan-con-un-cafe-dice-adventista-durante-marcha-contra-alcoholismo\/","title":{"rendered":"\u201cMuchos vicios empiezan con un caf\u00e9\u201d, dice adventista durante marcha contra alcoholismo"},"content":{"rendered":"<p><img loading=\"lazy\" decoding=\"async\" width=\"355\" height=\"200\" src=\"https:\/\/nuevodiario-assets.s3.us-east-2.amazonaws.com\/wp-content\/uploads\/2026\/03\/Adventistas-marcharon-este-domingo-para-concienciar-sobre-el-consumo-de-alcohol-y-cafe-al-advertir-que-pueden-conducir-a-otros-vicios.jpg-355x200.jpeg\" class=\"webfeedsFeaturedVisual not-transparent wp-post-image\" alt=\"\" style=\"--dominant-color: #5a4b4a;margin-bottom: 5px;clear:both;max-width: 100%\" data-has-transparency=\"false\" data-dominant-color=\"5a4b4a\" \/><\/p>\n<p><strong>EL NUEVO DIARIO, SANTO DOMINGO. \u2013<\/strong> Miembros de la Iglesia Adventista del S\u00e9ptimo D\u00eda realizaron este domingo una marcha con el objetivo de concienciar a la poblaci\u00f3n sobre los riesgos asociados al consumo de alcohol y caf\u00e9, al advertir que estas pr\u00e1cticas pueden conducir a otros vicios y provocar da\u00f1os en la salud y en la sociedad.<\/p>\n<p>Durante la actividad, una de las participantes, Soyla Ad\u00f3n Vidal, afirm\u00f3 que el consumo de caf\u00e9 puede iniciar a los j\u00f3venes en otros h\u00e1bitos, al considerar que esta bebida \u201cprepara\u201d para el uso del tabaco y posteriormente para el alcohol.<\/p>\n<p>En ese sentido, declar\u00f3 que \u201cel alcoholismo, los vicios son acumulativos y se ayudan unos a otros\u201d, al sugerir que el h\u00e1bito cotidiano podr\u00eda convertirse en una adicci\u00f3n.<\/p>\n<p>Ad\u00f3n Vidal sostuvo que el consumo de ciertas bebidas puede iniciar desde etapas tempranas en el hogar. \u201cMuchas madres no entienden que inician a sus hijos en la droga cuando le ense\u00f1an a tomar caf\u00e9. Muchas madres no entienden que el caf\u00e9 prepara a su hijo para uso del tabaco\u201d, argument\u00f3.<\/p>\n<p>Asimismo, asegur\u00f3 que existe una relaci\u00f3n entre el consumo de caf\u00e9 y el h\u00e1bito de fumar. \u201cUsted no va a encontrar un 1 % de fumador que no beba caf\u00e9. Pero adem\u00e1s el caf\u00e9 y el tabaco preparan para el alcoholismo\u201d, indic\u00f3.<\/p>\n<p>En sus declaraciones, tambi\u00e9n advirti\u00f3 sobre los efectos del alcoholismo en distintos \u00e1mbitos de la sociedad. \u201cEl alcoholismo provoca da\u00f1os terribles. Nosotros tenemos jueces alcoh\u00f3licos, profesores alcoh\u00f3licos, m\u00e9dicos alcoh\u00f3licos. Hemos tenido hasta presidentes alcoh\u00f3licos\u201d, asegur\u00f3.<\/p>\n<p>Al referirse a la posible relaci\u00f3n entre el consumo de alcohol y la violencia, cit\u00f3 lo que atribuy\u00f3 a un juez de Filadelfia. \u201cNo existe un caso en 20 cuando la vida de un hombre cae en nuevo ante un tribunal que la causa directa o indirecta no sea el consumo de alcohol. El consumo de alcohol y la sangre, el derramamiento de sangre van de la mano\u201d, concluy\u00f3.<\/p>\n<p>&nbsp;<\/p>\n<p>NLP\/<\/p>\n<p>La entrada <a href=\"https:\/\/elnuevodiario.com.do\/muchos-vicios-empiezan-con-un-cafe-dice-adventista-durante-marcha-contra-alcoholismo\/\">\u201cMuchos vicios empiezan con un caf\u00e9\u201d, dice adventista durante marcha contra alcoholismo<\/a> se public\u00f3 primero en <a href=\"https:\/\/elnuevodiario.com.do\">El Nuevo Diario (Rep\u00fablica Dominicana)<\/a>.<\/p>\n","protected":false},"excerpt":{"rendered":"<p>EL NUEVO DIARIO, SANTO DOMINGO. \u2013 Miembros de la Iglesia Adventista del S\u00e9ptimo D\u00eda realizaron este domingo una marcha con el objetivo de concienciar a la poblaci\u00f3n sobre los riesgos asociados al consumo de alcohol y caf\u00e9, al advertir que estas pr\u00e1cticas pueden conducir a otros vicios y provocar da\u00f1os en la salud y en<\/p>\n","protected":false},"author":1,"featured_media":27834,"comment_status":"open","ping_status":"open","sticky":false,"template":"","format":"standard","meta":{"footnotes":""},"categories":[1],"tags":[],"class_list":["post-27833","post","type-post","status-publish","format-standard","has-post-thumbnail","hentry","category-nacionales"],"_links":{"self":[{"href":"https:\/\/acronoticias.com\/index.php\/wp-json\/wp\/v2\/posts\/27833","targetHints":{"allow":["GET"]}}],"collection":[{"href":"https:\/\/acronoticias.com\/index.php\/wp-json\/wp\/v2\/posts"}],"about":[{"href":"https:\/\/acronoticias.com\/index.php\/wp-json\/wp\/v2\/types\/post"}],"author":[{"embeddable":true,"href":"https:\/\/acronoticias.com\/index.php\/wp-json\/wp\/v2\/users\/1"}],"replies":[{"embeddable":true,"href":"https:\/\/acronoticias.com\/index.php\/wp-json\/wp\/v2\/comments?post=27833"}],"version-history":[{"count":0,"href":"https:\/\/acronoticias.com\/index.php\/wp-json\/wp\/v2\/posts\/27833\/revisions"}],"wp:featuredmedia":[{"embeddable":true,"href":"https:\/\/acronoticias.com\/index.php\/wp-json\/wp\/v2\/media\/27834"}],"wp:attachment":[{"href":"https:\/\/acronoticias.com\/index.php\/wp-json\/wp\/v2\/media?parent=27833"}],"wp:term":[{"taxonomy":"category","embeddable":true,"href":"https:\/\/acronoticias.com\/index.php\/wp-json\/wp\/v2\/categories?post=27833"},{"taxonomy":"post_tag","embeddable":true,"href":"https:\/\/acronoticias.com\/index.php\/wp-json\/wp\/v2\/tags?post=27833"}],"curies":[{"name":"wp","href":"https:\/\/api.w.org\/{rel}","templated":true}]}}