{"id":27831,"date":"2026-03-15T18:45:36","date_gmt":"2026-03-15T18:45:36","guid":{"rendered":"https:\/\/acronoticias.com\/index.php\/2026\/03\/15\/iran-arresta-a-18-personas-por-filtrar-fotos-de-bombardeos-a-medios-vinculados-con-israel\/"},"modified":"2026-03-15T18:45:36","modified_gmt":"2026-03-15T18:45:36","slug":"iran-arresta-a-18-personas-por-filtrar-fotos-de-bombardeos-a-medios-vinculados-con-israel","status":"publish","type":"post","link":"https:\/\/acronoticias.com\/index.php\/2026\/03\/15\/iran-arresta-a-18-personas-por-filtrar-fotos-de-bombardeos-a-medios-vinculados-con-israel\/","title":{"rendered":"Ir\u00e1n arresta a 18 personas por filtrar fotos de bombardeos a medios vinculados con Israel"},"content":{"rendered":"<p><img loading=\"lazy\" decoding=\"async\" width=\"355\" height=\"200\" src=\"https:\/\/nuevodiario-assets.s3.us-east-2.amazonaws.com\/wp-content\/uploads\/2026\/03\/Iran-arresta-a-18-personas-por-filtrar-fotos-de-bombardeos-a-medios-vinculados-con-Israel-355x200.jpg\" class=\"webfeedsFeaturedVisual not-transparent wp-post-image\" alt=\"\" style=\"--dominant-color: #68605c;margin-bottom: 5px;clear:both;max-width: 100%\" data-has-transparency=\"false\" data-dominant-color=\"68605c\" \/><\/p>\n<div class=\"px-md-0 px-2\">\n<p>Teher\u00e1n.- El Ministerio de Inteligencia de Ir\u00e1n anunci\u00f3 este domingo la detenci\u00f3n de 18 personas, a las que tach\u00f3 de \u00abmercenarios\u00bb, acusadas de captar im\u00e1genes de los lugares de bombardeos y enviarlas a medios vinculados con Israel.<\/p>\n<\/div>\n<div id=\"\" class=\"d-flex flex-column flex-md-row no-gutters\">\n<div class=\"col-xl-8 col-md-8 .col-sm-11 col-xs-12 detalleALL\">\n<div class=\"p-4 m-0 BOX-light \">\n<p>La agencia Fars asegur\u00f3 que estas personas forman parte de una \u00abred terrorista internacional ligada al aparato medi\u00e1tico del r\u00e9gimen sionista\u00bb, a la que remitieron fotos de los sitios atacados por el \u00abenemigo\u00bb, posiciones de equipos de rescate y puestos de control.<\/p>\n<p>Este s\u00e1bado, las autoridades iran\u00edes anunciaron la detenci\u00f3n de 93 supuestos \u00abalborotadores mon\u00e1rquicos\u00bb que buscaban \u00abincitar a la opini\u00f3n p\u00fablica\u00bb, \u00abesp\u00edas\u00bb que enviaban informaci\u00f3n de inter\u00e9s militar al enemigo y \u00abterroristas\u00bb.<\/p>\n<p>La Revoluci\u00f3n Isl\u00e1mica de 1979 puso fin a la monarqu\u00eda en el pa\u00eds persa y ahora uno de los principales opositores a la teocracia iran\u00ed es Reza Pahlavi, hijo del \u00faltimo sha.<\/p>\n<p>Desde el comienzo de la guerra el 28 de febrero con Estados Unidos e Israel, se han disparado las detenciones en la Rep\u00fablica Isl\u00e1mica de supuestos colaboracionistas con los pa\u00edses enemigos y opositores.<\/p>\n<p>ms\/vh<\/p>\n<\/div>\n<\/div>\n<\/div>\n<p>La entrada <a href=\"https:\/\/elnuevodiario.com.do\/iran-arresta-a-18-personas-por-filtrar-fotos-de-bombardeos-a-medios-vinculados-con-israel\/\">Ir\u00e1n arresta a 18 personas por filtrar fotos de bombardeos a medios vinculados con Israel<\/a> se public\u00f3 primero en <a href=\"https:\/\/elnuevodiario.com.do\">El Nuevo Diario (Rep\u00fablica Dominicana)<\/a>.<\/p>\n","protected":false},"excerpt":{"rendered":"<p>Teher\u00e1n.- El Ministerio de Inteligencia de Ir\u00e1n anunci\u00f3 este domingo la detenci\u00f3n de 18 personas, a las que tach\u00f3 de \u00abmercenarios\u00bb, acusadas de captar im\u00e1genes de los lugares de bombardeos y enviarlas a medios vinculados con Israel. La agencia Fars asegur\u00f3 que estas personas forman parte de una \u00abred terrorista internacional ligada al aparato medi\u00e1tico<\/p>\n","protected":false},"author":1,"featured_media":27832,"comment_status":"open","ping_status":"open","sticky":false,"template":"","format":"standard","meta":{"footnotes":""},"categories":[3],"tags":[],"class_list":["post-27831","post","type-post","status-publish","format-standard","has-post-thumbnail","hentry","category-internacionales"],"_links":{"self":[{"href":"https:\/\/acronoticias.com\/index.php\/wp-json\/wp\/v2\/posts\/27831","targetHints":{"allow":["GET"]}}],"collection":[{"href":"https:\/\/acronoticias.com\/index.php\/wp-json\/wp\/v2\/posts"}],"about":[{"href":"https:\/\/acronoticias.com\/index.php\/wp-json\/wp\/v2\/types\/post"}],"author":[{"embeddable":true,"href":"https:\/\/acronoticias.com\/index.php\/wp-json\/wp\/v2\/users\/1"}],"replies":[{"embeddable":true,"href":"https:\/\/acronoticias.com\/index.php\/wp-json\/wp\/v2\/comments?post=27831"}],"version-history":[{"count":0,"href":"https:\/\/acronoticias.com\/index.php\/wp-json\/wp\/v2\/posts\/27831\/revisions"}],"wp:featuredmedia":[{"embeddable":true,"href":"https:\/\/acronoticias.com\/index.php\/wp-json\/wp\/v2\/media\/27832"}],"wp:attachment":[{"href":"https:\/\/acronoticias.com\/index.php\/wp-json\/wp\/v2\/media?parent=27831"}],"wp:term":[{"taxonomy":"category","embeddable":true,"href":"https:\/\/acronoticias.com\/index.php\/wp-json\/wp\/v2\/categories?post=27831"},{"taxonomy":"post_tag","embeddable":true,"href":"https:\/\/acronoticias.com\/index.php\/wp-json\/wp\/v2\/tags?post=27831"}],"curies":[{"name":"wp","href":"https:\/\/api.w.org\/{rel}","templated":true}]}}