{"id":27828,"date":"2026-03-15T18:35:56","date_gmt":"2026-03-15T18:35:56","guid":{"rendered":"https:\/\/acronoticias.com\/index.php\/2026\/03\/15\/persio-maldonado-resalta-impacto-del-open-copa-cap-cana-2026-en-el-posicionamiento-del-tenis-dominicano\/"},"modified":"2026-03-15T18:35:56","modified_gmt":"2026-03-15T18:35:56","slug":"persio-maldonado-resalta-impacto-del-open-copa-cap-cana-2026-en-el-posicionamiento-del-tenis-dominicano","status":"publish","type":"post","link":"https:\/\/acronoticias.com\/index.php\/2026\/03\/15\/persio-maldonado-resalta-impacto-del-open-copa-cap-cana-2026-en-el-posicionamiento-del-tenis-dominicano\/","title":{"rendered":"Persio Maldonado resalta impacto del Open Copa Cap Cana 2026 en el posicionamiento del tenis dominicano"},"content":{"rendered":"<p><img loading=\"lazy\" decoding=\"async\" width=\"355\" height=\"200\" src=\"https:\/\/nuevodiario-assets.s3.us-east-2.amazonaws.com\/wp-content\/uploads\/2026\/02\/Persio-Maldonado-Sanchez-355x200.jpeg\" class=\"webfeedsFeaturedVisual not-transparent wp-post-image\" alt=\"Persio Maldonado S\u00e1nchez, director de El Nuevo Diario. (Foto : Abranny Arias Melo)\" style=\"--dominant-color: #665f6a;margin-bottom: 5px;clear:both;max-width: 100%\" data-has-transparency=\"false\" data-dominant-color=\"665f6a\" \/><\/p>\n<p>EL NUEVO DIARIO, SANTO DOMINGO.-\u00a0 El presidente de la Federaci\u00f3n Dominicana de Tenis (Fedotenis), Persio Maldonado, destac\u00f3 que la celebraci\u00f3n de la segunda edici\u00f3n del\u00a0Open \u2013 Copa Cap Cana 2026\u00a0ayuda a colocar a la Rep\u00fablica Dominicana en el mapa mundial del tenis.<\/p>\n<div>\n<div>\n<div>\u00abEs uno de los eventos m\u00e1s importantes que se celebra en Am\u00e9rica Latina, lo que quiere decir que coloca al pa\u00eds en el mapa mundial del tenis. Segundo, lo coloca tambi\u00e9n en un escenario m\u00faltiple porque est\u00e1 entre Indian Wells, Cap Cana y Miami, lo que quiere decir que los jugadores fluyen en esos tres torneos\u00bb, expres\u00f3.<\/div>\n<div><\/div>\n<div>Asimismo, se\u00f1al\u00f3 que la celebraci\u00f3n del Open \u2013 Copa Cap Cana tiene un gran impacto en el pa\u00eds porque coincide con la pol\u00edtica p\u00fablica de impulsar el deporte como un eje transversal del turismo, fortaleciendo as\u00ed la proyecci\u00f3n internacional del pa\u00eds como destino para eventos deportivos de alto nivel.<\/div>\n<div>\n<p>De igual forma, Maldonado S\u00e1nchez resalt\u00f3 que el torneo brinda una oportunidad importante para los tenistas dominicanos, ya que los organizadores facilitan su participaci\u00f3n, permitiendo que atletas locales puedan competir en un escenario internacional, incluso aquellos que a\u00fan est\u00e1n en proceso de desarrollo competitivo.<\/p>\n<p>Esta cobertura especial llega a ustedes gracias a Cap Cana.<\/p>\n<\/div>\n<\/div>\n<\/div>\n<p>La entrada <a href=\"https:\/\/elnuevodiario.com.do\/persio-maldonado-resalta-impacto-del-open-copa-cap-cana-2026-en-el-posicionamiento-del-tenis-dominicano\/\">Persio Maldonado resalta impacto del Open Copa Cap Cana 2026 en el posicionamiento del tenis dominicano<\/a> se public\u00f3 primero en <a href=\"https:\/\/elnuevodiario.com.do\">El Nuevo Diario (Rep\u00fablica Dominicana)<\/a>.<\/p>\n","protected":false},"excerpt":{"rendered":"<p>EL NUEVO DIARIO, SANTO DOMINGO.-\u00a0 El presidente de la Federaci\u00f3n Dominicana de Tenis (Fedotenis), Persio Maldonado, destac\u00f3 que la celebraci\u00f3n de la segunda edici\u00f3n del\u00a0Open \u2013 Copa Cap Cana 2026\u00a0ayuda a colocar a la Rep\u00fablica Dominicana en el mapa mundial del tenis. \u00abEs uno de los eventos m\u00e1s importantes que se celebra en Am\u00e9rica Latina,<\/p>\n","protected":false},"author":1,"featured_media":24266,"comment_status":"open","ping_status":"open","sticky":false,"template":"","format":"standard","meta":{"footnotes":""},"categories":[2],"tags":[],"class_list":["post-27828","post","type-post","status-publish","format-standard","has-post-thumbnail","hentry","category-deporte"],"_links":{"self":[{"href":"https:\/\/acronoticias.com\/index.php\/wp-json\/wp\/v2\/posts\/27828","targetHints":{"allow":["GET"]}}],"collection":[{"href":"https:\/\/acronoticias.com\/index.php\/wp-json\/wp\/v2\/posts"}],"about":[{"href":"https:\/\/acronoticias.com\/index.php\/wp-json\/wp\/v2\/types\/post"}],"author":[{"embeddable":true,"href":"https:\/\/acronoticias.com\/index.php\/wp-json\/wp\/v2\/users\/1"}],"replies":[{"embeddable":true,"href":"https:\/\/acronoticias.com\/index.php\/wp-json\/wp\/v2\/comments?post=27828"}],"version-history":[{"count":0,"href":"https:\/\/acronoticias.com\/index.php\/wp-json\/wp\/v2\/posts\/27828\/revisions"}],"wp:featuredmedia":[{"embeddable":true,"href":"https:\/\/acronoticias.com\/index.php\/wp-json\/wp\/v2\/media\/24266"}],"wp:attachment":[{"href":"https:\/\/acronoticias.com\/index.php\/wp-json\/wp\/v2\/media?parent=27828"}],"wp:term":[{"taxonomy":"category","embeddable":true,"href":"https:\/\/acronoticias.com\/index.php\/wp-json\/wp\/v2\/categories?post=27828"},{"taxonomy":"post_tag","embeddable":true,"href":"https:\/\/acronoticias.com\/index.php\/wp-json\/wp\/v2\/tags?post=27828"}],"curies":[{"name":"wp","href":"https:\/\/api.w.org\/{rel}","templated":true}]}}