{"id":27826,"date":"2026-03-15T18:25:22","date_gmt":"2026-03-15T18:25:22","guid":{"rendered":"https:\/\/acronoticias.com\/index.php\/2026\/03\/15\/carolina-mejia-y-grupo-de-medios-panorama-impulsan-transmision-publica-del-clasico-mundial-en-alcaldias\/"},"modified":"2026-03-15T18:25:22","modified_gmt":"2026-03-15T18:25:22","slug":"carolina-mejia-y-grupo-de-medios-panorama-impulsan-transmision-publica-del-clasico-mundial-en-alcaldias","status":"publish","type":"post","link":"https:\/\/acronoticias.com\/index.php\/2026\/03\/15\/carolina-mejia-y-grupo-de-medios-panorama-impulsan-transmision-publica-del-clasico-mundial-en-alcaldias\/","title":{"rendered":"Carolina Mej\u00eda y Grupo de Medios Panorama impulsan transmisi\u00f3n p\u00fablica del Cl\u00e1sico Mundial en alcald\u00edas"},"content":{"rendered":"<p><img decoding=\"async\" width=\"355\" height=\"200\" src=\"https:\/\/nuevodiario-assets.s3.us-east-2.amazonaws.com\/wp-content\/uploads\/2026\/03\/Carolina-Mejia-y-Grupo-de-Medios-Panorama-impulsan-transmision-publica-del-Clasico-Mundial-en-alcaldias-4-355x200.jpeg\" class=\"webfeedsFeaturedVisual not-transparent wp-post-image\" alt=\"\" style=\"--dominant-color: #866f6d;margin-bottom: 5px;clear:both;max-width: 100%\" loading=\"lazy\" data-has-transparency=\"false\" data-dominant-color=\"866f6d\" \/><\/p>\n<p><strong>EL NUEVO DIARIO, SANTO DOMINGO.\u2013<\/strong>\u00a0La alcaldesa del Distrito Nacional, Carolina Mej\u00eda, en colaboraci\u00f3n con Grupo de Medios Panorama, expresaron este domingo que impulsan la transmisi\u00f3n p\u00fablica del partido entre Rep\u00fablica Dominicana y Estados Unidos, correspondiente al Cl\u00e1sico Mundial de B\u00e9isbol, en diversas alcald\u00edas del pa\u00eds.<\/p>\n<p>La iniciativa busca replicar el \u00e9xito de las transmisiones realizadas en la Plaza Santo Domingo y el malec\u00f3n de la capital, permitiendo que miles de dominicanos se congreguen en espacios p\u00fablicos para disfrutar del crucial encuentro este domingo. El partido definir\u00e1 cu\u00e1l de las dos selecciones avanzar\u00e1 a la siguiente etapa del torneo internacional, seg\u00fan detalla un comunicado de prensa.<\/p>\n<p>En ese sentido, Mej\u00eda inform\u00f3 que ha ofrecido asesor\u00eda y apoyo log\u00edstico a las alcald\u00edas, compartiendo la experiencia organizativa utilizada en la capital, que incluye la instalaci\u00f3n de pantallas gigantes, la organizaci\u00f3n de \u00e1reas para espectadores, la coordinaci\u00f3n de seguridad y la habilitaci\u00f3n de servicios b\u00e1sicos para garantizar un ambiente familiar.<\/p>\n<figure id=\"attachment_3049225\" aria-describedby=\"caption-attachment-3049225\" style=\"width: 2560px\" class=\"wp-caption alignnone\"><img loading=\"lazy\" decoding=\"async\" data-recalc-dims=\"1\" data-dominant-color=\"694c4e\" data-has-transparency=\"false\" style=\"--dominant-color: #694c4e\" class=\"wp-image-3049225 size-full not-transparent\" src=\"https:\/\/i0.wp.com\/nuevodiario-assets.s3.us-east-2.amazonaws.com\/wp-content\/uploads\/2026\/03\/Carolina-Mejia-y-Grupo-de-Medios-Panorama-impulsan-transmision-publica-del-Clasico-Mundial-en-alcaldias-2.jpeg?resize=640%2C427&#038;quality=100&#038;ssl=1\" alt=\"\" width=\"640\" height=\"427\" \/><figcaption id=\"caption-attachment-3049225\" class=\"wp-caption-text\"><strong>Carolina Mej\u00eda y Grupo de Medios Panorama impulsan transmisi\u00f3n p\u00fablica del Cl\u00e1sico Mundial en alcald\u00edas. (Foto: ADN).<\/strong><\/figcaption><\/figure>\n<p>A\u00f1ade que, entre las provincias que se han sumado a la iniciativa se encuentran Santo Domingo, Hermanas Mirabal, Espaillat, Santiago, Duarte, Monse\u00f1or Nouel, San Crist\u00f3bal, Peravia, La Romana, San Pedro de Macor\u00eds, Hato Mayor, La Vega, El Seibo e Hig\u00fcey, entre otras.<\/p>\n<figure id=\"attachment_3049226\" aria-describedby=\"caption-attachment-3049226\" style=\"width: 2560px\" class=\"wp-caption alignnone\"><img loading=\"lazy\" decoding=\"async\" data-recalc-dims=\"1\" data-dominant-color=\"3e3931\" data-has-transparency=\"false\" style=\"--dominant-color: #3e3931\" class=\"wp-image-3049226 size-full not-transparent\" src=\"https:\/\/i0.wp.com\/nuevodiario-assets.s3.us-east-2.amazonaws.com\/wp-content\/uploads\/2026\/03\/Carolina-Mejia-y-Grupo-de-Medios-Panorama-impulsan-transmision-publica-del-Clasico-Mundial-en-alcaldias-3.jpeg?resize=640%2C360&#038;quality=100&#038;ssl=1\" alt=\"\" width=\"640\" height=\"360\" \/><figcaption id=\"caption-attachment-3049226\" class=\"wp-caption-text\"><strong>Carolina Mej\u00eda y Grupo de Medios Panorama impulsan transmisi\u00f3n p\u00fablica del Cl\u00e1sico Mundial en alcald\u00edas. (Foto: ADN).<\/strong><\/figcaption><\/figure>\n<p>\u201cNos alegra poder compartir esta experiencia con alcald\u00edas hermanas de distintas regiones del pa\u00eds para que m\u00e1s dominicanos puedan vivir juntos la emoci\u00f3n del b\u00e9isbol, que es una de las expresiones m\u00e1s aut\u00e9nticas de nuestra identidad nacional\u201d, expres\u00f3 Mej\u00eda.<\/p>\n<figure id=\"attachment_3049230\" aria-describedby=\"caption-attachment-3049230\" style=\"width: 2560px\" class=\"wp-caption alignnone\"><img decoding=\"async\" data-recalc-dims=\"1\" data-dominant-color=\"76645f\" data-has-transparency=\"false\" style=\"--dominant-color: #76645f\" loading=\"lazy\" class=\"wp-image-3049230 size-full not-transparent\" src=\"https:\/\/i0.wp.com\/nuevodiario-assets.s3.us-east-2.amazonaws.com\/wp-content\/uploads\/2026\/03\/Carolina-Mejia-y-Grupo-de-Medios-Panorama-impulsan-transmision-publica-del-Clasico-Mundial-en-alcaldias-5-scaled.jpeg?resize=640%2C427&#038;quality=100&#038;ssl=1\" alt=\"\" width=\"640\" height=\"427\" \/><figcaption id=\"caption-attachment-3049230\" class=\"wp-caption-text\"><strong>Carolina Mej\u00eda y Grupo de Medios Panorama impulsan transmisi\u00f3n p\u00fablica del Cl\u00e1sico Mundial en alcald\u00edas. (Foto: ADN).<\/strong><\/figcaption><\/figure>\n<p>El partido entre Rep\u00fablica Dominicana y Estados Unidos est\u00e1 programado para este domingo a las 8:00 de la noche.<\/p>\n<p>&nbsp;<\/p>\n<p>NLP\/<\/p>\n<p>La entrada <a href=\"https:\/\/elnuevodiario.com.do\/carolina-mejia-y-grupo-de-medios-panorama-impulsan-transmision-publica-del-clasico-mundial-en-alcaldias\/\">Carolina Mej\u00eda y Grupo de Medios Panorama impulsan transmisi\u00f3n p\u00fablica del Cl\u00e1sico Mundial en alcald\u00edas<\/a> se public\u00f3 primero en <a href=\"https:\/\/elnuevodiario.com.do\">El Nuevo Diario (Rep\u00fablica Dominicana)<\/a>.<\/p>\n","protected":false},"excerpt":{"rendered":"<p>EL NUEVO DIARIO, SANTO DOMINGO.\u2013\u00a0La alcaldesa del Distrito Nacional, Carolina Mej\u00eda, en colaboraci\u00f3n con Grupo de Medios Panorama, expresaron este domingo que impulsan la transmisi\u00f3n p\u00fablica del partido entre Rep\u00fablica Dominicana y Estados Unidos, correspondiente al Cl\u00e1sico Mundial de B\u00e9isbol, en diversas alcald\u00edas del pa\u00eds. La iniciativa busca replicar el \u00e9xito de las transmisiones realizadas<\/p>\n","protected":false},"author":1,"featured_media":27827,"comment_status":"open","ping_status":"open","sticky":false,"template":"","format":"standard","meta":{"footnotes":""},"categories":[1],"tags":[],"class_list":["post-27826","post","type-post","status-publish","format-standard","has-post-thumbnail","hentry","category-nacionales"],"_links":{"self":[{"href":"https:\/\/acronoticias.com\/index.php\/wp-json\/wp\/v2\/posts\/27826","targetHints":{"allow":["GET"]}}],"collection":[{"href":"https:\/\/acronoticias.com\/index.php\/wp-json\/wp\/v2\/posts"}],"about":[{"href":"https:\/\/acronoticias.com\/index.php\/wp-json\/wp\/v2\/types\/post"}],"author":[{"embeddable":true,"href":"https:\/\/acronoticias.com\/index.php\/wp-json\/wp\/v2\/users\/1"}],"replies":[{"embeddable":true,"href":"https:\/\/acronoticias.com\/index.php\/wp-json\/wp\/v2\/comments?post=27826"}],"version-history":[{"count":0,"href":"https:\/\/acronoticias.com\/index.php\/wp-json\/wp\/v2\/posts\/27826\/revisions"}],"wp:featuredmedia":[{"embeddable":true,"href":"https:\/\/acronoticias.com\/index.php\/wp-json\/wp\/v2\/media\/27827"}],"wp:attachment":[{"href":"https:\/\/acronoticias.com\/index.php\/wp-json\/wp\/v2\/media?parent=27826"}],"wp:term":[{"taxonomy":"category","embeddable":true,"href":"https:\/\/acronoticias.com\/index.php\/wp-json\/wp\/v2\/categories?post=27826"},{"taxonomy":"post_tag","embeddable":true,"href":"https:\/\/acronoticias.com\/index.php\/wp-json\/wp\/v2\/tags?post=27826"}],"curies":[{"name":"wp","href":"https:\/\/api.w.org\/{rel}","templated":true}]}}