{"id":27822,"date":"2026-03-15T17:52:38","date_gmt":"2026-03-15T17:52:38","guid":{"rendered":"https:\/\/acronoticias.com\/index.php\/2026\/03\/15\/ligia-bonetti-invita-a-los-jovenes-a-alzar-la-voz-y-enfrentar-retos-con-soluciones\/"},"modified":"2026-03-15T17:52:38","modified_gmt":"2026-03-15T17:52:38","slug":"ligia-bonetti-invita-a-los-jovenes-a-alzar-la-voz-y-enfrentar-retos-con-soluciones","status":"publish","type":"post","link":"https:\/\/acronoticias.com\/index.php\/2026\/03\/15\/ligia-bonetti-invita-a-los-jovenes-a-alzar-la-voz-y-enfrentar-retos-con-soluciones\/","title":{"rendered":"Ligia Bonetti invita a los j\u00f3venes a alzar la voz y enfrentar retos con soluciones"},"content":{"rendered":"<p><img decoding=\"async\" width=\"355\" height=\"200\" src=\"https:\/\/nuevodiario-assets.s3.us-east-2.amazonaws.com\/wp-content\/uploads\/2026\/03\/Foto-Ligia-Bonetti.jpg-355x200.jpeg\" class=\"webfeedsFeaturedVisual not-transparent wp-post-image\" alt=\"\" style=\"--dominant-color: #767271;margin-bottom: 5px;clear:both;max-width: 100%\" loading=\"lazy\" data-has-transparency=\"false\" data-dominant-color=\"767271\" \/><\/p>\n<p>&nbsp;<\/p>\n<p>EL NUEVO DIARIO, LA VEGA. &#8211; La presidenta ejecutiva de Grupo SID, Ligia Bonetti, particip\u00f3 como oradora principal en el evento Women Plus, organizado por la revista Los Plus RD, un encuentro que reuni\u00f3 a l\u00edderes empresariales, profesionales y j\u00f3venes de la regi\u00f3n Norte para reflexionar sobre liderazgo, prop\u00f3sito y los desaf\u00edos del empresariado dominicano.<\/p>\n<p>El evento, que convoc\u00f3 a m\u00e1s de 200 j\u00f3venes en La Vega, resalt\u00f3 la relevancia estrat\u00e9gica de la regi\u00f3n Norte y, particularmente, de esta provincia, que ocupa un lugar significativo dentro de las operaciones de Grupo SID al albergar la planta de Induveca, una de las empresas emblem\u00e1ticas del grupo y un importante motor de empleo y actividad productiva en la regi\u00f3n.<\/p>\n<p>Durante su participaci\u00f3n, Bonetti sostuvo una conversaci\u00f3n abierta sobre su trayectoria profesional, su visi\u00f3n del liderazgo y los aprendizajes que han marcado su gesti\u00f3n al frente de uno de los conglomerados industriales m\u00e1s relevantes del pa\u00eds.<\/p>\n<p>Adem\u00e1s, resalt\u00f3 el rol del sector privado en la generaci\u00f3n de soluciones para los desaf\u00edos del pa\u00eds, alentando a las nuevas generaciones a participar activamente con propuestas concretas.<br \/>\n\u201cDesde donde quiera que est\u00e9n, alcen su voz, pero h\u00e1ganlo con soluciones. Es muy f\u00e1cil criticar desde la barrera; lo importante es involucrarse y contribuir a construir respuestas\u201d, expres\u00f3.<\/p>\n<p>La ejecutiva tambi\u00e9n comparti\u00f3 reflexiones sobre los inicios de su carrera dentro de la empresa familiar, destacando que nunca trabaj\u00f3 con la expectativa de asumir la presidencia ejecutiva.<br \/>\n\u201cEso me permiti\u00f3 trabajar sin esa presi\u00f3n visible y enfocarme en hacer lo que realmente me apasionaba hasta lograr destacarme. Nunca me compar\u00e9 con nadie; simplemente segu\u00ed mi camino y trat\u00e9 de dar lo mejor de m\u00ed\u201d, expres\u00f3 Bonetti.<\/p>\n<p>En relaci\u00f3n con el liderazgo femenino, Bonetti enfatiz\u00f3 que el verdadero diferenciador siempre ser\u00e1 el talento, la preparaci\u00f3n y la capacidad de generar valor. Asimismo, invit\u00f3 a las mujeres a reconocer sus fortalezas sin ver su identidad como una limitaci\u00f3n, sino como una oportunidad de complementariedad dentro del liderazgo.<\/p>\n<p>\u201cDebemos quitarnos la idea de que ser mujer es una debilidad. Abracemos lo que somos. Hay muchas cualidades que nos diferencian, y cuando hombres y mujeres trabajan juntos desde el respeto y las mismas oportunidades, se logran mejores resultados\u201d, afirm\u00f3 Ligia Bonetti.<\/p>\n<p>Al cierre de la jornada, la presidenta ejecutiva de Grupo SID recibi\u00f3 un reconocimiento especial de manos de Elmerk Jonas, director de la revista Los Plus RD, por su trayectoria y sus aportes al liderazgo empresarial en el pa\u00eds. La distinci\u00f3n reafirm\u00f3 los temas abordados durante su intervenci\u00f3n, centrados en la importancia de los valores en la gesti\u00f3n corporativa, el impacto de la sostenibilidad en las organizaciones y en la sociedad, as\u00ed como algunos h\u00e1bitos personales y lecturas que han influido en su desarrollo como l\u00edder.<\/p>\n<p><strong>Sobre Grupo SID<\/strong><\/p>\n<p>Grupo SID es uno de los mayores conglomerados de empresas de consumo masivo en la Rep\u00fablica Dominicana, compuesto por Induveca, Mercasid, Induspalma y el Escogido, con m\u00e1s de 2,000 productos y presencia en 21 pa\u00edses. Enfocada en el bienestar de sus colaboradores, aliados comerciales, consumidores y la sociedad en general, Grupo SID es reconocida como una de las mejores empresas para trabajar en el pa\u00eds. Su modelo de negocio, basado en la sostenibilidad y alineado con los principios del Pacto Global de las Naciones Unidas, le permite ofrecer productos y servicios de la m\u00e1s alta calidad, en alianza con marcas y empresas de prestigio internacional.<\/p>\n<p>&nbsp;<\/p>\n<p>La entrada <a href=\"https:\/\/elnuevodiario.com.do\/ligia-bonetti-invita-a-los-jovenes-a-alzar-la-voz-y-enfrentar-retos-con-soluciones\/\">Ligia Bonetti invita a los j\u00f3venes a alzar la voz y enfrentar retos con soluciones<\/a> se public\u00f3 primero en <a href=\"https:\/\/elnuevodiario.com.do\">El Nuevo Diario (Rep\u00fablica Dominicana)<\/a>.<\/p>\n","protected":false},"excerpt":{"rendered":"<p>&nbsp; EL NUEVO DIARIO, LA VEGA. &#8211; La presidenta ejecutiva de Grupo SID, Ligia Bonetti, particip\u00f3 como oradora principal en el evento Women Plus, organizado por la revista Los Plus RD, un encuentro que reuni\u00f3 a l\u00edderes empresariales, profesionales y j\u00f3venes de la regi\u00f3n Norte para reflexionar sobre liderazgo, prop\u00f3sito y los desaf\u00edos del empresariado<\/p>\n","protected":false},"author":1,"featured_media":27823,"comment_status":"open","ping_status":"open","sticky":false,"template":"","format":"standard","meta":{"footnotes":""},"categories":[1],"tags":[],"class_list":["post-27822","post","type-post","status-publish","format-standard","has-post-thumbnail","hentry","category-nacionales"],"_links":{"self":[{"href":"https:\/\/acronoticias.com\/index.php\/wp-json\/wp\/v2\/posts\/27822","targetHints":{"allow":["GET"]}}],"collection":[{"href":"https:\/\/acronoticias.com\/index.php\/wp-json\/wp\/v2\/posts"}],"about":[{"href":"https:\/\/acronoticias.com\/index.php\/wp-json\/wp\/v2\/types\/post"}],"author":[{"embeddable":true,"href":"https:\/\/acronoticias.com\/index.php\/wp-json\/wp\/v2\/users\/1"}],"replies":[{"embeddable":true,"href":"https:\/\/acronoticias.com\/index.php\/wp-json\/wp\/v2\/comments?post=27822"}],"version-history":[{"count":0,"href":"https:\/\/acronoticias.com\/index.php\/wp-json\/wp\/v2\/posts\/27822\/revisions"}],"wp:featuredmedia":[{"embeddable":true,"href":"https:\/\/acronoticias.com\/index.php\/wp-json\/wp\/v2\/media\/27823"}],"wp:attachment":[{"href":"https:\/\/acronoticias.com\/index.php\/wp-json\/wp\/v2\/media?parent=27822"}],"wp:term":[{"taxonomy":"category","embeddable":true,"href":"https:\/\/acronoticias.com\/index.php\/wp-json\/wp\/v2\/categories?post=27822"},{"taxonomy":"post_tag","embeddable":true,"href":"https:\/\/acronoticias.com\/index.php\/wp-json\/wp\/v2\/tags?post=27822"}],"curies":[{"name":"wp","href":"https:\/\/api.w.org\/{rel}","templated":true}]}}