{"id":27818,"date":"2026-03-15T17:35:23","date_gmt":"2026-03-15T17:35:23","guid":{"rendered":"https:\/\/acronoticias.com\/index.php\/2026\/03\/15\/procuraduria-dice-impulsara-nuevo-modelo-de-procesamiento-de-escena-del-crimen\/"},"modified":"2026-03-15T17:35:23","modified_gmt":"2026-03-15T17:35:23","slug":"procuraduria-dice-impulsara-nuevo-modelo-de-procesamiento-de-escena-del-crimen","status":"publish","type":"post","link":"https:\/\/acronoticias.com\/index.php\/2026\/03\/15\/procuraduria-dice-impulsara-nuevo-modelo-de-procesamiento-de-escena-del-crimen\/","title":{"rendered":"Procuradur\u00eda dice impulsar\u00e1 nuevo modelo de procesamiento de escena del crimen"},"content":{"rendered":"<p><img decoding=\"async\" width=\"355\" height=\"200\" src=\"https:\/\/nuevodiario-assets.s3.us-east-2.amazonaws.com\/wp-content\/uploads\/2026\/03\/Yeni-Berenice-Reynoso-355x200.jpeg\" class=\"webfeedsFeaturedVisual not-transparent wp-post-image\" alt=\"\" style=\"--dominant-color: #cbd2d8;margin-bottom: 5px;clear:both;max-width: 100%\" loading=\"lazy\" data-has-transparency=\"false\" data-dominant-color=\"cbd2d8\" \/><\/p>\n<p><strong>EL NUEVO DIARIO, SANTO DOMINGO.- <\/strong>La procuradora general de la Rep\u00fablica, <span class=\"hover:entity-accent entity-underline inline cursor-pointer align-baseline\"><span class=\"whitespace-normal\">Yeni Berenice Reynoso<\/span><\/span>, inform\u00f3 el s\u00e1bado que el Ministerio P\u00fablico avanza en la tecnificaci\u00f3n de sus procesos y anunci\u00f3 la implementaci\u00f3n de un nuevo modelo de procesamiento de la escena del crimen, en coordinaci\u00f3n con la <span class=\"hover:entity-accent entity-underline inline cursor-pointer align-baseline\"><span class=\"whitespace-normal\">Polic\u00eda Nacional<\/span><\/span>, con el prop\u00f3sito de estandarizar la calidad del servicio y garantizar respuestas m\u00e1s oportunas a la ciudadan\u00eda.<\/p>\n<p data-start=\"547\" data-end=\"1009\">Detalla en un comunicado de prensa que durante la apertura del seminario \u201cInvestigaci\u00f3n T\u00e9cnica del Ministerio P\u00fablico: herramientas y nuevos desaf\u00edos\u201d, Reynoso sostuvo que la transformaci\u00f3n del sistema de investigaci\u00f3n es necesaria para enfrentar los retos actuales de la criminalidad.<\/p>\n<p data-start=\"547\" data-end=\"1009\">\u201cNo podemos nosotros quedarnos en una metodolog\u00eda de investigaci\u00f3n que no se corresponde con los tiempos actuales, y, por esta raz\u00f3n, reitero, esa transformaci\u00f3n de las investigaciones es indetenible\u201d, puntualiz\u00f3.<\/p>\n<p data-start=\"1011\" data-end=\"1417\">En ese sentido, la procuradora explic\u00f3 que la iniciativa busca aplicarse de manera integral en todos los distritos judiciales del pa\u00eds. \u201cNosotros no queremos plan piloto; nosotros queremos entrar al cien por ciento en todos los distritos judiciales a operar. No es ni siquiera para parecer m\u00e1s modernos, es para facilitarles a los ciudadanos la posibilidad de obtener una decisi\u00f3n de manera oportuna y de calidad\u201d, afirm\u00f3.<\/p>\n<p data-start=\"2516\" data-end=\"2928\">Asimismo, Reynoso indic\u00f3 que el Ministerio P\u00fablico trabaja en la planificaci\u00f3n para la construcci\u00f3n de nuevas edificaciones del Inacif, incluyendo su sede central en Santo Domingo Este y otra en Santiago, en la avenida 27 de Febrero. Asimismo, adelant\u00f3 que a partir de abril los fiscales comenzar\u00e1n a utilizar chalecos antibalas y c\u00e1maras corporales de \u00faltima generaci\u00f3n durante las inspecciones en el lugar de los hechos.<\/p>\n<p data-start=\"2930\" data-end=\"3123\">\u201cLas c\u00e1maras corporales que ustedes van a conocer hoy sus propiedades y que ya est\u00e1n en manos del Ministerio P\u00fablico, son c\u00e1maras de \u00faltima generaci\u00f3n, lo mejor que hay en el mercado\u201d, precis\u00f3.<\/p>\n<p data-start=\"3125\" data-end=\"3318\" data-is-last-node=\"\" data-is-only-node=\"\">De su lado, Montero Beard resalt\u00f3 el impacto del programa de formaci\u00f3n, al se\u00f1alar que en el primer trimestre del a\u00f1o ya ha sido capacitado el 26 % de la matr\u00edcula de fiscales a nivel nacional.<\/p>\n<p data-start=\"1419\" data-end=\"1864\">La capacitaci\u00f3n fue organizada a trav\u00e9s del <span class=\"hover:entity-accent entity-underline inline cursor-pointer align-baseline\"><span class=\"whitespace-normal\">Instituto de Educaci\u00f3n Superior Escuela Nacional del Ministerio P\u00fablico<\/span><\/span>, reuni\u00f3 a miembros del Ministerio P\u00fablico de distintas regiones, en esta ocasi\u00f3n con especial participaci\u00f3n de fiscales de la zona este.<\/p>\n<p data-start=\"1419\" data-end=\"1864\">Durante su intervenci\u00f3n, Reynoso resalt\u00f3 que del trabajo de los fiscales dependen derechos fundamentales de la poblaci\u00f3n. \u201cPiensen que de cada acci\u00f3n nuestra puede depender la vida y la calidad de vida de una persona\u201d, manifest\u00f3.<\/p>\n<p data-start=\"1866\" data-end=\"2298\">A\u00f1ade que en el encuentro participaron el director de la <span class=\"hover:entity-accent entity-underline inline cursor-pointer align-baseline\"><span class=\"whitespace-normal\">Polic\u00eda Nacional<\/span><\/span>, mayor general <span class=\"hover:entity-accent entity-underline inline cursor-pointer align-baseline\"><span class=\"whitespace-normal\">Andr\u00e9s Modesto Cruz Cruz<\/span><\/span>; el director de la <span class=\"hover:entity-accent entity-underline inline cursor-pointer align-baseline\"><span class=\"whitespace-normal\">Escuela Nacional de la Judicatura<\/span><\/span>, <span class=\"hover:entity-accent entity-underline inline cursor-pointer align-baseline\"><span class=\"whitespace-normal\">\u00c1ngel Brito<\/span><\/span>; la rectora del IES-ENMP, <span class=\"hover:entity-accent entity-underline inline cursor-pointer align-baseline\"><span class=\"whitespace-normal\">Marien Montero Beard<\/span><\/span>, as\u00ed como el procurador adjunto <span class=\"hover:entity-accent entity-underline inline cursor-pointer align-baseline\"><span class=\"whitespace-normal\">Wilson Camacho<\/span><\/span> y la procuradora de corte <span class=\"hover:entity-accent entity-underline inline cursor-pointer align-baseline\"><span class=\"whitespace-normal\">Isaura Su\u00e1rez<\/span><\/span>.<\/p>\n<p data-start=\"2300\" data-end=\"2514\">Tambi\u00e9n asistieron el director de la Polic\u00eda Cient\u00edfica, coronel <span class=\"hover:entity-accent entity-underline inline cursor-pointer align-baseline\"><span class=\"whitespace-normal\">Fulvio Emilio Grull\u00f3n Penso<\/span><\/span>, y la directora general del <span class=\"hover:entity-accent entity-underline inline cursor-pointer align-baseline\"><span class=\"whitespace-normal\">Instituto Nacional de Ciencias Forenses<\/span><\/span>, <span class=\"hover:entity-accent entity-underline inline cursor-pointer align-baseline\"><span class=\"whitespace-normal\">Sonia Lebr\u00f3n<\/span><\/span>.<\/p>\n<p data-start=\"3125\" data-end=\"3318\" data-is-last-node=\"\" data-is-only-node=\"\">\n<p>NLP\/<\/p>\n<p>La entrada <a href=\"https:\/\/elnuevodiario.com.do\/procuraduria-dice-impulsara-nuevo-modelo-de-procesamiento-de-escena-del-crimen\/\">Procuradur\u00eda dice impulsar\u00e1 nuevo modelo de procesamiento de escena del crimen<\/a> se public\u00f3 primero en <a href=\"https:\/\/elnuevodiario.com.do\">El Nuevo Diario (Rep\u00fablica Dominicana)<\/a>.<\/p>\n","protected":false},"excerpt":{"rendered":"<p>EL NUEVO DIARIO, SANTO DOMINGO.- La procuradora general de la Rep\u00fablica, Yeni Berenice Reynoso, inform\u00f3 el s\u00e1bado que el Ministerio P\u00fablico avanza en la tecnificaci\u00f3n de sus procesos y anunci\u00f3 la implementaci\u00f3n de un nuevo modelo de procesamiento de la escena del crimen, en coordinaci\u00f3n con la Polic\u00eda Nacional, con el prop\u00f3sito de estandarizar la<\/p>\n","protected":false},"author":1,"featured_media":27819,"comment_status":"open","ping_status":"open","sticky":false,"template":"","format":"standard","meta":{"footnotes":""},"categories":[1],"tags":[],"class_list":["post-27818","post","type-post","status-publish","format-standard","has-post-thumbnail","hentry","category-nacionales"],"_links":{"self":[{"href":"https:\/\/acronoticias.com\/index.php\/wp-json\/wp\/v2\/posts\/27818","targetHints":{"allow":["GET"]}}],"collection":[{"href":"https:\/\/acronoticias.com\/index.php\/wp-json\/wp\/v2\/posts"}],"about":[{"href":"https:\/\/acronoticias.com\/index.php\/wp-json\/wp\/v2\/types\/post"}],"author":[{"embeddable":true,"href":"https:\/\/acronoticias.com\/index.php\/wp-json\/wp\/v2\/users\/1"}],"replies":[{"embeddable":true,"href":"https:\/\/acronoticias.com\/index.php\/wp-json\/wp\/v2\/comments?post=27818"}],"version-history":[{"count":0,"href":"https:\/\/acronoticias.com\/index.php\/wp-json\/wp\/v2\/posts\/27818\/revisions"}],"wp:featuredmedia":[{"embeddable":true,"href":"https:\/\/acronoticias.com\/index.php\/wp-json\/wp\/v2\/media\/27819"}],"wp:attachment":[{"href":"https:\/\/acronoticias.com\/index.php\/wp-json\/wp\/v2\/media?parent=27818"}],"wp:term":[{"taxonomy":"category","embeddable":true,"href":"https:\/\/acronoticias.com\/index.php\/wp-json\/wp\/v2\/categories?post=27818"},{"taxonomy":"post_tag","embeddable":true,"href":"https:\/\/acronoticias.com\/index.php\/wp-json\/wp\/v2\/tags?post=27818"}],"curies":[{"name":"wp","href":"https:\/\/api.w.org\/{rel}","templated":true}]}}