{"id":27810,"date":"2026-03-15T16:45:04","date_gmt":"2026-03-15T16:45:04","guid":{"rendered":"https:\/\/acronoticias.com\/index.php\/2026\/03\/15\/reportan-desaparecida-a-ayendi-camilo-diaz-familiares-piden-ayuda-para-localizarla\/"},"modified":"2026-03-15T16:45:04","modified_gmt":"2026-03-15T16:45:04","slug":"reportan-desaparecida-a-ayendi-camilo-diaz-familiares-piden-ayuda-para-localizarla","status":"publish","type":"post","link":"https:\/\/acronoticias.com\/index.php\/2026\/03\/15\/reportan-desaparecida-a-ayendi-camilo-diaz-familiares-piden-ayuda-para-localizarla\/","title":{"rendered":"Reportan desaparecida a Ayendi Camilo D\u00edaz; familiares piden ayuda para localizarla"},"content":{"rendered":"<p><img loading=\"lazy\" decoding=\"async\" width=\"355\" height=\"200\" src=\"https:\/\/nuevodiario-assets.s3.us-east-2.amazonaws.com\/wp-content\/uploads\/2026\/03\/image-2026-03-15T124401.752-355x200.jpg\" class=\"webfeedsFeaturedVisual not-transparent wp-post-image\" alt=\"\" style=\"--dominant-color: #c9bbbc;margin-bottom: 5px;clear:both;max-width: 100%\" data-has-transparency=\"false\" data-dominant-color=\"c9bbbc\" \/><\/p>\n<p>EL NUEVO DIARIO, SANTO DOMINGO. &#8211; Familiares de Ayendi Camilo D\u00edaz reportaron su desaparici\u00f3n y solicitan la colaboraci\u00f3n de la ciudadan\u00eda para obtener informaci\u00f3n que ayude a dar con su paradero, luego de que fuera vista por \u00faltima vez el pasado 9 de marzo.<\/p>\n<p>De acuerdo con sus parientes, la mujer sali\u00f3 de su casa ese d\u00eda y desde entonces no se sabe hacia d\u00f3nde se dirig\u00eda ni se ha tenido comunicaci\u00f3n con ella. Indicaron adem\u00e1s que su tel\u00e9fono celular permanece apagado.<\/p>\n<p>Ayendi Camilo D\u00edaz es madre de tres ni\u00f1os y reside junto a su madre, quien, seg\u00fan los familiares, se encuentra desesperada ante la falta de noticias sobre su hija.<\/p>\n<p>Las personas cercanas a la desaparecida se\u00f1alaron que ninguna de sus amigas ha podido aportar informaci\u00f3n sobre su ubicaci\u00f3n, y que hasta el momento no se tienen pistas sobre lo ocurrido.<\/p>\n<p>Los familiares indicaron tambi\u00e9n que, seg\u00fan su conocimiento, la mujer no ten\u00eda pareja, no presentaba se\u00f1ales de depresi\u00f3n ni padec\u00eda ninguna enfermedad.<\/p>\n<p>Ante la situaci\u00f3n, pidieron a cualquier persona que tenga informaci\u00f3n que pueda ayudar a localizarla que se comunique al 809-293-4730 con Solanny, madre de la desaparecida.<\/p>\n<p>Sus parientes exhortaron a la poblaci\u00f3n a compartir la informaci\u00f3n, se\u00f1alando que cualquier dato puede ser importante para encontrarla.<\/p>\n<p>La entrada <a href=\"https:\/\/elnuevodiario.com.do\/reportan-desaparecida-a-ayendi-camilo-diaz-familiares-piden-ayuda-para-localizarla\/\">Reportan desaparecida a Ayendi Camilo D\u00edaz; familiares piden ayuda para localizarla<\/a> se public\u00f3 primero en <a href=\"https:\/\/elnuevodiario.com.do\">El Nuevo Diario (Rep\u00fablica Dominicana)<\/a>.<\/p>\n","protected":false},"excerpt":{"rendered":"<p>EL NUEVO DIARIO, SANTO DOMINGO. &#8211; Familiares de Ayendi Camilo D\u00edaz reportaron su desaparici\u00f3n y solicitan la colaboraci\u00f3n de la ciudadan\u00eda para obtener informaci\u00f3n que ayude a dar con su paradero, luego de que fuera vista por \u00faltima vez el pasado 9 de marzo. De acuerdo con sus parientes, la mujer sali\u00f3 de su casa<\/p>\n","protected":false},"author":1,"featured_media":27811,"comment_status":"open","ping_status":"open","sticky":false,"template":"","format":"standard","meta":{"footnotes":""},"categories":[1],"tags":[],"class_list":["post-27810","post","type-post","status-publish","format-standard","has-post-thumbnail","hentry","category-nacionales"],"_links":{"self":[{"href":"https:\/\/acronoticias.com\/index.php\/wp-json\/wp\/v2\/posts\/27810","targetHints":{"allow":["GET"]}}],"collection":[{"href":"https:\/\/acronoticias.com\/index.php\/wp-json\/wp\/v2\/posts"}],"about":[{"href":"https:\/\/acronoticias.com\/index.php\/wp-json\/wp\/v2\/types\/post"}],"author":[{"embeddable":true,"href":"https:\/\/acronoticias.com\/index.php\/wp-json\/wp\/v2\/users\/1"}],"replies":[{"embeddable":true,"href":"https:\/\/acronoticias.com\/index.php\/wp-json\/wp\/v2\/comments?post=27810"}],"version-history":[{"count":0,"href":"https:\/\/acronoticias.com\/index.php\/wp-json\/wp\/v2\/posts\/27810\/revisions"}],"wp:featuredmedia":[{"embeddable":true,"href":"https:\/\/acronoticias.com\/index.php\/wp-json\/wp\/v2\/media\/27811"}],"wp:attachment":[{"href":"https:\/\/acronoticias.com\/index.php\/wp-json\/wp\/v2\/media?parent=27810"}],"wp:term":[{"taxonomy":"category","embeddable":true,"href":"https:\/\/acronoticias.com\/index.php\/wp-json\/wp\/v2\/categories?post=27810"},{"taxonomy":"post_tag","embeddable":true,"href":"https:\/\/acronoticias.com\/index.php\/wp-json\/wp\/v2\/tags?post=27810"}],"curies":[{"name":"wp","href":"https:\/\/api.w.org\/{rel}","templated":true}]}}