{"id":27652,"date":"2026-03-14T20:20:35","date_gmt":"2026-03-14T20:20:35","guid":{"rendered":"https:\/\/acronoticias.com\/index.php\/2026\/03\/14\/que-dicen-los-medicos-sobre-la-salud-de-jair-bolsonaro-tras-su-ingreso\/"},"modified":"2026-03-14T20:20:35","modified_gmt":"2026-03-14T20:20:35","slug":"que-dicen-los-medicos-sobre-la-salud-de-jair-bolsonaro-tras-su-ingreso","status":"publish","type":"post","link":"https:\/\/acronoticias.com\/index.php\/2026\/03\/14\/que-dicen-los-medicos-sobre-la-salud-de-jair-bolsonaro-tras-su-ingreso\/","title":{"rendered":"Qu\u00e9 dicen los m\u00e9dicos sobre la salud de Jair Bolsonaro tras su ingreso"},"content":{"rendered":"<div>\n<div class=\"c-detail__author full\">\n<div>\n<div class=\"c-detail__author__thumb\">\n<figure>\n                                <picture src=\"https:\/\/imagenes.hoy.com.do\/files\/image_square_xs\/uploads\/2025\/11\/18\/691c7d5bed035.jpeg\" data-size=\"w:40,h:40\">\n                                    <img decoding=\"async\" loading=\"lazy\" alt=\"EFE EFE\" width=\"40\" height=\"40\" src=\"https:\/\/imagenes.hoy.com.do\/files\/image_square_xs\/uploads\/2025\/11\/18\/691c7d5bed035.jpeg\"\/>\n                                <\/picture>\n                                <\/figure>\n<\/div>\n<\/div>\n<\/div>\n<p>                                                                                            <!-- --><\/p>\n<p class=\"paragraph\">El expresidente brasile\u00f1o Jair Bolsonaro, que cumple una condena de 27 a\u00f1os de prisi\u00f3n por golpismo, est\u00e1 &#8220;estable&#8221; tras haber sido hospitalizado el viernes por una bronconeumon\u00eda bacteriana, pese al agravamiento de su funci\u00f3n renal y del proceso inflamatorio, informaron este s\u00e1bado sus m\u00e9dicos.<\/p>\n<p class=\"paragraph\">El l\u00edder de la ultraderecha brasile\u00f1a &#8220;se encuentra estable cl\u00ednicamente, pero present\u00f3 un empeoramiento en su funci\u00f3n renal y una elevaci\u00f3n de los marcadores inflamatorios&#8221;, seg\u00fan el bolet\u00edn m\u00e9dico divulgado por el hospital DF Star de Brasilia.<\/p>\n<div class=\"c-detail__box \">\n<article class=\"c-detail__sumario \">\n<figure class=\"c-detail__sumario__thumb\" style=\"display: block;\">\n            <a href=\"#\" title=\"\">\n                <picture data-size=\"w:140,h:140\" loading=\"lazy\" src=\"https:\/\/imagenes.hoy.com.do\/files\/related_image\/files\/fp\/uploads\/2026\/03\/13\/69b4b1531a334.r_d.44-237.jpeg\" data-full-src=\"https:\/\/imagenes.hoy.com.do\/uploads\/2026\/03\/13\/69b4b1531a334.jpeg\">\n                    <img loading=\"lazy\" decoding=\"async\" width=\"140\" height=\"140\" alt=\"Como se muestra en la imagen, Bolsonaro estuvo interno en el a\u00f1o 2025.\" src=\"https:\/\/imagenes.hoy.com.do\/uploads\/2026\/03\/13\/69b4b1531a334.jpeg\"\/>\n                <\/picture>\n            <\/a><br \/>\n        <\/figure>\n<\/article>\n<\/div>\n<p class=\"paragraph\">Los m\u00e9dicos del capit\u00e1n de la reserva del Ej\u00e9rcito agregaron que Bolsonaro permanece ingresado en una unidad de cuidados intensivos debido a la gravedad de sus problemas y que no a\u00fan no hay previsi\u00f3n de alta m\u00e9dica.<\/p>\n<p class=\"paragraph\">La bronconeumon\u00eda bacteriana del exmandatario de 70 a\u00f1os es tratada por ahora con antibi\u00f3ticos y el expresidente es hidratado por v\u00eda endovenosa y sometido a fisioterapia respiratoria y motora en el hospital.<\/p>\n<p class=\"paragraph\">Los m\u00e9dicos afirmaron igualmente que adoptaron medidas preventivas para evitar que el paciente sufra una trombosis venosa.<\/p>\n<p class=\"paragraph\">El exmandatario tuvo que ser transferido el viernes al hospital tras presentar un cuadro &#8220;grave&#8221; de fiebre, escalofr\u00edos &#8220;muy intensos&#8221;, episodios de v\u00f3mitos y dificultades para respirar en la celda en la que est\u00e1 recluido desde enero en el Complejo Penitenciario de Papuda, en Brasilia.<\/p>\n<p class=\"paragraph\">La bronconeumon\u00eda fue causada por una bacteria que se instal\u00f3 en los dos pulmones, con mayor afectaci\u00f3n en el izquierdo, como consecuencia probablemente de una broncoaspiraci\u00f3n, es decir del paso accidental de l\u00edquidos del sistema digestivo a las v\u00edas respiratorias.<\/p>\n<p class=\"paragraph\">Bolsonaro cumple desde noviembre pasado una condena de 27 a\u00f1os de c\u00e1rcel por &#8220;liderar&#8221; una trama golpista para &#8220;perpetuarse en el poder&#8221;, tras perder las elecciones de 2022 ante el actual presidente, Luiz In\u00e1cio Lula da Silva, seg\u00fan la sentencia dictada por la Corte Suprema.<\/p>\n<p class=\"paragraph\">Durante su reclusi\u00f3n, primero en una comisar\u00eda y despu\u00e9s en un centro penitenciario, ha tenido que ser trasladado al hospital diversas veces por variados problemas de salud, como crisis de hipo, v\u00f3mitos y mareos.<\/p>\n<p class=\"paragraph\">Sus recurrentes problemas de salud son atribuidos a complicaciones por las heridas en el abdomen que sufri\u00f3 en el atentado con cuchillo del que fue v\u00edctima en 2018, durante la campa\u00f1a presidencial de ese a\u00f1o.<\/p>\n<p class=\"paragraph\">Desde entonces ha sido sometido a varias hospitalizaciones y procedimientos m\u00e9dicos para tratar complicaciones derivadas de la agresi\u00f3n.<\/p>\n<p class=\"paragraph\">Esta es la primera hospitalizaci\u00f3n de Bolsonaro desde que el 15 de enero comenz\u00f3 a cumplir su condena por intento de golpe de Estado en el Complejo Penitenciario de Papuda.<\/p>\n<p class=\"paragraph\">La \u00faltima vez que estuvo hospitalizado fue cuando estaba preso en una celda especial en la sede de la Polic\u00eda Federal en Brasilia. En esa ocasi\u00f3n fue sometido a cuatro cirug\u00edas y permaneci\u00f3 internado entre el 24 de diciembre de 2025 y el 1 de enero de este a\u00f1o.<\/p>\n<p class=\"paragraph\">Los familiares y abogados de Bolsonaro aprovecharon la nueva hospitalizaci\u00f3n para insistir en que, por razones humanitarias, la Corte Suprema le conceda el beneficio de la prisi\u00f3n domiciliar, algo que el tribunal ha negado en diferentes oportunidades.<\/p>\n<p class=\"paragraph\">&#8220;Est\u00e1n jugando con la vida de mi padre. No pueden quedarse con esa posici\u00f3n de que se trata de alg\u00fan tipo de melindre o con la paranoia de que \u00e9l puede fugarse&#8221;, afirm\u00f3 el senador Fl\u00e1vio Bolsonaro, el hijo mayor del expresidente y que es considerado como el principal rival de Lula en las presidenciales de octubre pr\u00f3xim<\/p>\n<\/div>\n","protected":false},"excerpt":{"rendered":"<p>El expresidente brasile\u00f1o Jair Bolsonaro, que cumple una condena de 27 a\u00f1os de prisi\u00f3n por golpismo, est\u00e1 &#8220;estable&#8221; tras haber sido hospitalizado el viernes por una bronconeumon\u00eda bacteriana, pese al agravamiento de su funci\u00f3n renal y del proceso inflamatorio, informaron este s\u00e1bado sus m\u00e9dicos. El l\u00edder de la ultraderecha brasile\u00f1a &#8220;se encuentra estable cl\u00ednicamente, pero<\/p>\n","protected":false},"author":1,"featured_media":27653,"comment_status":"open","ping_status":"open","sticky":false,"template":"","format":"standard","meta":{"footnotes":""},"categories":[3],"tags":[],"class_list":["post-27652","post","type-post","status-publish","format-standard","has-post-thumbnail","hentry","category-internacionales"],"_links":{"self":[{"href":"https:\/\/acronoticias.com\/index.php\/wp-json\/wp\/v2\/posts\/27652","targetHints":{"allow":["GET"]}}],"collection":[{"href":"https:\/\/acronoticias.com\/index.php\/wp-json\/wp\/v2\/posts"}],"about":[{"href":"https:\/\/acronoticias.com\/index.php\/wp-json\/wp\/v2\/types\/post"}],"author":[{"embeddable":true,"href":"https:\/\/acronoticias.com\/index.php\/wp-json\/wp\/v2\/users\/1"}],"replies":[{"embeddable":true,"href":"https:\/\/acronoticias.com\/index.php\/wp-json\/wp\/v2\/comments?post=27652"}],"version-history":[{"count":0,"href":"https:\/\/acronoticias.com\/index.php\/wp-json\/wp\/v2\/posts\/27652\/revisions"}],"wp:featuredmedia":[{"embeddable":true,"href":"https:\/\/acronoticias.com\/index.php\/wp-json\/wp\/v2\/media\/27653"}],"wp:attachment":[{"href":"https:\/\/acronoticias.com\/index.php\/wp-json\/wp\/v2\/media?parent=27652"}],"wp:term":[{"taxonomy":"category","embeddable":true,"href":"https:\/\/acronoticias.com\/index.php\/wp-json\/wp\/v2\/categories?post=27652"},{"taxonomy":"post_tag","embeddable":true,"href":"https:\/\/acronoticias.com\/index.php\/wp-json\/wp\/v2\/tags?post=27652"}],"curies":[{"name":"wp","href":"https:\/\/api.w.org\/{rel}","templated":true}]}}