{"id":27649,"date":"2026-03-14T19:52:39","date_gmt":"2026-03-14T19:52:39","guid":{"rendered":"https:\/\/acronoticias.com\/index.php\/2026\/03\/14\/reconocen-a-raquel-pena-y-a-cinco-medicas-con-premio-a-la-excelencia-femenina-en-salud\/"},"modified":"2026-03-14T19:52:39","modified_gmt":"2026-03-14T19:52:39","slug":"reconocen-a-raquel-pena-y-a-cinco-medicas-con-premio-a-la-excelencia-femenina-en-salud","status":"publish","type":"post","link":"https:\/\/acronoticias.com\/index.php\/2026\/03\/14\/reconocen-a-raquel-pena-y-a-cinco-medicas-con-premio-a-la-excelencia-femenina-en-salud\/","title":{"rendered":"Reconocen a Raquel Pe\u00f1a y a cinco m\u00e9dicas con premio a la excelencia femenina en salud"},"content":{"rendered":"<p><img decoding=\"async\" width=\"355\" height=\"200\" src=\"https:\/\/nuevodiario-assets.s3.us-east-2.amazonaws.com\/wp-content\/uploads\/2026\/03\/Reconocen-a-Raquel-Pena-y-a-cinco-doctoras-con-el-Premio-Armida-Garcia-a-la-excelencia-femenina-en-salud-355x200.png\" class=\"webfeedsFeaturedVisual not-transparent wp-post-image\" alt=\"\" style=\"--dominant-color: #9e9c96;margin-bottom: 5px;clear:both;max-width: 100%\" loading=\"lazy\" data-has-transparency=\"false\" data-dominant-color=\"9e9c96\" \/><\/p>\n<p>EL NUEVO DIARIO, SANTIAGO.- La vicepresidenta de la Rep\u00fablica, Raquel Pe\u00f1a, y otras cinco profesionales del sector salud fueron reconocidas con el Premio Armida Garc\u00eda a la excelencia femenina en salud, otorgado por el Colegio M\u00e9dico Dominicano (CMD), filial Santiago, por su trayectoria, aportes y liderazgo en el \u00e1mbito.<\/p>\n<p>Durante el acto, la vicemandataria expres\u00f3 que este reconocimiento tambi\u00e9n invita a valorar el legado de mujeres cuya trayectoria ha contribuido al desarrollo del sistema de salud en Santiago y en todo el pa\u00eds.<\/p>\n<p>\u201cEste premio nos conecta con el presente, porque hoy las mujeres siguen siendo un pilar esencial del sector salud\u201d, expres\u00f3 Pe\u00f1a.<\/p>\n<p><img loading=\"lazy\" decoding=\"async\" data-recalc-dims=\"1\" data-dominant-color=\"827f84\" data-has-transparency=\"false\" style=\"--dominant-color: #827f84\" class=\"alignnone wp-image-3048840 size-full not-transparent\" src=\"https:\/\/i0.wp.com\/nuevodiario-assets.s3.us-east-2.amazonaws.com\/wp-content\/uploads\/2026\/03\/CMDenSantiago.png?resize=640%2C404&#038;quality=100&#038;ssl=1\" alt=\"\" width=\"640\" height=\"404\" \/><\/p>\n<p>En ese contexto, la vicepresidenta se\u00f1al\u00f3 que, seg\u00fan el Primer Censo de Recursos Humanos en Salud, el 81.1 % del personal sanitario de la Rep\u00fablica Dominicana est\u00e1 conformado por mujeres.<\/p>\n<p>Pe\u00f1a destac\u00f3 el rol fundamental que han desempe\u00f1ado en los avances que hoy exhibe el sistema de salud, contribuyendo a su transformaci\u00f3n y al posicionamiento del pa\u00eds en el \u00e1mbito sanitario internacional.<\/p>\n<p>Adem\u00e1s de la vicepresidenta, tambi\u00e9n fueron reconocidas las doctoras Dharuelly D\u2019Aza, Javiela Tejada, Cinthia N\u00fa\u00f1ez, Renata Quintana y Zunilda N\u00fa\u00f1ez.<\/p>\n<figure id=\"attachment_3048837\" aria-describedby=\"caption-attachment-3048837\" style=\"width: 668px\" class=\"wp-caption alignnone\"><img loading=\"lazy\" decoding=\"async\" data-recalc-dims=\"1\" data-dominant-color=\"948984\" data-has-transparency=\"false\" style=\"--dominant-color: #948984\" class=\"wp-image-3048837 size-full not-transparent\" src=\"https:\/\/i0.wp.com\/nuevodiario-assets.s3.us-east-2.amazonaws.com\/wp-content\/uploads\/2026\/03\/Vicepresidenta.png?resize=640%2C404&#038;quality=100&#038;ssl=1\" alt=\"\" width=\"640\" height=\"404\" \/><figcaption id=\"caption-attachment-3048837\" class=\"wp-caption-text\">Vicepresidenta Raquel Pe\u00f1a.-<\/figcaption><\/figure>\n<p>Por su parte, la presidenta del Colegio M\u00e9dico Dominicano en Santiago, Pen\u00e9lope G\u00f3mez, explic\u00f3 que el galard\u00f3n fue instituido con el prop\u00f3sito de reconocer la trayectoria, la dedicaci\u00f3n y el compromiso de mujeres destacadas en el \u00e1mbito de la salud.<\/p>\n<p>Asimismo, indic\u00f3 que el premio lleva el nombre de la doctora Armida Garc\u00eda, en homenaje a su resiliencia, su trayectoria profesional y sus aportes al sector sanitario.<\/p>\n<p>&nbsp;<\/p>\n<p>&nbsp;<\/p>\n<p>La entrada <a href=\"https:\/\/elnuevodiario.com.do\/reconocen-a-raquel-pena-y-a-cinco-medicas-con-premio-a-la-excelencia-femenina-en-salud\/\">Reconocen a Raquel Pe\u00f1a y a cinco m\u00e9dicas con premio a la excelencia femenina en salud<\/a> se public\u00f3 primero en <a href=\"https:\/\/elnuevodiario.com.do\">El Nuevo Diario (Rep\u00fablica Dominicana)<\/a>.<\/p>\n","protected":false},"excerpt":{"rendered":"<p>EL NUEVO DIARIO, SANTIAGO.- La vicepresidenta de la Rep\u00fablica, Raquel Pe\u00f1a, y otras cinco profesionales del sector salud fueron reconocidas con el Premio Armida Garc\u00eda a la excelencia femenina en salud, otorgado por el Colegio M\u00e9dico Dominicano (CMD), filial Santiago, por su trayectoria, aportes y liderazgo en el \u00e1mbito. Durante el acto, la vicemandataria expres\u00f3<\/p>\n","protected":false},"author":1,"featured_media":27650,"comment_status":"open","ping_status":"open","sticky":false,"template":"","format":"standard","meta":{"footnotes":""},"categories":[1],"tags":[],"class_list":["post-27649","post","type-post","status-publish","format-standard","has-post-thumbnail","hentry","category-nacionales"],"_links":{"self":[{"href":"https:\/\/acronoticias.com\/index.php\/wp-json\/wp\/v2\/posts\/27649","targetHints":{"allow":["GET"]}}],"collection":[{"href":"https:\/\/acronoticias.com\/index.php\/wp-json\/wp\/v2\/posts"}],"about":[{"href":"https:\/\/acronoticias.com\/index.php\/wp-json\/wp\/v2\/types\/post"}],"author":[{"embeddable":true,"href":"https:\/\/acronoticias.com\/index.php\/wp-json\/wp\/v2\/users\/1"}],"replies":[{"embeddable":true,"href":"https:\/\/acronoticias.com\/index.php\/wp-json\/wp\/v2\/comments?post=27649"}],"version-history":[{"count":0,"href":"https:\/\/acronoticias.com\/index.php\/wp-json\/wp\/v2\/posts\/27649\/revisions"}],"wp:featuredmedia":[{"embeddable":true,"href":"https:\/\/acronoticias.com\/index.php\/wp-json\/wp\/v2\/media\/27650"}],"wp:attachment":[{"href":"https:\/\/acronoticias.com\/index.php\/wp-json\/wp\/v2\/media?parent=27649"}],"wp:term":[{"taxonomy":"category","embeddable":true,"href":"https:\/\/acronoticias.com\/index.php\/wp-json\/wp\/v2\/categories?post=27649"},{"taxonomy":"post_tag","embeddable":true,"href":"https:\/\/acronoticias.com\/index.php\/wp-json\/wp\/v2\/tags?post=27649"}],"curies":[{"name":"wp","href":"https:\/\/api.w.org\/{rel}","templated":true}]}}