{"id":27645,"date":"2026-03-14T19:19:48","date_gmt":"2026-03-14T19:19:48","guid":{"rendered":"https:\/\/acronoticias.com\/index.php\/2026\/03\/14\/myrka-dellanos-revela-cirugia-por-cancer-de-piel-y-agradece-a-dios-por-su-recuperacion\/"},"modified":"2026-03-14T19:19:48","modified_gmt":"2026-03-14T19:19:48","slug":"myrka-dellanos-revela-cirugia-por-cancer-de-piel-y-agradece-a-dios-por-su-recuperacion","status":"publish","type":"post","link":"https:\/\/acronoticias.com\/index.php\/2026\/03\/14\/myrka-dellanos-revela-cirugia-por-cancer-de-piel-y-agradece-a-dios-por-su-recuperacion\/","title":{"rendered":"Myrka Dellanos revela cirug\u00eda por c\u00e1ncer de piel y agradece a Dios por su recuperaci\u00f3n"},"content":{"rendered":"<div>\n<div class=\"c-detail__author full\">\n<div>\n<div class=\"c-detail__author__thumb\">\n<figure>\n                                <picture src=\"https:\/\/imagenes.hoy.com.do\/files\/image_square_xs\/uploads\/2025\/11\/07\/690dd0632c2cb.jpeg\" data-size=\"w:40,h:40\">\n                                    <img decoding=\"async\" loading=\"lazy\" alt=\"Lency Alc\u00e1ntara\" width=\"40\" height=\"40\" src=\"https:\/\/imagenes.hoy.com.do\/files\/image_square_xs\/uploads\/2025\/11\/07\/690dd0632c2cb.jpeg\"\/>\n                                <\/picture>\n                                <\/figure>\n<\/div>\n<\/div>\n<\/div>\n<p>                                                                                            <!-- --><\/p>\n<p class=\"paragraph\">La periodista y presentadora <b>Myrka Dellanos <\/b>revel\u00f3 en sus redes sociales que recientemente fue diagnosticada con c\u00e1ncer de piel que afect\u00f3 su oreja y o\u00eddo.<\/p>\n<p class=\"paragraph\">\u00a0El pasado martes se someti\u00f3 a una cirug\u00eda en la que los m\u00e9dicos lograron remover el tumor y colocarle un injerto de piel.<\/p>\n<p class=\"paragraph\">Dellanos expres\u00f3 su gratitud: \u201cPrimero que todo, gracias Jes\u00fas. Estoy agradecida con Dios que ya todo est\u00e1 fuera y creyendo en fe que jam\u00e1s regresar\u00e1\u201d.<\/p>\n<div class=\"c-detail__box \">\n<article class=\"c-detail__sumario \">\n<figure class=\"c-detail__sumario__thumb\" style=\"display: block;\">\n            <a href=\"#\" title=\"\">\n                <picture data-size=\"w:140,h:140\" loading=\"lazy\" src=\"https:\/\/imagenes.hoy.com.do\/files\/related_image\/uploads\/2025\/11\/05\/690bc185681bf.jpeg\" data-full-src=\"https:\/\/imagenes.hoy.com.do\/uploads\/2025\/11\/05\/690bc185681bf.jpeg\">\n                    <img loading=\"lazy\" decoding=\"async\" width=\"140\" height=\"140\" alt=\"Miss Universo: \u00bfQui\u00e9nes forman parte del jurado?\" src=\"https:\/\/imagenes.hoy.com.do\/uploads\/2025\/11\/05\/690bc185681bf.jpeg\"\/>\n                <\/picture>\n            <\/a><br \/>\n        <\/figure>\n<\/article>\n<\/div>\n<p class=\"paragraph\">Seg\u00fan explic\u00f3, los especialistas le advirtieron que este tipo de c\u00e1ncer puede reaparecer en un 40% de los casos, por lo que deber\u00e1 extremar cuidados.\u00a0<\/p>\n<p class=\"paragraph\">Como parte de su recuperaci\u00f3n, ha iniciado un protocolo especial que incluye reducir el consumo de az\u00facar, aumentar la ingesta de prote\u00ednas y mantener siempre protecci\u00f3n solar.<\/p>\n<p class=\"paragraph\">Con firmeza y esperanza, Dellanos concluy\u00f3: \u201cNo importa lo que pase, Dios es siempre bueno y ning\u00fan arma forjada contra m\u00ed prosperar\u00e1\u201d.<\/p>\n<\/div>\n","protected":false},"excerpt":{"rendered":"<p>La periodista y presentadora Myrka Dellanos revel\u00f3 en sus redes sociales que recientemente fue diagnosticada con c\u00e1ncer de piel que afect\u00f3 su oreja y o\u00eddo. \u00a0El pasado martes se someti\u00f3 a una cirug\u00eda en la que los m\u00e9dicos lograron remover el tumor y colocarle un injerto de piel. Dellanos expres\u00f3 su gratitud: \u201cPrimero que todo,<\/p>\n","protected":false},"author":1,"featured_media":27646,"comment_status":"open","ping_status":"open","sticky":false,"template":"","format":"standard","meta":{"footnotes":""},"categories":[3],"tags":[],"class_list":["post-27645","post","type-post","status-publish","format-standard","has-post-thumbnail","hentry","category-internacionales"],"_links":{"self":[{"href":"https:\/\/acronoticias.com\/index.php\/wp-json\/wp\/v2\/posts\/27645","targetHints":{"allow":["GET"]}}],"collection":[{"href":"https:\/\/acronoticias.com\/index.php\/wp-json\/wp\/v2\/posts"}],"about":[{"href":"https:\/\/acronoticias.com\/index.php\/wp-json\/wp\/v2\/types\/post"}],"author":[{"embeddable":true,"href":"https:\/\/acronoticias.com\/index.php\/wp-json\/wp\/v2\/users\/1"}],"replies":[{"embeddable":true,"href":"https:\/\/acronoticias.com\/index.php\/wp-json\/wp\/v2\/comments?post=27645"}],"version-history":[{"count":0,"href":"https:\/\/acronoticias.com\/index.php\/wp-json\/wp\/v2\/posts\/27645\/revisions"}],"wp:featuredmedia":[{"embeddable":true,"href":"https:\/\/acronoticias.com\/index.php\/wp-json\/wp\/v2\/media\/27646"}],"wp:attachment":[{"href":"https:\/\/acronoticias.com\/index.php\/wp-json\/wp\/v2\/media?parent=27645"}],"wp:term":[{"taxonomy":"category","embeddable":true,"href":"https:\/\/acronoticias.com\/index.php\/wp-json\/wp\/v2\/categories?post=27645"},{"taxonomy":"post_tag","embeddable":true,"href":"https:\/\/acronoticias.com\/index.php\/wp-json\/wp\/v2\/tags?post=27645"}],"curies":[{"name":"wp","href":"https:\/\/api.w.org\/{rel}","templated":true}]}}