{"id":27639,"date":"2026-03-14T18:18:54","date_gmt":"2026-03-14T18:18:54","guid":{"rendered":"https:\/\/acronoticias.com\/index.php\/2026\/03\/14\/machado-acusa-al-gobierno-de-rodriguez-de-prolongar-el-terror\/"},"modified":"2026-03-14T18:18:54","modified_gmt":"2026-03-14T18:18:54","slug":"machado-acusa-al-gobierno-de-rodriguez-de-prolongar-el-terror","status":"publish","type":"post","link":"https:\/\/acronoticias.com\/index.php\/2026\/03\/14\/machado-acusa-al-gobierno-de-rodriguez-de-prolongar-el-terror\/","title":{"rendered":"Machado acusa al gobierno de Rodr\u00edguez de \u201cprolongar el terror\u201d"},"content":{"rendered":"<p><img decoding=\"async\" width=\"355\" height=\"200\" src=\"https:\/\/nuevodiario-assets.s3.us-east-2.amazonaws.com\/wp-content\/uploads\/2026\/03\/Machado-acusa-al-gobierno-de-Rodriguez-de-prolongar-el-terror-355x200.jpg\" class=\"webfeedsFeaturedVisual not-transparent wp-post-image\" alt=\"\" style=\"--dominant-color: #8d7872;margin-bottom: 5px;clear:both;max-width: 100%\" loading=\"lazy\" data-has-transparency=\"false\" data-dominant-color=\"8d7872\" \/><\/p>\n<p class=\"isSelectedEnd\"><strong>CARACAS.\u2013<\/strong> La l\u00edder opositora venezolana <strong>Mar\u00eda Corina Machado<\/strong> denunci\u00f3 este s\u00e1bado que el Gobierno de la presidenta encargada <strong>Delcy Rodr\u00edguez<\/strong> \u201cpretende prolongar el terror\u201d, luego de que un tribunal negara la amnist\u00eda a <strong>Perkins Rocha<\/strong>, asesor jur\u00eddico de la principal coalici\u00f3n antichavista y cercano colaborador de la exdiputada.<\/p>\n<p class=\"isSelectedEnd\">Machado reaccion\u00f3 a la decisi\u00f3n judicial a trav\u00e9s de la red social X, donde afirm\u00f3 que la negativa selectiva a conceder amnist\u00eda constituye un acto de represi\u00f3n. \u201cEl r\u00e9gimen encabezado por Delcy Rodr\u00edguez pretende prolongar el terror para quebrar la moral de quienes luchan por la democracia y la libertad en Venezuela, que ya est\u00e1n tan cerca. \u00bfSaben qu\u00e9? No podr\u00e1n\u201d, expres\u00f3.<\/p>\n<p class=\"isSelectedEnd\">La dirigente opositora, quien recientemente visit\u00f3 Chile para asistir a la investidura del presidente <strong>Jos\u00e9 Antonio Kast<\/strong>, sostuvo que el pa\u00eds ha avanzado en su proceso hacia la libertad y que la presi\u00f3n ciudadana contin\u00faa creciendo.<\/p>\n<h3 class=\"isSelectedEnd\"><strong>Crece la tensi\u00f3n pol\u00edtica en Venezuela<\/strong><\/h3>\n<p class=\"isSelectedEnd\">Seg\u00fan Machado, cada acci\u00f3n del Gobierno fortalece la determinaci\u00f3n de los venezolanos dentro y fuera del pa\u00eds. \u201cHoy, con cada abuso del r\u00e9gimen no nos paralizan, sino que se fortalece la convicci\u00f3n de que este proceso es indetenible. Es muy emocionante ver c\u00f3mo los venezolanos recuperan su voz y los espacios secuestrados\u201d, afirm\u00f3.<\/p>\n<p class=\"isSelectedEnd\">La l\u00edder opositora tambi\u00e9n defendi\u00f3 la trayectoria de Rocha, a quien calific\u00f3 como \u201cun ciudadano ejemplar, un hombre valiente y un extraordinario jurista\u201d. Record\u00f3 que el abogado fue detenido durante 17 meses y que actualmente permanece bajo arresto domiciliario con un grillete electr\u00f3nico.<\/p>\n<p class=\"isSelectedEnd\">\u201cLo secuestraron por la potencia y precisi\u00f3n de su palabra, por decir y defender la verdad. Hoy sigue preso en su casa y le niegan la amnist\u00eda\u201d, sostuvo Machado.<\/p>\n<h3 class=\"isSelectedEnd\"><strong>Llamado a la comunidad internacional<\/strong><\/h3>\n<p class=\"isSelectedEnd\">La dirigente hizo un llamado a la comunidad internacional para que se mantenga alerta ante lo que considera pr\u00e1cticas represivas del Gobierno venezolano. Asimismo, pidi\u00f3 acompa\u00f1ar las denuncias de familiares y organizaciones de derechos humanos y aumentar la presi\u00f3n para lograr la liberaci\u00f3n de los presos pol\u00edticos.<\/p>\n<p class=\"isSelectedEnd\">\u201cPerkins Rocha y todos los presos pol\u00edticos deben estar plenamente libres. No excarcelados ni sometidos a procesos judiciales, sino libres\u201d, afirm\u00f3.<\/p>\n<p class=\"isSelectedEnd\">Rocha denunci\u00f3 que un tribunal con competencia en casos de terrorismo rechaz\u00f3 su solicitud de amnist\u00eda presentada en febrero, al considerar que su caso est\u00e1 excluido de la ley aprobada por el Parlamento. Su defensa anunci\u00f3 que apelar\u00e1 la decisi\u00f3n por considerar que existe un error en la interpretaci\u00f3n de la norma. ()<\/p>\n<p>El abogado fue uno de los cr\u00edticos m\u00e1s firmes del Consejo Nacional Electoral, al cuestionar la proclamaci\u00f3n de <strong>Nicol\u00e1s Maduro<\/strong> como ganador de las elecciones presidenciales de 2024 sin la publicaci\u00f3n detallada de los resultados.<\/p>\n<p>La entrada <a href=\"https:\/\/elnuevodiario.com.do\/machado-acusa-al-gobierno-de-rodriguez-de-prolongar-el-terror\/\">Machado acusa al gobierno de Rodr\u00edguez de \u201cprolongar el terror\u201d<\/a> se public\u00f3 primero en <a href=\"https:\/\/elnuevodiario.com.do\">El Nuevo Diario (Rep\u00fablica Dominicana)<\/a>.<\/p>\n","protected":false},"excerpt":{"rendered":"<p>CARACAS.\u2013 La l\u00edder opositora venezolana Mar\u00eda Corina Machado denunci\u00f3 este s\u00e1bado que el Gobierno de la presidenta encargada Delcy Rodr\u00edguez \u201cpretende prolongar el terror\u201d, luego de que un tribunal negara la amnist\u00eda a Perkins Rocha, asesor jur\u00eddico de la principal coalici\u00f3n antichavista y cercano colaborador de la exdiputada. Machado reaccion\u00f3 a la decisi\u00f3n judicial a<\/p>\n","protected":false},"author":1,"featured_media":27640,"comment_status":"open","ping_status":"open","sticky":false,"template":"","format":"standard","meta":{"footnotes":""},"categories":[3],"tags":[],"class_list":["post-27639","post","type-post","status-publish","format-standard","has-post-thumbnail","hentry","category-internacionales"],"_links":{"self":[{"href":"https:\/\/acronoticias.com\/index.php\/wp-json\/wp\/v2\/posts\/27639","targetHints":{"allow":["GET"]}}],"collection":[{"href":"https:\/\/acronoticias.com\/index.php\/wp-json\/wp\/v2\/posts"}],"about":[{"href":"https:\/\/acronoticias.com\/index.php\/wp-json\/wp\/v2\/types\/post"}],"author":[{"embeddable":true,"href":"https:\/\/acronoticias.com\/index.php\/wp-json\/wp\/v2\/users\/1"}],"replies":[{"embeddable":true,"href":"https:\/\/acronoticias.com\/index.php\/wp-json\/wp\/v2\/comments?post=27639"}],"version-history":[{"count":0,"href":"https:\/\/acronoticias.com\/index.php\/wp-json\/wp\/v2\/posts\/27639\/revisions"}],"wp:featuredmedia":[{"embeddable":true,"href":"https:\/\/acronoticias.com\/index.php\/wp-json\/wp\/v2\/media\/27640"}],"wp:attachment":[{"href":"https:\/\/acronoticias.com\/index.php\/wp-json\/wp\/v2\/media?parent=27639"}],"wp:term":[{"taxonomy":"category","embeddable":true,"href":"https:\/\/acronoticias.com\/index.php\/wp-json\/wp\/v2\/categories?post=27639"},{"taxonomy":"post_tag","embeddable":true,"href":"https:\/\/acronoticias.com\/index.php\/wp-json\/wp\/v2\/tags?post=27639"}],"curies":[{"name":"wp","href":"https:\/\/api.w.org\/{rel}","templated":true}]}}